{"id":102461,"date":"2016-07-30T08:11:38","date_gmt":"2016-07-30T11:11:38","guid":{"rendered":"http:\/\/www.r2cpress.com.br\/v1\/?p=102461"},"modified":"2016-07-30T08:11:38","modified_gmt":"2016-07-30T11:11:38","slug":"opus-dei-94","status":"publish","type":"post","link":"https:\/\/www.r2cpress.com.br\/v1\/2016\/07\/30\/opus-dei-94\/","title":{"rendered":"OPUS DEI"},"content":{"rendered":"<table id=\"yui_3_16_0_ym19_1_1469876265275_6952\" border=\"0\" width=\"100%\" cellspacing=\"0\" cellpadding=\"0\" align=\"center\" bgcolor=\"#ffffff\">\n<tbody id=\"yui_3_16_0_ym19_1_1469876265275_6951\">\n<tr id=\"yui_3_16_0_ym19_1_1469876265275_7009\">\n<td id=\"yui_3_16_0_ym19_1_1469876265275_7008\" valign=\"middle\" bgcolor=\"#efede7\" width=\"100%\" height=\"70\">\n<table id=\"yui_3_16_0_ym19_1_1469876265275_7016\" border=\"0\" width=\"92%\" cellspacing=\"0\" cellpadding=\"0\" align=\"center\" bgcolor=\"#efede7\">\n<tbody id=\"yui_3_16_0_ym19_1_1469876265275_7015\">\n<tr id=\"yui_3_16_0_ym19_1_1469876265275_7014\">\n<td id=\"yui_3_16_0_ym19_1_1469876265275_7013\" align=\"left\" valign=\"middle\" bgcolor=\"#efede7\" width=\"60%\"><a id=\"yui_3_16_0_ym19_1_1469876265275_7012\" href=\"http:\/\/opusdei.us7.list-manage1.com\/track\/click?u=1af5d7b530cb590152589eba5&amp;id=f39f5f0410&amp;e=f88f8593e5\" target=\"_blank\" rel=\"nofollow\"><img id=\"yui_3_16_0_ym19_1_1469876265275_7011\" src=\"http:\/\/odnmedia.s3.amazonaws.com\/static\/images\/newsletter\/logo.gif\" alt=\"Opus Dei\" border=\"0\" \/><\/a><\/td>\n<td bgcolor=\"#efede7\" width=\"4%\"><\/td>\n<td align=\"right\" valign=\"middle\" bgcolor=\"#efede7\" width=\"36%\"><a href=\"http:\/\/opusdei.us7.list-manage1.com\/track\/click?u=1af5d7b530cb590152589eba5&amp;id=a5c56b91cc&amp;e=f88f8593e5\" target=\"_blank\" rel=\"nofollow\"><img src=\"http:\/\/odnmedia.s3.amazonaws.com\/static\/images\/newsletter\/youtube.gif\" alt=\"youtube\" border=\"0\" \/><\/a> <a href=\"http:\/\/opusdei.us7.list-manage.com\/track\/click?u=1af5d7b530cb590152589eba5&amp;id=15b753fbcc&amp;e=f88f8593e5\" target=\"_blank\" rel=\"nofollow\"><img src=\"http:\/\/odnmedia.s3.amazonaws.com\/static\/images\/newsletter\/flickr.gif\" alt=\"flickr\" border=\"0\" \/><\/a><\/td>\n<\/tr>\n<\/tbody>\n<\/table>\n<\/td>\n<\/tr>\n<tr id=\"yui_3_16_0_ym19_1_1469876265275_6950\">\n<td id=\"yui_3_16_0_ym19_1_1469876265275_6949\" valign=\"top\" width=\"100%\">\n<table id=\"yui_3_16_0_ym19_1_1469876265275_6948\" border=\"0\" width=\"92%\" cellspacing=\"0\" cellpadding=\"0\" align=\"center\">\n<tbody id=\"yui_3_16_0_ym19_1_1469876265275_6947\">\n<tr id=\"yui_3_16_0_ym19_1_1469876265275_7005\">\n<td id=\"yui_3_16_0_ym19_1_1469876265275_7004\" valign=\"top\" width=\"100%\"><i id=\"yui_3_16_0_ym19_1_1469876265275_7003\">29 de Julho de 2016<\/i><\/td>\n<\/tr>\n<tr id=\"yui_3_16_0_ym19_1_1469876265275_6946\">\n<td id=\"yui_3_16_0_ym19_1_1469876265275_6945\" height=\"29\"><\/td>\n<\/tr>\n<tr id=\"yui_3_16_0_ym19_1_1469876265275_7031\">\n<td id=\"yui_3_16_0_ym19_1_1469876265275_7030\" valign=\"top\" width=\"100%\">\n<table id=\"yui_3_16_0_ym19_1_1469876265275_7029\" border=\"0\" width=\"100%\" cellspacing=\"0\" cellpadding=\"0\">\n<tbody id=\"yui_3_16_0_ym19_1_1469876265275_7028\">\n<tr id=\"yui_3_16_0_ym19_1_1469876265275_7027\">\n<td align=\"right\" valign=\"top\" width=\"30%\"><a href=\"http:\/\/opusdei.us7.list-manage2.com\/track\/click?u=1af5d7b530cb590152589eba5&amp;id=91565c22a7&amp;e=f88f8593e5\" target=\"_blank\" rel=\"nofollow\"><img src=\"http:\/\/odnmedia.s3.amazonaws.com\/image\/1065126_20160729201022856323.jpeg\" alt=\"\" width=\"96\" border=\"0\" \/><\/a><\/td>\n<td width=\"4%\"><\/td>\n<td id=\"yui_3_16_0_ym19_1_1469876265275_7026\" valign=\"top\" width=\"66%\">\n<table id=\"yui_3_16_0_ym19_1_1469876265275_7025\" border=\"0\" width=\"100%\" cellspacing=\"0\" cellpadding=\"0\">\n<tbody id=\"yui_3_16_0_ym19_1_1469876265275_7024\">\n<tr id=\"yui_3_16_0_ym19_1_1469876265275_7023\">\n<td id=\"yui_3_16_0_ym19_1_1469876265275_7022\" valign=\"top\"><a href=\"http:\/\/opusdei.us7.list-manage.com\/track\/click?u=1af5d7b530cb590152589eba5&amp;id=58d5c93b9e&amp;e=f88f8593e5\" target=\"_blank\" rel=\"nofollow\"><b>PAPA<\/b><\/a><\/td>\n<\/tr>\n<tr id=\"yui_3_16_0_ym19_1_1469876265275_7036\">\n<td id=\"yui_3_16_0_ym19_1_1469876265275_7035\" valign=\"top\"><a id=\"yui_3_16_0_ym19_1_1469876265275_7034\" href=\"http:\/\/opusdei.us7.list-manage.com\/track\/click?u=1af5d7b530cb590152589eba5&amp;id=f4a6d69036&amp;e=f88f8593e5\" target=\"_blank\" rel=\"nofollow\"><b id=\"yui_3_16_0_ym19_1_1469876265275_7033\">Visitas de Papa Francisco durante a JMJ 2016<\/b><\/a><\/td>\n<\/tr>\n<tr id=\"yui_3_16_0_ym19_1_1469876265275_7040\">\n<td id=\"yui_3_16_0_ym19_1_1469876265275_7039\" valign=\"top\">Durante a sexta-feira (29\/07) da Jornada Mundial da Juventude em Crac\u00f3via, Papa Francisco visitou os campos de Auschwitz, Birkenau, e o hospital pedi\u00e1trico de Prokocim.<\/td>\n<\/tr>\n<\/tbody>\n<\/table>\n<\/td>\n<\/tr>\n<\/tbody>\n<\/table>\n<\/td>\n<\/tr>\n<tr id=\"yui_3_16_0_ym19_1_1469876265275_7044\">\n<td id=\"yui_3_16_0_ym19_1_1469876265275_7043\" height=\"18\"><\/td>\n<\/tr>\n<tr id=\"yui_3_16_0_ym19_1_1469876265275_7055\">\n<td id=\"yui_3_16_0_ym19_1_1469876265275_7054\" valign=\"top\" width=\"100%\">\n<table id=\"yui_3_16_0_ym19_1_1469876265275_7053\" border=\"0\" width=\"100%\" cellspacing=\"0\" cellpadding=\"0\">\n<tbody id=\"yui_3_16_0_ym19_1_1469876265275_7052\">\n<tr id=\"yui_3_16_0_ym19_1_1469876265275_7051\">\n<td align=\"right\" valign=\"top\" width=\"30%\"><a href=\"http:\/\/opusdei.us7.list-manage.com\/track\/click?u=1af5d7b530cb590152589eba5&amp;id=eac6f71d33&amp;e=f88f8593e5\" target=\"_blank\" rel=\"nofollow\"><img src=\"http:\/\/odnmedia.s3.amazonaws.com\/image\/bien4a_20160705112907659283_20160727203619900247.jpg\" alt=\"\" width=\"96\" border=\"0\" \/><\/a><\/td>\n<td width=\"4%\"><\/td>\n<td id=\"yui_3_16_0_ym19_1_1469876265275_7050\" valign=\"top\" width=\"66%\">\n<table id=\"yui_3_16_0_ym19_1_1469876265275_7049\" border=\"0\" width=\"100%\" cellspacing=\"0\" cellpadding=\"0\">\n<tbody id=\"yui_3_16_0_ym19_1_1469876265275_7048\">\n<tr id=\"yui_3_16_0_ym19_1_1469876265275_7047\">\n<td id=\"yui_3_16_0_ym19_1_1469876265275_7046\" valign=\"top\"><a href=\"http:\/\/opusdei.us7.list-manage1.com\/track\/click?u=1af5d7b530cb590152589eba5&amp;id=4a647f48d0&amp;e=f88f8593e5\" target=\"_blank\" rel=\"nofollow\"><b>AS BEM-AVENTURAN\u00c7AS<\/b><\/a><\/td>\n<\/tr>\n<tr id=\"yui_3_16_0_ym19_1_1469876265275_7060\">\n<td id=\"yui_3_16_0_ym19_1_1469876265275_7059\" valign=\"top\"><a id=\"yui_3_16_0_ym19_1_1469876265275_7058\" href=\"http:\/\/opusdei.us7.list-manage1.com\/track\/click?u=1af5d7b530cb590152589eba5&amp;id=0aca89172a&amp;e=f88f8593e5\" target=\"_blank\" rel=\"nofollow\"><b id=\"yui_3_16_0_ym19_1_1469876265275_7057\">As bem aventuran\u00e7as (IV): a revolu\u00e7\u00e3o dos mansos<\/b><\/a><\/td>\n<\/tr>\n<tr>\n<td valign=\"top\">Na terceira bem aventuran\u00e7a, o Senhor convida a cultivar um cora\u00e7\u00e3o manso, disposto a cooperar com Deus com serenidade, humildade e firmeza. Novo artigo dirigido aos jovens.<\/td>\n<\/tr>\n<\/tbody>\n<\/table>\n<\/td>\n<\/tr>\n<\/tbody>\n<\/table>\n<\/td>\n<\/tr>\n<tr>\n<td height=\"18\"><\/td>\n<\/tr>\n<tr>\n<td valign=\"top\" width=\"100%\">\n<table border=\"0\" width=\"100%\" cellspacing=\"0\" cellpadding=\"0\">\n<tbody>\n<tr>\n<td align=\"right\" valign=\"top\" width=\"30%\"><a href=\"http:\/\/opusdei.us7.list-manage1.com\/track\/click?u=1af5d7b530cb590152589eba5&amp;id=4a531d816f&amp;e=f88f8593e5\" target=\"_blank\" rel=\"nofollow\"><img src=\"http:\/\/odnmedia.s3.amazonaws.com\/image\/13653135_10154517657779789_844786958133673184_o_20160729201308118461.jpg\" alt=\"\" width=\"96\" border=\"0\" \/><\/a><\/td>\n<td width=\"4%\"><\/td>\n<td valign=\"top\" width=\"66%\">\n<table border=\"0\" width=\"100%\" cellspacing=\"0\" cellpadding=\"0\">\n<tbody>\n<tr>\n<td valign=\"top\"><a href=\"http:\/\/opusdei.us7.list-manage.com\/track\/click?u=1af5d7b530cb590152589eba5&amp;id=a97855d821&amp;e=f88f8593e5\" target=\"_blank\" rel=\"nofollow\"><b>PAPA<\/b><\/a><\/td>\n<\/tr>\n<tr>\n<td valign=\"top\"><a href=\"http:\/\/opusdei.us7.list-manage.com\/track\/click?u=1af5d7b530cb590152589eba5&amp;id=ce73f7b62e&amp;e=f88f8593e5\" target=\"_blank\" rel=\"nofollow\"><b>Discurso do Papa Francisco na Via Sacra<\/b><\/a><\/td>\n<\/tr>\n<tr>\n<td valign=\"top\">A programa\u00e7\u00e3o desta sexta-feira, 29 de julho, na JMJ 2016, teve a tradicional celebra\u00e7\u00e3o da Via Sacra com o Santo Padre. No final, Papa Francisco falou sobre a miseric\u00f3rdia de Cristo.<\/td>\n<\/tr>\n<\/tbody>\n<\/table>\n<\/td>\n<\/tr>\n<\/tbody>\n<\/table>\n<\/td>\n<\/tr>\n<tr>\n<td height=\"18\"><\/td>\n<\/tr>\n<tr>\n<td valign=\"top\" width=\"100%\">\n<table border=\"0\" width=\"100%\" cellspacing=\"0\" cellpadding=\"0\">\n<tbody>\n<tr>\n<td align=\"right\" valign=\"top\" width=\"30%\"><a href=\"http:\/\/opusdei.us7.list-manage.com\/track\/click?u=1af5d7b530cb590152589eba5&amp;id=c38190c76f&amp;e=f88f8593e5\" target=\"_blank\" rel=\"nofollow\"><img src=\"http:\/\/odnmedia.s3.amazonaws.com\/image\/Sandor-Benke_20160729160434024065.jpg\" alt=\"\" width=\"96\" border=\"0\" \/><\/a><\/td>\n<td width=\"4%\"><\/td>\n<td valign=\"top\" width=\"66%\">\n<table border=\"0\" width=\"100%\" cellspacing=\"0\" cellpadding=\"0\">\n<tbody>\n<tr>\n<td valign=\"top\"><a href=\"http:\/\/opusdei.us7.list-manage.com\/track\/click?u=1af5d7b530cb590152589eba5&amp;id=60b65f6621&amp;e=f88f8593e5\" target=\"_blank\" rel=\"nofollow\"><b>PAPA<\/b><\/a><\/td>\n<\/tr>\n<tr>\n<td valign=\"top\"><a href=\"http:\/\/opusdei.us7.list-manage2.com\/track\/click?u=1af5d7b530cb590152589eba5&amp;id=5e7f8adf90&amp;e=f88f8593e5\" target=\"_blank\" rel=\"nofollow\"><b>Cerim\u00f4nia de boas-vindas: &#8220;A miseric\u00f3rdia tem sempre um rosto jovem&#8221;<\/b><\/a><\/td>\n<\/tr>\n<tr>\n<td valign=\"top\">O ponto alto das atividades do Santo Padre, na tarde desta quinta-feira (28\/7), em terras polonesas, foi a cerim\u00f4nia de boas-vindas no Parque Jordan, na esplanada de B\u0142onia, em Crac\u00f3via. Abaixo, segue o discurso do Papa aos jovens.<\/td>\n<\/tr>\n<\/tbody>\n<\/table>\n<\/td>\n<\/tr>\n<\/tbody>\n<\/table>\n<\/td>\n<\/tr>\n<tr>\n<td height=\"18\"><\/td>\n<\/tr>\n<tr>\n<td valign=\"top\" width=\"100%\">\n<table border=\"0\" width=\"100%\" cellspacing=\"0\" cellpadding=\"0\">\n<tbody>\n<tr>\n<td align=\"right\" valign=\"top\" width=\"30%\"><a href=\"http:\/\/opusdei.us7.list-manage2.com\/track\/click?u=1af5d7b530cb590152589eba5&amp;id=ca8b87c9f9&amp;e=f88f8593e5\" target=\"_blank\" rel=\"nofollow\"><img src=\"http:\/\/odnmedia.s3.amazonaws.com\/image\/jmj_prelado_20160726092726904577.jpg\" alt=\"\" width=\"96\" border=\"0\" \/><\/a><\/td>\n<td width=\"4%\"><\/td>\n<td valign=\"top\" width=\"66%\">\n<table border=\"0\" width=\"100%\" cellspacing=\"0\" cellpadding=\"0\">\n<tbody>\n<tr>\n<td valign=\"top\"><a href=\"http:\/\/opusdei.us7.list-manage.com\/track\/click?u=1af5d7b530cb590152589eba5&amp;id=8af74b637c&amp;e=f88f8593e5\" target=\"_blank\" rel=\"nofollow\"><b>ARTIGOS<\/b><\/a><\/td>\n<\/tr>\n<tr>\n<td valign=\"top\"><a href=\"http:\/\/opusdei.us7.list-manage1.com\/track\/click?u=1af5d7b530cb590152589eba5&amp;id=1b27c00c50&amp;e=f88f8593e5\" target=\"_blank\" rel=\"nofollow\"><b>Aos jovens: \u201cAbram as portas \u00e0 miseric\u00f3rdia\u201d<\/b><\/a><\/td>\n<\/tr>\n<tr>\n<td valign=\"top\">Artigo do Prelado do Opus Dei, por ocasi\u00e3o da Jornada Mundial da Juventude (JMJ), na Pol\u00f4nia.<\/td>\n<\/tr>\n<\/tbody>\n<\/table>\n<\/td>\n<\/tr>\n<\/tbody>\n<\/table>\n<\/td>\n<\/tr>\n<tr>\n<td height=\"18\"><\/td>\n<\/tr>\n<tr>\n<td valign=\"top\" width=\"100%\">\n<table border=\"0\" width=\"100%\" cellspacing=\"0\" cellpadding=\"0\">\n<tbody>\n<tr>\n<td align=\"right\" valign=\"top\" width=\"30%\"><a href=\"http:\/\/opusdei.us7.list-manage2.com\/track\/click?u=1af5d7b530cb590152589eba5&amp;id=8a0f850882&amp;e=f88f8593e5\" target=\"_blank\" rel=\"nofollow\"><img src=\"https:\/\/img.youtube.com\/vi\/ojdPGkunix4\/maxresdefault.jpg\" alt=\"\" width=\"96\" border=\"0\" \/><\/a><\/td>\n<td width=\"4%\"><\/td>\n<td valign=\"top\" width=\"66%\">\n<table border=\"0\" width=\"100%\" cellspacing=\"0\" cellpadding=\"0\">\n<tbody>\n<tr>\n<td valign=\"top\"><a href=\"http:\/\/opusdei.us7.list-manage.com\/track\/click?u=1af5d7b530cb590152589eba5&amp;id=745eeb0ac6&amp;e=f88f8593e5\" target=\"_blank\" rel=\"nofollow\"><b>JUBILEU DA MISERIC\u00d3RDIA<\/b><\/a><\/td>\n<\/tr>\n<tr>\n<td valign=\"top\"><a href=\"http:\/\/opusdei.us7.list-manage2.com\/track\/click?u=1af5d7b530cb590152589eba5&amp;id=8b29ff0f41&amp;e=f88f8593e5\" target=\"_blank\" rel=\"nofollow\"><b>Basta come\u00e7ar (5): Abrir as portas<\/b><\/a><\/td>\n<\/tr>\n<tr>\n<td valign=\"top\">Neste quinto v\u00eddeo da s\u00e9rie \u201cBasta come\u00e7ar. Formas de ajudar os outros\u201d, apresentam-se iniciativas na Alemanha e na \u00c1ustria que procuram facilitar a integra\u00e7\u00e3o num novo ambiente a pessoas que se viram for\u00e7adas a deixar o seu lugar de origem.<\/td>\n<\/tr>\n<\/tbody>\n<\/table>\n<\/td>\n<\/tr>\n<\/tbody>\n<\/table>\n<\/td>\n<\/tr>\n<tr>\n<td height=\"18\"><\/td>\n<\/tr>\n<tr id=\"yui_3_16_0_ym19_1_1469876265275_7085\">\n<td id=\"yui_3_16_0_ym19_1_1469876265275_7084\" valign=\"top\" width=\"100%\">\n<table id=\"yui_3_16_0_ym19_1_1469876265275_7083\" border=\"0\" width=\"100%\" cellspacing=\"0\" cellpadding=\"0\">\n<tbody id=\"yui_3_16_0_ym19_1_1469876265275_7082\">\n<tr id=\"yui_3_16_0_ym19_1_1469876265275_7081\">\n<td align=\"right\" valign=\"top\" width=\"30%\"><a href=\"http:\/\/opusdei.us7.list-manage2.com\/track\/click?u=1af5d7b530cb590152589eba5&amp;id=7da35f9c6a&amp;e=f88f8593e5\" target=\"_blank\" rel=\"nofollow\"><img src=\"http:\/\/odnmedia.s3.amazonaws.com\/image\/28280309390_718ee569c0_k_20160726215359013040.jpg\" alt=\"\" width=\"96\" border=\"0\" \/><\/a><\/td>\n<td width=\"4%\"><\/td>\n<td id=\"yui_3_16_0_ym19_1_1469876265275_7080\" valign=\"top\" width=\"66%\">\n<table id=\"yui_3_16_0_ym19_1_1469876265275_7079\" border=\"0\" width=\"100%\" cellspacing=\"0\" cellpadding=\"0\">\n<tbody id=\"yui_3_16_0_ym19_1_1469876265275_7078\">\n<tr>\n<td valign=\"top\"><a href=\"http:\/\/opusdei.us7.list-manage.com\/track\/click?u=1af5d7b530cb590152589eba5&amp;id=bf607c3ff3&amp;e=f88f8593e5\" target=\"_blank\" rel=\"nofollow\"><b>PAPA<\/b><\/a><\/td>\n<\/tr>\n<tr id=\"yui_3_16_0_ym19_1_1469876265275_7088\">\n<td id=\"yui_3_16_0_ym19_1_1469876265275_7087\" valign=\"top\"><a href=\"http:\/\/opusdei.us7.list-manage.com\/track\/click?u=1af5d7b530cb590152589eba5&amp;id=223a6de264&amp;e=f88f8593e5\" target=\"_blank\" rel=\"nofollow\"><b>Programa da Jornada Mundial da Juventude 2016<\/b><\/a><\/td>\n<\/tr>\n<tr id=\"yui_3_16_0_ym19_1_1469876265275_7077\">\n<td id=\"yui_3_16_0_ym19_1_1469876265275_7076\" valign=\"top\">O Papa Francisco estar\u00e1 com os jovens de todo o mundo de 27 a 31 de Julho, na Pol\u00f4nia.<\/td>\n<\/tr>\n<\/tbody>\n<\/table>\n<\/td>\n<\/tr>\n<\/tbody>\n<\/table>\n<\/td>\n<\/tr>\n<tr id=\"yui_3_16_0_ym19_1_1469876265275_7092\">\n<td id=\"yui_3_16_0_ym19_1_1469876265275_7091\" height=\"18\"><\/td>\n<\/tr>\n<tr id=\"yui_3_16_0_ym19_1_1469876265275_7074\">\n<td id=\"yui_3_16_0_ym19_1_1469876265275_7073\" valign=\"top\" width=\"100%\">\n<table id=\"yui_3_16_0_ym19_1_1469876265275_7072\" border=\"0\" width=\"100%\" cellspacing=\"0\" cellpadding=\"0\">\n<tbody id=\"yui_3_16_0_ym19_1_1469876265275_7071\">\n<tr id=\"yui_3_16_0_ym19_1_1469876265275_7070\">\n<td id=\"yui_3_16_0_ym19_1_1469876265275_7123\" align=\"right\" valign=\"top\" width=\"30%\"><a id=\"yui_3_16_0_ym19_1_1469876265275_7122\" href=\"http:\/\/opusdei.us7.list-manage2.com\/track\/click?u=1af5d7b530cb590152589eba5&amp;id=5ec753b97a&amp;e=f88f8593e5\" target=\"_blank\" rel=\"nofollow\"><img src=\"https:\/\/img.youtube.com\/vi\/UrjaLYQqhDY\/maxresdefault.jpg\" alt=\"\" width=\"96\" border=\"0\" \/><\/a><\/td>\n<td id=\"yui_3_16_0_ym19_1_1469876265275_7120\" width=\"4%\"><\/td>\n<td id=\"yui_3_16_0_ym19_1_1469876265275_7069\" valign=\"top\" width=\"66%\">\n<table id=\"yui_3_16_0_ym19_1_1469876265275_7068\" border=\"0\" width=\"100%\" cellspacing=\"0\" cellpadding=\"0\">\n<tbody id=\"yui_3_16_0_ym19_1_1469876265275_7067\">\n<tr id=\"yui_3_16_0_ym19_1_1469876265275_7095\">\n<td id=\"yui_3_16_0_ym19_1_1469876265275_7094\" valign=\"top\"><a href=\"http:\/\/opusdei.us7.list-manage2.com\/track\/click?u=1af5d7b530cb590152589eba5&amp;id=1fc9054fbf&amp;e=f88f8593e5\" target=\"_blank\" rel=\"nofollow\"><b>PAPA<\/b><\/a><\/td>\n<\/tr>\n<tr id=\"yui_3_16_0_ym19_1_1469876265275_7066\">\n<td id=\"yui_3_16_0_ym19_1_1469876265275_7065\" valign=\"top\"><a id=\"yui_3_16_0_ym19_1_1469876265275_7064\" href=\"http:\/\/opusdei.us7.list-manage2.com\/track\/click?u=1af5d7b530cb590152589eba5&amp;id=972929713b&amp;e=f88f8593e5\" target=\"_blank\" rel=\"nofollow\"><b id=\"yui_3_16_0_ym19_1_1469876265275_7063\">Mensagem do Papa para a JMJ 2016<\/b><\/a><\/td>\n<\/tr>\n<tr id=\"yui_3_16_0_ym19_1_1469876265275_7118\">\n<td id=\"yui_3_16_0_ym19_1_1469876265275_7117\" valign=\"top\">O Papa enviou uma mensagem nesta ter\u00e7a-feira, 19 de julho, por ocasi\u00e3o da Jornada Mundial da Juventude de Crac\u00f3via 2016<\/td>\n<\/tr>\n<\/tbody>\n<\/table>\n<\/td>\n<\/tr>\n<\/tbody>\n<\/table>\n<\/td>\n<\/tr>\n<\/tbody>\n<\/table>\n<\/td>\n<\/tr>\n<\/tbody>\n<\/table>\n","protected":false},"excerpt":{"rendered":"<p>29 de Julho de 2016 PAPA Visitas de Papa Francisco durante a JMJ 2016 Durante a sexta-feira (29\/07) da Jornada Mundial da Juventude em Crac\u00f3via, Papa Francisco visitou os campos de Auschwitz, Birkenau, e o hospital pedi\u00e1trico de Prokocim. AS BEM-AVENTURAN\u00c7AS As bem aventuran\u00e7as (IV): a revolu\u00e7\u00e3o dos mansos Na terceira bem aventuran\u00e7a, o Senhor [&hellip;]<\/p>\n","protected":false},"author":2,"featured_media":0,"comment_status":"open","ping_status":"open","sticky":false,"template":"","format":"standard","meta":{"_links_to":"","_links_to_target":""},"categories":[28],"tags":[],"_links":{"self":[{"href":"https:\/\/www.r2cpress.com.br\/v1\/wp-json\/wp\/v2\/posts\/102461"}],"collection":[{"href":"https:\/\/www.r2cpress.com.br\/v1\/wp-json\/wp\/v2\/posts"}],"about":[{"href":"https:\/\/www.r2cpress.com.br\/v1\/wp-json\/wp\/v2\/types\/post"}],"author":[{"embeddable":true,"href":"https:\/\/www.r2cpress.com.br\/v1\/wp-json\/wp\/v2\/users\/2"}],"replies":[{"embeddable":true,"href":"https:\/\/www.r2cpress.com.br\/v1\/wp-json\/wp\/v2\/comments?post=102461"}],"version-history":[{"count":1,"href":"https:\/\/www.r2cpress.com.br\/v1\/wp-json\/wp\/v2\/posts\/102461\/revisions"}],"predecessor-version":[{"id":102462,"href":"https:\/\/www.r2cpress.com.br\/v1\/wp-json\/wp\/v2\/posts\/102461\/revisions\/102462"}],"wp:attachment":[{"href":"https:\/\/www.r2cpress.com.br\/v1\/wp-json\/wp\/v2\/media?parent=102461"}],"wp:term":[{"taxonomy":"category","embeddable":true,"href":"https:\/\/www.r2cpress.com.br\/v1\/wp-json\/wp\/v2\/categories?post=102461"},{"taxonomy":"post_tag","embeddable":true,"href":"https:\/\/www.r2cpress.com.br\/v1\/wp-json\/wp\/v2\/tags?post=102461"}],"curies":[{"name":"wp","href":"https:\/\/api.w.org\/{rel}","templated":true}]}}