{"id":102582,"date":"2016-08-03T18:09:49","date_gmt":"2016-08-03T21:09:49","guid":{"rendered":"http:\/\/www.r2cpress.com.br\/v1\/?p=102582"},"modified":"2016-08-03T18:09:49","modified_gmt":"2016-08-03T21:09:49","slug":"seminario-internacional-de-teatro-o-corpo-cenico-atrai-publico-em-ilheus","status":"publish","type":"post","link":"https:\/\/www.r2cpress.com.br\/v1\/2016\/08\/03\/seminario-internacional-de-teatro-o-corpo-cenico-atrai-publico-em-ilheus\/","title":{"rendered":"Semin\u00e1rio Internacional de Teatro \u2013 O Corpo C\u00eanico atrai p\u00fablico em Ilh\u00e9us"},"content":{"rendered":"<p id=\"yui_3_16_0_ym19_1_1470235060112_49293\" class=\"yiv0980431860MsoNormal\" style=\"text-align: justify;\" align=\"center\">A abertura do Semin\u00e1rio Internacional de Teatro \u2013 O Corpo C\u00eanico movimentou a noite de ter\u00e7a-feira, dia 2, na Biblioteca Municipal Adonias Filho, no centro de Ilh\u00e9us. O evento contou com a presen\u00e7a de p\u00fablico expressivo e de autoridades do munic\u00edpio, como o prefeito em exerc\u00edcio, Carlos Machado (Cac\u00e1), o secret\u00e1rio de Cultura, Paulo Atto, e o presidente do Conselho Municipal de Cultura, Andr\u00e9 Rosa.<\/p>\n<div id=\"attachment_102585\" style=\"width: 610px\" class=\"wp-caption aligncenter\"><a href=\"http:\/\/www.r2cpress.com.br\/v1\/wp-content\/uploads\/2016\/08\/Biblioteca-recebeu-abertura-do-Semin\u00e1rio-Internacional-de-Teatro-em-Ilheus-Foto-Alfredo-FIlho-Secom-Ilheus-3.jpg\"><img aria-describedby=\"caption-attachment-102585\" loading=\"lazy\" class=\"size-full wp-image-102585\" src=\"http:\/\/www.r2cpress.com.br\/v1\/wp-content\/uploads\/2016\/08\/Biblioteca-recebeu-abertura-do-Semin\u00e1rio-Internacional-de-Teatro-em-Ilheus-Foto-Alfredo-FIlho-Secom-Ilheus-3.jpg\" alt=\"Biblioteca recebeu abertura do Semin\u00e1rio Internacional de Teatro, em Ilheus - Foto Alfredo FIlho Secom Ilheus (3)\" width=\"600\" height=\"400\" srcset=\"https:\/\/www.r2cpress.com.br\/v1\/wp-content\/uploads\/2016\/08\/Biblioteca-recebeu-abertura-do-Semin\u00e1rio-Internacional-de-Teatro-em-Ilheus-Foto-Alfredo-FIlho-Secom-Ilheus-3.jpg 600w, https:\/\/www.r2cpress.com.br\/v1\/wp-content\/uploads\/2016\/08\/Biblioteca-recebeu-abertura-do-Semin\u00e1rio-Internacional-de-Teatro-em-Ilheus-Foto-Alfredo-FIlho-Secom-Ilheus-3-300x200.jpg 300w\" sizes=\"(max-width: 600px) 100vw, 600px\" \/><\/a><p id=\"caption-attachment-102585\" class=\"wp-caption-text\">Biblioteca recebeu abertura do Semin\u00e1rio Internacional de Teatro, em Ilheus &#8211; Foto Alfredo FIlho Secom Ilheus (3)<\/p><\/div>\n<p class=\"yiv0980431860MsoNormal\">Para o prefeito Cac\u00e1, a realiza\u00e7\u00e3o desse evento, organizado pela Secretaria Municipal de Cultura, atrav\u00e9s do Fundo de Cultura do Munic\u00edpio, demonstra uma preocupa\u00e7\u00e3o dos gestores com a forma\u00e7\u00e3o, aprimoramento e valoriza\u00e7\u00e3o dos artistas locais. Durante a mesa de abertura, o titular da Secult, Paulo Atto, declarou que a iniciativa, \u201cal\u00e9m de aprofundar as discuss\u00f5es sobre os variados estudos acerca do corpo c\u00eanico, promove o interc\u00e2mbio de t\u00e9cnicas, de experi\u00eancias criativas e a capacita\u00e7\u00e3o dos participantes, que \u00e9 um dos principais objetivos da Secult desde o in\u00edcio da gest\u00e3o\u201d.<\/p>\n<p class=\"yiv0980431860MsoNormal\">Ap\u00f3s o ato, a divers\u00e3o ficou por conta dos palha\u00e7os da Fam\u00edlia Vagamundi, com o espet\u00e1culo \u201cDesencaixados\u201d, que arrancou gargalhadas de crian\u00e7as e adultos presentes. Simultaneamente, ocorreu o workshop \u201cO Corpo C\u00eanico &#8211; uma experi\u00eancia de contamina\u00e7\u00e3o de linguagens e culturas\u201d, com a professora dan\u00e7arina italiana Loona Tirabasi, com um p\u00fablico diversificado composto por bailarinos, estudantes de teatro e amantes das artes c\u00eanicas.<\/p>\n<p id=\"yui_3_16_0_ym19_1_1470235060112_49374\" class=\"yiv0980431860MsoNormal\"><span id=\"yui_3_16_0_ym19_1_1470235060112_49373\">Nesta quarta, dia 3, a partir das 18h30, ser\u00e1 realizada segunda parte do trabalho, na qual a Loona Tirabasi ensinar\u00e1 ao aluno a utilizar o pr\u00f3prio corpo como material para gerar conte\u00fados e, assim, restituir as sensa\u00e7\u00f5es vivenciadas para aviar uma experimenta\u00e7\u00e3o de improvisa\u00e7\u00e3o de corpo\/movimento.<\/span><\/p>\n<p id=\"yui_3_16_0_ym19_1_1470235060112_49367\" class=\"yiv0980431860MsoNormal\">A programa\u00e7\u00e3o, totalmente gratuita, continua na tarde desta quarta-feira, dia 3, a partir das 14h, com a mesa redonda com tema \u201cCorpo que dan\u00e7a e corpo que fala\u201d ser\u00e1 composta por S\u00f4anne Marry, bacharel e licenciada em Educa\u00e7\u00e3o F\u00edsica, dan\u00e7arina e bailarina e Loona Tirabasi, italiana, formada em Ci\u00eancias da Educa\u00e7\u00e3o pela Universidade &#8220;Roma Tre&#8221;, com media\u00e7\u00e3o do secret\u00e1rio de cultura Paulo Atto.<\/p>\n<p class=\"yiv0980431860MsoNormal\">Em seguida, \u00e0s 15h, o tema discutido ser\u00e1 \u201cWork-demonstration &#8211; Dramaturgia do Corpo\u201d, com Rafael Magalh\u00e3es, ator e produtor do Oco Teatro Laborat\u00f3rio, membro do grupo internacional VIDENES BRO\/Ponte dos Ventos, com sede na Dinamarca. Atualmente, \u00e9 Gerente de Promo\u00e7\u00e3o Cultural da Funda\u00e7\u00e3o Greg\u00f3rio de Matos em Salvador.<\/p>\n<p>&nbsp;<\/p>\n","protected":false},"excerpt":{"rendered":"<p>A abertura do Semin\u00e1rio Internacional de Teatro \u2013 O Corpo C\u00eanico movimentou a noite de ter\u00e7a-feira, dia 2, na Biblioteca Municipal Adonias Filho, no centro de Ilh\u00e9us. O evento contou com a presen\u00e7a de p\u00fablico expressivo e de autoridades do munic\u00edpio, como o prefeito em exerc\u00edcio, Carlos Machado (Cac\u00e1), o secret\u00e1rio de Cultura, Paulo Atto, [&hellip;]<\/p>\n","protected":false},"author":2,"featured_media":0,"comment_status":"open","ping_status":"open","sticky":false,"template":"","format":"standard","meta":{"_links_to":"","_links_to_target":""},"categories":[5],"tags":[],"_links":{"self":[{"href":"https:\/\/www.r2cpress.com.br\/v1\/wp-json\/wp\/v2\/posts\/102582"}],"collection":[{"href":"https:\/\/www.r2cpress.com.br\/v1\/wp-json\/wp\/v2\/posts"}],"about":[{"href":"https:\/\/www.r2cpress.com.br\/v1\/wp-json\/wp\/v2\/types\/post"}],"author":[{"embeddable":true,"href":"https:\/\/www.r2cpress.com.br\/v1\/wp-json\/wp\/v2\/users\/2"}],"replies":[{"embeddable":true,"href":"https:\/\/www.r2cpress.com.br\/v1\/wp-json\/wp\/v2\/comments?post=102582"}],"version-history":[{"count":3,"href":"https:\/\/www.r2cpress.com.br\/v1\/wp-json\/wp\/v2\/posts\/102582\/revisions"}],"predecessor-version":[{"id":102586,"href":"https:\/\/www.r2cpress.com.br\/v1\/wp-json\/wp\/v2\/posts\/102582\/revisions\/102586"}],"wp:attachment":[{"href":"https:\/\/www.r2cpress.com.br\/v1\/wp-json\/wp\/v2\/media?parent=102582"}],"wp:term":[{"taxonomy":"category","embeddable":true,"href":"https:\/\/www.r2cpress.com.br\/v1\/wp-json\/wp\/v2\/categories?post=102582"},{"taxonomy":"post_tag","embeddable":true,"href":"https:\/\/www.r2cpress.com.br\/v1\/wp-json\/wp\/v2\/tags?post=102582"}],"curies":[{"name":"wp","href":"https:\/\/api.w.org\/{rel}","templated":true}]}}