{"id":102738,"date":"2016-08-15T16:57:47","date_gmt":"2016-08-15T19:57:47","guid":{"rendered":"http:\/\/www.r2cpress.com.br\/v1\/?p=102738"},"modified":"2016-08-15T16:57:47","modified_gmt":"2016-08-15T19:57:47","slug":"pm-se-reune-com-comunidade-tupinamba-em-olivenca","status":"publish","type":"post","link":"https:\/\/www.r2cpress.com.br\/v1\/2016\/08\/15\/pm-se-reune-com-comunidade-tupinamba-em-olivenca\/","title":{"rendered":"PM se re\u00fane com comunidade Tupinamb\u00e1 em Oliven\u00e7a"},"content":{"rendered":"<p id=\"yui_3_16_0_ym19_1_1471283346919_60116\" class=\"yiv6333779701MsoNormal\"><span id=\"yui_3_16_0_ym19_1_1471283346919_60115\">Na manh\u00e3 dessa segunda-feira (15), policiais da 69\u00aa CIPM reuniram-se com \u00edndios da comunidade Tupinamb\u00e1, na regi\u00e3o de Oliven\u00e7a, em Ilh\u00e9us. O objetivo da reuni\u00e3o foi conhecer melhor a necessidade de policiamento dos ind\u00edgenas e da regi\u00e3o.<\/span><\/p>\n<div id=\"attachment_102739\" style=\"width: 610px\" class=\"wp-caption aligncenter\"><a href=\"http:\/\/www.r2cpress.com.br\/v1\/wp-content\/uploads\/2016\/08\/PM_TUPINAMB\u00c1.jpg\"><img aria-describedby=\"caption-attachment-102739\" loading=\"lazy\" class=\"size-full wp-image-102739\" src=\"http:\/\/www.r2cpress.com.br\/v1\/wp-content\/uploads\/2016\/08\/PM_TUPINAMB\u00c1.jpg\" alt=\"PM_TUPINAMB\u00c1\" width=\"600\" height=\"338\" srcset=\"https:\/\/www.r2cpress.com.br\/v1\/wp-content\/uploads\/2016\/08\/PM_TUPINAMB\u00c1.jpg 600w, https:\/\/www.r2cpress.com.br\/v1\/wp-content\/uploads\/2016\/08\/PM_TUPINAMB\u00c1-300x169.jpg 300w\" sizes=\"(max-width: 600px) 100vw, 600px\" \/><\/a><p id=\"caption-attachment-102739\" class=\"wp-caption-text\">PM_TUPINAMB\u00c1<\/p><\/div>\n<p id=\"yui_3_16_0_ym19_1_1471283346919_60121\" class=\"yiv6333779701MsoNormal\"><span id=\"yui_3_16_0_ym19_1_1471283346919_60140\">Os caciques Nani, Rosevaldo e Ramon elencaram demandas e pediram mais presen\u00e7a da PM na comunidade. J\u00e1 o comandante da unidade, major<\/span><b>\u00a0<\/b><span id=\"yui_3_16_0_ym19_1_1471283346919_60120\">Joeudo Figueiredo, falou sobre o trabalho da PM na comunidade.<\/span><\/p>\n<p id=\"yui_3_16_0_ym19_1_1471283346919_60126\" class=\"yiv6333779701MsoNormal\">\u00a0\u201cEsse dialogo entre a PM e a comunidade \u00e9 muito importante, fomos muito bem<span id=\"yui_3_16_0_ym19_1_1471283346919_60127\">recepcionados pelos Tupinamb\u00e1s, j\u00e1 elaboramos um planejamento para aumentar as rondas, abordagens e a\u00e7\u00f5es ostensivas nas proximidades das aldeias\u201d, enfatizou.<\/span><\/p>\n<p>&nbsp;<\/p>\n","protected":false},"excerpt":{"rendered":"<p>Na manh\u00e3 dessa segunda-feira (15), policiais da 69\u00aa CIPM reuniram-se com \u00edndios da comunidade Tupinamb\u00e1, na regi\u00e3o de Oliven\u00e7a, em Ilh\u00e9us. O objetivo da reuni\u00e3o foi conhecer melhor a necessidade de policiamento dos ind\u00edgenas e da regi\u00e3o. Os caciques Nani, Rosevaldo e Ramon elencaram demandas e pediram mais presen\u00e7a da PM na comunidade. J\u00e1 o [&hellip;]<\/p>\n","protected":false},"author":2,"featured_media":0,"comment_status":"open","ping_status":"open","sticky":false,"template":"","format":"standard","meta":{"_links_to":"","_links_to_target":""},"categories":[25],"tags":[],"_links":{"self":[{"href":"https:\/\/www.r2cpress.com.br\/v1\/wp-json\/wp\/v2\/posts\/102738"}],"collection":[{"href":"https:\/\/www.r2cpress.com.br\/v1\/wp-json\/wp\/v2\/posts"}],"about":[{"href":"https:\/\/www.r2cpress.com.br\/v1\/wp-json\/wp\/v2\/types\/post"}],"author":[{"embeddable":true,"href":"https:\/\/www.r2cpress.com.br\/v1\/wp-json\/wp\/v2\/users\/2"}],"replies":[{"embeddable":true,"href":"https:\/\/www.r2cpress.com.br\/v1\/wp-json\/wp\/v2\/comments?post=102738"}],"version-history":[{"count":2,"href":"https:\/\/www.r2cpress.com.br\/v1\/wp-json\/wp\/v2\/posts\/102738\/revisions"}],"predecessor-version":[{"id":102741,"href":"https:\/\/www.r2cpress.com.br\/v1\/wp-json\/wp\/v2\/posts\/102738\/revisions\/102741"}],"wp:attachment":[{"href":"https:\/\/www.r2cpress.com.br\/v1\/wp-json\/wp\/v2\/media?parent=102738"}],"wp:term":[{"taxonomy":"category","embeddable":true,"href":"https:\/\/www.r2cpress.com.br\/v1\/wp-json\/wp\/v2\/categories?post=102738"},{"taxonomy":"post_tag","embeddable":true,"href":"https:\/\/www.r2cpress.com.br\/v1\/wp-json\/wp\/v2\/tags?post=102738"}],"curies":[{"name":"wp","href":"https:\/\/api.w.org\/{rel}","templated":true}]}}