{"id":102769,"date":"2016-08-17T18:17:09","date_gmt":"2016-08-17T21:17:09","guid":{"rendered":"http:\/\/www.r2cpress.com.br\/v1\/?p=102769"},"modified":"2016-08-17T18:17:09","modified_gmt":"2016-08-17T21:17:09","slug":"revista-eletronica-de-salvador-desembarca-nos-estados-unidos","status":"publish","type":"post","link":"https:\/\/www.r2cpress.com.br\/v1\/2016\/08\/17\/revista-eletronica-de-salvador-desembarca-nos-estados-unidos\/","title":{"rendered":"Revista eletr\u00f4nica de Salvador desembarca nos Estados Unidos"},"content":{"rendered":"<p class=\"yiv2047409632MsoNormal\" align=\"center\"><em><strong>O projeto foi contemplado pelo Edital de Mobilidade e participa de resid\u00eancia art\u00edstica em Nova Iorque<\/strong><\/em><\/p>\n<p>Quebrando barreiras geogr\u00e1ficas e lingu\u00edsticas, o projeto Identidades Transatl\u00e2nticas da revista eletr\u00f4nica Acho Digno, da jornalista baiana Camila de Moraes, foi contemplado no Edital de Mobilidade Art\u00edstica da Secretaria de Cultura do Estado. A resid\u00eancia art\u00edstica tem dura\u00e7\u00e3o de dois meses (agosto e setembro-2016), em Nova Iorque \u2013 EUA e resultar\u00e1 em uma pesquisa sobre os meios de comunica\u00e7\u00e3o e sua contribui\u00e7\u00e3o para a constru\u00e7\u00e3o da sociedade.<\/p>\n<p class=\"yiv2047409632MsoNormal\">Tendo como objeto de an\u00e1lise a cultura digital e o seguimento de revistas eletr\u00f4nicas especializadas, a pesquisa pretende verificar qual a influ\u00eancia da m\u00eddia sobre a cultura afro-americana, quais s\u00e3o as suas narrativas e como os jovens dessas comunidades dialogam.\u00a0 Segundo Camila, o objetivo \u00e9 instrumentalizar a an\u00e1lise dos acontecimentos do ocidente negro para al\u00e9m das fronteiras territoriais e possibilitar di\u00e1logos com esse universo da cultura digital. Isso permitiria estabelecer um link do p\u00fablico brasileiro com a m\u00eddia digital norte americana, com edi\u00e7\u00f5es especiais internacionais da revista <i>Acho Digno<\/i> tratando sobre temas como a m\u00fasica e a moda do Harlem, ou ainda, o cinema e o design do Brooklyn, e ainda as artes c\u00eanicas do Bronx.<\/p>\n<p class=\"yiv2047409632MsoNormal\">\u00a0\u201cDessa forma \u00e9 poss\u00edvel tentar criar uma imprensa especializada sem pasteurizar a linguagem. Dimens\u00f5es b\u00e1sicas de exist\u00eancia, em uma filosofia que abre espa\u00e7o para novas formas de manifesta\u00e7\u00f5es com ousadia, liberdade de express\u00e3o com pensamentos criativos. Podemos afirmar, sem medo de errar, que o uso de tecnologia digital muda comportamentos e cria fascinantes possibilidades de democratizar os acessos \u00e0 informa\u00e7\u00e3o e ao conhecimento\u201d, analisa a jornalista.<\/p>\n<p class=\"yiv2047409632MsoNormal\">Com o projeto Identidades Transatl\u00e2nticas, contemplado no Edital de Mobilidade Art\u00edstica da Secretaria de Cultura do Estado da Bahia e com a colabora\u00e7\u00e3o do Caribbean Cultural Center African Diaspora Institute, localizado no Harlem, um dos locais de pesquisa, \u00e9 poss\u00edvel conhecer de perto as comunidades e algumas de suas a\u00e7\u00f5es.<b><\/b><\/p>\n<p class=\"yiv2047409632MsoNormal\">\n<p class=\"yiv2047409632MsoNormal\">Para saber mais sobre a revista eletr\u00f4nica <i>Acho Digno<\/i> acesse:<\/p>\n<p class=\"yiv2047409632MsoNormal\">Link da revista:\u00a0<a id=\"yiv2047409632LPlnk691650\" href=\"https:\/\/issuu.com\/achodigno\/docs\/acho_digno_09_\" target=\"_blank\" rel=\"nofollow\">https:\/\/issuu.com\/achodigno\/docs\/acho_digno_09_<\/a><\/p>\n<p>&nbsp;<\/p>\n<p class=\"yiv2047409632MsoNormal\">Link do facebook:\u00a0<a href=\"https:\/\/www.facebook.com\/achodignoarevista\/?fref=ts\" target=\"_blank\" rel=\"nofollow\">https:\/\/www.facebook.com\/achodignoarevista\/?fref=ts<\/a><\/p>\n<p class=\"yiv2047409632MsoNormal\">\n","protected":false},"excerpt":{"rendered":"<p>O projeto foi contemplado pelo Edital de Mobilidade e participa de resid\u00eancia art\u00edstica em Nova Iorque Quebrando barreiras geogr\u00e1ficas e lingu\u00edsticas, o projeto Identidades Transatl\u00e2nticas da revista eletr\u00f4nica Acho Digno, da jornalista baiana Camila de Moraes, foi contemplado no Edital de Mobilidade Art\u00edstica da Secretaria de Cultura do Estado. A resid\u00eancia art\u00edstica tem dura\u00e7\u00e3o de [&hellip;]<\/p>\n","protected":false},"author":2,"featured_media":0,"comment_status":"open","ping_status":"open","sticky":false,"template":"","format":"standard","meta":{"_links_to":"","_links_to_target":""},"categories":[5,29],"tags":[],"_links":{"self":[{"href":"https:\/\/www.r2cpress.com.br\/v1\/wp-json\/wp\/v2\/posts\/102769"}],"collection":[{"href":"https:\/\/www.r2cpress.com.br\/v1\/wp-json\/wp\/v2\/posts"}],"about":[{"href":"https:\/\/www.r2cpress.com.br\/v1\/wp-json\/wp\/v2\/types\/post"}],"author":[{"embeddable":true,"href":"https:\/\/www.r2cpress.com.br\/v1\/wp-json\/wp\/v2\/users\/2"}],"replies":[{"embeddable":true,"href":"https:\/\/www.r2cpress.com.br\/v1\/wp-json\/wp\/v2\/comments?post=102769"}],"version-history":[{"count":1,"href":"https:\/\/www.r2cpress.com.br\/v1\/wp-json\/wp\/v2\/posts\/102769\/revisions"}],"predecessor-version":[{"id":102770,"href":"https:\/\/www.r2cpress.com.br\/v1\/wp-json\/wp\/v2\/posts\/102769\/revisions\/102770"}],"wp:attachment":[{"href":"https:\/\/www.r2cpress.com.br\/v1\/wp-json\/wp\/v2\/media?parent=102769"}],"wp:term":[{"taxonomy":"category","embeddable":true,"href":"https:\/\/www.r2cpress.com.br\/v1\/wp-json\/wp\/v2\/categories?post=102769"},{"taxonomy":"post_tag","embeddable":true,"href":"https:\/\/www.r2cpress.com.br\/v1\/wp-json\/wp\/v2\/tags?post=102769"}],"curies":[{"name":"wp","href":"https:\/\/api.w.org\/{rel}","templated":true}]}}