{"id":102853,"date":"2016-08-22T17:22:08","date_gmt":"2016-08-22T20:22:08","guid":{"rendered":"http:\/\/www.r2cpress.com.br\/v1\/?p=102853"},"modified":"2016-08-22T17:36:03","modified_gmt":"2016-08-22T20:36:03","slug":"sos-cacauicultura","status":"publish","type":"post","link":"https:\/\/www.r2cpress.com.br\/v1\/2016\/08\/22\/sos-cacauicultura\/","title":{"rendered":"SOS CACAUICULTURA"},"content":{"rendered":"<blockquote>\n<h2 style=\"text-align: center;\"><span style=\"color: #000000;\"><strong>Luiz Ferreira da Silva<\/strong><\/span><\/h2>\n<h2 style=\"text-align: center;\"><span style=\"color: #000000;\"><strong>Pesquisador da CEPLAC\/Solos, aposentado.<\/strong><\/span><\/h2>\n<h2 style=\"text-align: center;\"><span style=\"color: #000000;\"><strong>luizferreira1937@gmail.com<\/strong><\/span><\/h2>\n<p style=\"text-align: justify;\"><a href=\"http:\/\/www.r2cpress.com.br\/v1\/wp-content\/uploads\/2016\/08\/sementes-cacau-luiz-ferreira.jpg\"><img loading=\"lazy\" class=\"alignleft size-full wp-image-102854\" src=\"http:\/\/www.r2cpress.com.br\/v1\/wp-content\/uploads\/2016\/08\/sementes-cacau-luiz-ferreira.jpg\" alt=\"sementes cacau luiz ferreira\" width=\"300\" height=\"246\" \/><\/a>O nosso livro- TRIBUTO \u00c0 ANTIGA CEPLAC. INSTITUI\u00c7\u00c3O AGR\u00cdCOLA \u00daNICA &#8211; \u00e9 apenas um elo da cadeia CACAU. N\u00e3o basta a sua revitaliza\u00e7\u00e3o que deve ser vista globalmente; entendendo &#8211; se a planta, quem labuta com a terra e quem d\u00e1 suporte t\u00e9cnico. Ou seja: <strong>O CACAUEIRO, O CACAUICULTOR E A CEPLAC. <\/strong><\/p>\n<p style=\"text-align: justify;\">Neste contexto, a solu\u00e7\u00e3o financeira do produtor de cacau vem em primeiro lugar, condi\u00e7\u00e3o fundamental \u00e0 sobreviv\u00eancia da <strong>Cacauicultura, <\/strong>pois sem a capitaliza\u00e7\u00e3o dos Cacauicultores, o cacaueiro pode entrar na lista de esp\u00e9cies em vias de extin\u00e7\u00e3o como o jacarand\u00e1 ou o mico le\u00e3o dourado. E a CEPLAC, seguir o mesmo caminho. AMBOS \u00c0 REBOQUE.<\/p>\n<p style=\"text-align: justify;\">Portanto, se o Brasil deseja ter chocolate, auferir d\u00f3lares e distribuir rendas tem que\u00a0imediatamente implantar um programa amplo em atendimento a esse trip\u00e9, sobretudo aos seus requerimentos financeiros. Afora isso, s\u00e3o remendos pol\u00edticos que se rasgam constantemente.<\/p>\n<p style=\"text-align: justify;\">E o pa\u00eds tem uma d\u00edvida com os produtores de cacau, sejam pelo trabalho dos pioneiros e posteriores abnegados empreendedores e, principalmente, pelos muitos anos de manuten\u00e7\u00e3o da lavoura cacaueira a expensas de uma taxa contributiva. A <strong>Cacauicultura<\/strong> tem que ser vista como Patrim\u00f4nio Nacional e deve ser \u201ctombada\u201d em termos pragm\u00e1ticos.<\/p>\n<p style=\"text-align: justify;\">E haveria recursos para se injetar nesta lavoura, que gira em torno de 1 bilh\u00e3o de reais, como estimativa? Ora, o Brasil gastou 3 bilh\u00f5es para \u201ccomprar\u201d 17 medalhas ol\u00edmpicas, numa festa-fantasia, possivelmente enriquecendo a muitos, como s\u00f3i acontecer em eventos comandados pelo governo. Vamos aguardar a Lava Jato.<\/p>\n<p style=\"text-align: justify;\">Mas, muitos me perguntar\u00e3o:<\/p>\n<p style=\"text-align: justify;\">\u2013 quem vai pegar essa bandeira de reconstruir a lavoura cacaueira nesta vis\u00e3o global?<\/p>\n<p style=\"text-align: justify;\">&#8211; Quem \u00e9 o macho, na acep\u00e7\u00e3o da palavra, que vai entrar nessa de solucionar a descapitaliza\u00e7\u00e3o da Regi\u00e3o?<\/p>\n<p style=\"text-align: justify;\">&#8211; Seriam os Vereadores, os Deputados, os Senadores, os Governadores das regi\u00f5es cacaueiras? Qual o interesse deles? O que fizeram at\u00e9 ent\u00e3o?<\/p>\n<p style=\"text-align: justify;\">&#8211; Pol\u00edticos regionais e at\u00e9 oriundos da pr\u00f3pria CEPLAC, omissos e at\u00e9 algozes?<\/p>\n<p style=\"text-align: justify;\">&#8211; Os atuais dirigentes da CEPLAC? Que for\u00e7a tem ante \u00e0 submiss\u00e3o pol\u00edtica pelos seus cargos?<\/p>\n<p style=\"text-align: justify;\">&#8211; O MAPA, Minist\u00e9rio de segunda categoria?<\/p>\n<p style=\"text-align: justify;\">N\u00e3o. Nenhum deles. S\u00f3 o povo seria capaz.<\/p>\n<ul style=\"text-align: justify;\">\n<li>E quem \u00e9 esse povo? &#8211; <strong>OS CACAUICULTORES.<\/strong><\/li>\n<\/ul>\n<p style=\"text-align: justify;\">Cabe-lhes e s\u00f3 a eles resolverem a quest\u00e3o. Se o MST sem objetivo que n\u00e3o seja o tumulto e com um bando de radicais bota o bloco na rua, fecha estradas, depreda reparti\u00e7\u00f5es p\u00fablicas e peita governadores, porque leg\u00edtimos agricultores que geram riquezas n\u00e3o s\u00e3o capazes de virar &#8220;povo nas ruas&#8221;?<\/p>\n<p style=\"text-align: justify;\">Os pol\u00edticos falharam. Poderiam ser bons intermedi\u00e1rios, mas a hist\u00f3ria registra a sua incapacidade.<\/p>\n<p style=\"text-align: justify;\">Os intermedi\u00e1rios dos Cacauicultores s\u00e3o as suas associa\u00e7\u00f5es sob a <strong>ARTICULA\u00c7\u00c3O<\/strong> da FAEB, que teria a condi\u00e7\u00e3o de levar a bola \u00e0 cesta, via CNA, com seu poder formal e acesso ao Governo, munido de documenta\u00e7\u00e3o contundente e irrefut\u00e1vel, diferentemente das conversas fiadas que s\u00f3 denigrem a regi\u00e3o do cacau e seus produtores.<\/p>\n<p style=\"text-align: justify;\">\u00c9 preciso que l\u00edderes, como Paulo Cortizo Falcon e Carlinhos Macedo, dentre outros eficientes empreendedores, aju\u00edzem a essas organiza\u00e7\u00f5es, em cujo contexto deve estar os Sindicatos Rurais, evitando dispers\u00e3o de esfor\u00e7os e lampejos de vaidade, que tem sido a t\u00f4nica regional, n\u00e3o havendo mais lugar para isso.<\/p>\n<p style=\"text-align: justify;\">\u00a0<strong>EM S\u00cdNTESE, A SOLU\u00c7\u00c3O TEM QUE SER GLOBAL E URGENTE.<\/strong><\/p>\n<\/blockquote>\n","protected":false},"excerpt":{"rendered":"<p>Luiz Ferreira da Silva Pesquisador da CEPLAC\/Solos, aposentado. luizferreira1937@gmail.com O nosso livro- TRIBUTO \u00c0 ANTIGA CEPLAC. INSTITUI\u00c7\u00c3O AGR\u00cdCOLA \u00daNICA &#8211; \u00e9 apenas um elo da cadeia CACAU. N\u00e3o basta a sua revitaliza\u00e7\u00e3o que deve ser vista globalmente; entendendo &#8211; se a planta, quem labuta com a terra e quem d\u00e1 suporte t\u00e9cnico. Ou seja: O [&hellip;]<\/p>\n","protected":false},"author":2,"featured_media":0,"comment_status":"open","ping_status":"open","sticky":false,"template":"","format":"standard","meta":{"_links_to":"","_links_to_target":""},"categories":[3,10],"tags":[],"_links":{"self":[{"href":"https:\/\/www.r2cpress.com.br\/v1\/wp-json\/wp\/v2\/posts\/102853"}],"collection":[{"href":"https:\/\/www.r2cpress.com.br\/v1\/wp-json\/wp\/v2\/posts"}],"about":[{"href":"https:\/\/www.r2cpress.com.br\/v1\/wp-json\/wp\/v2\/types\/post"}],"author":[{"embeddable":true,"href":"https:\/\/www.r2cpress.com.br\/v1\/wp-json\/wp\/v2\/users\/2"}],"replies":[{"embeddable":true,"href":"https:\/\/www.r2cpress.com.br\/v1\/wp-json\/wp\/v2\/comments?post=102853"}],"version-history":[{"count":4,"href":"https:\/\/www.r2cpress.com.br\/v1\/wp-json\/wp\/v2\/posts\/102853\/revisions"}],"predecessor-version":[{"id":102858,"href":"https:\/\/www.r2cpress.com.br\/v1\/wp-json\/wp\/v2\/posts\/102853\/revisions\/102858"}],"wp:attachment":[{"href":"https:\/\/www.r2cpress.com.br\/v1\/wp-json\/wp\/v2\/media?parent=102853"}],"wp:term":[{"taxonomy":"category","embeddable":true,"href":"https:\/\/www.r2cpress.com.br\/v1\/wp-json\/wp\/v2\/categories?post=102853"},{"taxonomy":"post_tag","embeddable":true,"href":"https:\/\/www.r2cpress.com.br\/v1\/wp-json\/wp\/v2\/tags?post=102853"}],"curies":[{"name":"wp","href":"https:\/\/api.w.org\/{rel}","templated":true}]}}