{"id":102967,"date":"2016-08-28T08:49:05","date_gmt":"2016-08-28T11:49:05","guid":{"rendered":"http:\/\/www.r2cpress.com.br\/v1\/?p=102967"},"modified":"2016-08-28T08:49:05","modified_gmt":"2016-08-28T11:49:05","slug":"mais-duas-viaturas-entregues-para-reforco-do-policiamento-em-ilheus","status":"publish","type":"post","link":"https:\/\/www.r2cpress.com.br\/v1\/2016\/08\/28\/mais-duas-viaturas-entregues-para-reforco-do-policiamento-em-ilheus\/","title":{"rendered":"Mais duas viaturas entregues para  refor\u00e7o do policiamento em Ilh\u00e9us"},"content":{"rendered":"<p><em>Chegaram tr\u00eas ve\u00edculos picape e seis minivans. Em breve, uma nova remessa de ve\u00edculos deve ser integrada \u00e0s companhias do munic\u00edpio<\/em> <div id=\"attachment_102968\" style=\"width: 610px\" class=\"wp-caption aligncenter\"><a href=\"http:\/\/www.r2cpress.com.br\/v1\/wp-content\/uploads\/2016\/08\/Governador-Rui-Costa-entrega-novas-viaturas-foto-Gidelzo-Silva-26.08.jpg\"><img aria-describedby=\"caption-attachment-102968\" loading=\"lazy\" src=\"http:\/\/www.r2cpress.com.br\/v1\/wp-content\/uploads\/2016\/08\/Governador-Rui-Costa-entrega-novas-viaturas-foto-Gidelzo-Silva-26.08.jpg\" alt=\"Governador Rui Costa entrega novas viaturas-foto Gidelzo Silva \" width=\"600\" height=\"360\" class=\"size-full wp-image-102968\" srcset=\"https:\/\/www.r2cpress.com.br\/v1\/wp-content\/uploads\/2016\/08\/Governador-Rui-Costa-entrega-novas-viaturas-foto-Gidelzo-Silva-26.08.jpg 600w, https:\/\/www.r2cpress.com.br\/v1\/wp-content\/uploads\/2016\/08\/Governador-Rui-Costa-entrega-novas-viaturas-foto-Gidelzo-Silva-26.08-300x180.jpg 300w\" sizes=\"(max-width: 600px) 100vw, 600px\" \/><\/a><p id=\"caption-attachment-102968\" class=\"wp-caption-text\">Governador Rui Costa entrega novas viaturas-foto Gidelzo Silva<\/p><\/div> O governador baiano Rui Costa fez a entrega, nesta sexta-feira, 26 de agosto, de mais duas novas viaturas para refor\u00e7ar a atua\u00e7\u00e3o da Pol\u00edcia Militar no munic\u00edpio de Ilh\u00e9us. Em junho \u00faltimo, o prefeito em exerc\u00edcio Carlos Machado (Cac\u00e1), o deputado estadual Eduardo Salles e, o comandante Regional, coronel Teixeira, participaram do ato de entrega de nove viaturas da Pol\u00edcia Militar, realizado no 2\u00ba Batalh\u00e3o da PM, em Ilh\u00e9us, que j\u00e1 est\u00e3o a servi\u00e7o<br \/>\ndas Companhias Independentes de Policiamento Militar locais.<\/p>\n<p>A entrega das duas viaturas aconteceu em solenidade realizada na vizinha cidade de Uru\u00e7uca. O chefe de Gabinete da Prefeitura de Ilh\u00e9us, Victor da Veiga, representou o governo municipal. Tamb\u00e9m estavam presentes o comandante da Regi\u00e3o Sul, tenente coronel Washington Idilceu Bastos, e a prefeita de Uru\u00e7uca, Fernanda Silva, entre outras autoridades.<\/p>\n<p>A chegada dos ve\u00edculos faz parte da renova\u00e7\u00e3o da frota da Pol\u00edcia Militar, em todo territ\u00f3rio baiano. Na regi\u00e3o Sul da Bahia, as novas viaturas auxiliam nas opera\u00e7\u00f5es do policiamento ostensivo e preventivo. O governador Rui Costa afirmou que a aquisi\u00e7\u00e3o das viaturas &#8220;serve de apoio e est\u00edmulo \u00e0s for\u00e7as de seguran\u00e7a do Estado para a otimiza\u00e7\u00e3o do exerc\u00edcio de suas fun\u00e7\u00f5es&#8221;.<\/p>\n","protected":false},"excerpt":{"rendered":"<p>Chegaram tr\u00eas ve\u00edculos picape e seis minivans. Em breve, uma nova remessa de ve\u00edculos deve ser integrada \u00e0s companhias do munic\u00edpio O governador baiano Rui Costa fez a entrega, nesta sexta-feira, 26 de agosto, de mais duas novas viaturas para refor\u00e7ar a atua\u00e7\u00e3o da Pol\u00edcia Militar no munic\u00edpio de Ilh\u00e9us. Em junho \u00faltimo, o prefeito [&hellip;]<\/p>\n","protected":false},"author":2,"featured_media":0,"comment_status":"open","ping_status":"open","sticky":false,"template":"","format":"standard","meta":{"_links_to":"","_links_to_target":""},"categories":[29,23,25],"tags":[],"_links":{"self":[{"href":"https:\/\/www.r2cpress.com.br\/v1\/wp-json\/wp\/v2\/posts\/102967"}],"collection":[{"href":"https:\/\/www.r2cpress.com.br\/v1\/wp-json\/wp\/v2\/posts"}],"about":[{"href":"https:\/\/www.r2cpress.com.br\/v1\/wp-json\/wp\/v2\/types\/post"}],"author":[{"embeddable":true,"href":"https:\/\/www.r2cpress.com.br\/v1\/wp-json\/wp\/v2\/users\/2"}],"replies":[{"embeddable":true,"href":"https:\/\/www.r2cpress.com.br\/v1\/wp-json\/wp\/v2\/comments?post=102967"}],"version-history":[{"count":1,"href":"https:\/\/www.r2cpress.com.br\/v1\/wp-json\/wp\/v2\/posts\/102967\/revisions"}],"predecessor-version":[{"id":102969,"href":"https:\/\/www.r2cpress.com.br\/v1\/wp-json\/wp\/v2\/posts\/102967\/revisions\/102969"}],"wp:attachment":[{"href":"https:\/\/www.r2cpress.com.br\/v1\/wp-json\/wp\/v2\/media?parent=102967"}],"wp:term":[{"taxonomy":"category","embeddable":true,"href":"https:\/\/www.r2cpress.com.br\/v1\/wp-json\/wp\/v2\/categories?post=102967"},{"taxonomy":"post_tag","embeddable":true,"href":"https:\/\/www.r2cpress.com.br\/v1\/wp-json\/wp\/v2\/tags?post=102967"}],"curies":[{"name":"wp","href":"https:\/\/api.w.org\/{rel}","templated":true}]}}