{"id":102973,"date":"2016-08-28T19:46:26","date_gmt":"2016-08-28T22:46:26","guid":{"rendered":"http:\/\/www.r2cpress.com.br\/v1\/?p=102973"},"modified":"2016-08-28T19:46:26","modified_gmt":"2016-08-28T22:46:26","slug":"cyro-de-mattos-vai-ser-homenageado","status":"publish","type":"post","link":"https:\/\/www.r2cpress.com.br\/v1\/2016\/08\/28\/cyro-de-mattos-vai-ser-homenageado\/","title":{"rendered":"Cyro de Mattos Vai Ser Homenageado"},"content":{"rendered":"<h2 style=\"text-align: center;\"><strong>Cyro de Mattos Vai Ser Homenageado<\/strong><\/h2>\n<h2 style=\"text-align: center;\"><strong>Pela Universidade Estadual de Santa Cruz <\/strong><\/h2>\n<h2 style=\"text-align: center;\"><strong>Com o T\u00edtulo de Doutor Honoris Causa\u00a0 <\/strong><\/h2>\n<div style=\"width: 168px\" class=\"wp-caption alignright\"><img loading=\"lazy\" src=\"http:\/\/www.ciadanoticia.com.br\/v1\/wp-content\/uploads\/Cyro-de-Mattos1-199x300.jpg\" alt=\"\" width=\"158\" height=\"238\" \/><p class=\"wp-caption-text\">Cyro de Mattos<\/p><\/div>\n<p>O escritor e poeta Cyro de Mattos vai ser homenageado na Universidade Estadual de Santa Cruz, no Sul da Bahia,\u00a0 com o t\u00edtulo de Doutor Honoris Causa, no dia 15 de setembro, \u00e0s 19 horas, no Centro de Arte e Cultura Governador Paulo Souto.\u00a0 A Universidade Estadual de Santa Cruz completa em novembro vinte e cinco\u00a0 anos de funda\u00e7\u00e3o, sendo essa a primeira vez que concede o T\u00edtulo Honor\u00edfico a um cidad\u00e3o por seus relevantes servi\u00e7os prestados\u00a0 \u00e0 institui\u00e7\u00e3o, \u00e0 literatura e\u00a0\u00a0 cultura no Brasil. .<\/p>\n<p>O eventofaz parte das comemora\u00e7\u00f5es dos 25\u00a0 anos da UESC\u00a0 e vai ser transmitido ao vivo pela TV\u00a0 e R\u00e1dio UESC. \u00a0A concess\u00e3o do\u00a0 t\u00edtulo honor\u00edfico ao escritor Cyro de Mattos foi aprovado pelo\u00a0 Conselho Universit\u00e1rio da Universidade Estadual de Santa Cruz, na 52\u00aa. Reuni\u00e3o\u00a0 Ordin\u00e1ria realizada\u00a0 no dia 26 de fevereiro de 2016, por indica\u00e7\u00e3o da\u00a0 Professora Doutora\u00a0 Reheniglei\u00a0 Ara\u00fajo Rehem, do Departamento de Letras.<\/p>\n<p>A Professora Doutora Reheniglei Rehen\u00a0 fundamentou sua solicita\u00e7\u00e3o ao Departamento de Letras, em 25 de fevereiro de 2015, atrav\u00e9s\u00a0 de of\u00edcio contendo quinze p\u00e1ginas,\u00a0 acompanhado do\u00a0\u00a0 Curr\u00edculo de Vida do Autor contendo oitenta e cinco p\u00e1ginas, al\u00e9m de vasta documenta\u00e7\u00e3o e fotos abrangendo uma vida dedicada \u00e0s letras durante mais de cinq\u00fcenta anos.<\/p>\n<p>&nbsp;<\/p>\n","protected":false},"excerpt":{"rendered":"<p>Cyro de Mattos Vai Ser Homenageado Pela Universidade Estadual de Santa Cruz Com o T\u00edtulo de Doutor Honoris Causa\u00a0 O escritor e poeta Cyro de Mattos vai ser homenageado na Universidade Estadual de Santa Cruz, no Sul da Bahia,\u00a0 com o t\u00edtulo de Doutor Honoris Causa, no dia 15 de setembro, \u00e0s 19 horas, no [&hellip;]<\/p>\n","protected":false},"author":2,"featured_media":0,"comment_status":"open","ping_status":"open","sticky":false,"template":"","format":"standard","meta":{"_links_to":"","_links_to_target":""},"categories":[5],"tags":[],"_links":{"self":[{"href":"https:\/\/www.r2cpress.com.br\/v1\/wp-json\/wp\/v2\/posts\/102973"}],"collection":[{"href":"https:\/\/www.r2cpress.com.br\/v1\/wp-json\/wp\/v2\/posts"}],"about":[{"href":"https:\/\/www.r2cpress.com.br\/v1\/wp-json\/wp\/v2\/types\/post"}],"author":[{"embeddable":true,"href":"https:\/\/www.r2cpress.com.br\/v1\/wp-json\/wp\/v2\/users\/2"}],"replies":[{"embeddable":true,"href":"https:\/\/www.r2cpress.com.br\/v1\/wp-json\/wp\/v2\/comments?post=102973"}],"version-history":[{"count":1,"href":"https:\/\/www.r2cpress.com.br\/v1\/wp-json\/wp\/v2\/posts\/102973\/revisions"}],"predecessor-version":[{"id":102975,"href":"https:\/\/www.r2cpress.com.br\/v1\/wp-json\/wp\/v2\/posts\/102973\/revisions\/102975"}],"wp:attachment":[{"href":"https:\/\/www.r2cpress.com.br\/v1\/wp-json\/wp\/v2\/media?parent=102973"}],"wp:term":[{"taxonomy":"category","embeddable":true,"href":"https:\/\/www.r2cpress.com.br\/v1\/wp-json\/wp\/v2\/categories?post=102973"},{"taxonomy":"post_tag","embeddable":true,"href":"https:\/\/www.r2cpress.com.br\/v1\/wp-json\/wp\/v2\/tags?post=102973"}],"curies":[{"name":"wp","href":"https:\/\/api.w.org\/{rel}","templated":true}]}}