{"id":103041,"date":"2016-09-01T13:32:27","date_gmt":"2016-09-01T16:32:27","guid":{"rendered":"http:\/\/www.r2cpress.com.br\/v1\/?p=103041"},"modified":"2016-09-01T13:32:27","modified_gmt":"2016-09-01T16:32:27","slug":"academia-de-policia-forma-novos-promotores-de-policia-comunitaria","status":"publish","type":"post","link":"https:\/\/www.r2cpress.com.br\/v1\/2016\/09\/01\/academia-de-policia-forma-novos-promotores-de-policia-comunitaria\/","title":{"rendered":"Academia de Pol\u00edcia forma novos Promotores de Pol\u00edcia Comunit\u00e1ria"},"content":{"rendered":"<div>A Pol\u00edcia Militar da Bahia (PM\/BA) forma, nesta sexta-feira (2), a 18\u00aa turma do Curso Nacional de Promotor de Pol\u00edcia Comunit\u00e1ria (CNPPC). Realizada na sede da Academia da Pol\u00edcia Civil do Estado da Bahia (Acadepol), no bairro do Cabula, em Salvador, a capacita\u00e7\u00e3o transmite conhecimentos em direitos humanos, rela\u00e7\u00f5es interpessoais e media\u00e7\u00e3o de conflitos para agentes do Sistema de Defesa Social, com o objetivo de aperfei\u00e7oar o servi\u00e7o policial e melhorar a qualidade de vida da popula\u00e7\u00e3o.<\/div>\n<div>\n<div id=\"attachment_103042\" style=\"width: 610px\" class=\"wp-caption aligncenter\"><a href=\"http:\/\/www.r2cpress.com.br\/v1\/wp-content\/uploads\/2016\/09\/Carol-Garcia-GOVBA.jpg\"><img aria-describedby=\"caption-attachment-103042\" loading=\"lazy\" class=\"size-full wp-image-103042\" src=\"http:\/\/www.r2cpress.com.br\/v1\/wp-content\/uploads\/2016\/09\/Carol-Garcia-GOVBA.jpg\" alt=\"Carol Garcia GOVBA\" width=\"600\" height=\"400\" srcset=\"https:\/\/www.r2cpress.com.br\/v1\/wp-content\/uploads\/2016\/09\/Carol-Garcia-GOVBA.jpg 600w, https:\/\/www.r2cpress.com.br\/v1\/wp-content\/uploads\/2016\/09\/Carol-Garcia-GOVBA-300x200.jpg 300w\" sizes=\"(max-width: 600px) 100vw, 600px\" \/><\/a><p id=\"caption-attachment-103042\" class=\"wp-caption-text\">Carol Garcia GOVBA<\/p><\/div>\n<\/div>\n<div>O CNPPC busca disseminar o modelo de policiamento comunit\u00e1rio aplicado pela pol\u00edcia japonesa h\u00e1 mais de 100 anos, conhecido como Sistema Koban, que tem como filosofia atuar de forma precaucional, aconselhando a popula\u00e7\u00e3o local sobre criminalidade, por meio de reuni\u00f5es com os moradores mais velhos e as lideran\u00e7as da regi\u00e3o. Desde sua cria\u00e7\u00e3o, em 2011, o curso j\u00e1 capacitou 4,6 mil agentes do Sistema de Defesa Social, tendo mais de 600 policiais militares conclu\u00eddo o curso em 2016.<\/div>\n<div><\/div>\n<div>&#8220;Nosso objetivo \u00e9 a melhoria do servi\u00e7o policial e da qualidade de vida do cidad\u00e3o, que est\u00e1 na ponta do sistema. A pol\u00edcia e a comunidade devem trabalhar em parceria para identificar e resolver problemas sociais como a criminalidade, o consumo de drogas e a viol\u00eancia dom\u00e9stica&#8221;, explicou o chefe da Se\u00e7\u00e3o de Multiplica\u00e7\u00e3o Doutrin\u00e1ria do Departamento de Policiamento Comunit\u00e1rio e Direitos Humanos (DPCDH) da Pol\u00edcia Militar, capit\u00e3o Leandro Santana.<\/div>\n<div><\/div>\n<div>Para a soldada Patr\u00edcia Flores, problemas sociais refletem na seguran\u00e7a p\u00fablica, n\u00e3o sendo, portanto, uma atribui\u00e7\u00e3o exclusiva do policial militar reduzir os \u00edndices de viol\u00eancia da cidade. &#8220;N\u00f3s aprendemos no curso que um policiamento repressivo n\u00e3o funciona em longo prazo, ele precisa ser preventivo. A pol\u00edcia precisa estar presente no cotidiano dos bairros e o curso ajuda a formar um policial capaz de trabalhar em conjunto com as pessoas para diminuir os \u00edndices de viol\u00eancia&#8221;, afirma.<\/div>\n<div><\/div>\n<div>Com carga hor\u00e1ria de 40 horas e dura\u00e7\u00e3o de uma semana, o curso se baseia na matriz curricular definida pela Secretaria Nacional de Seguran\u00e7a P\u00fablica (Senasp) e busca envolver todo o sistema se seguran\u00e7a nas esferas estadual e municipal. Nessa turma, al\u00e9m de policiais militares e civis, estiveram presentes guardas municipais e agentes prisionais. Para o pr\u00f3ximo ciclo de aulas, que tem inicio no dia 19 de setembro, a PM espera incluir tamb\u00e9m membros do Corpo de Bombeiros Militar e do Departamento de Per\u00edcia T\u00e9cnica.<\/div>\n","protected":false},"excerpt":{"rendered":"<p>A Pol\u00edcia Militar da Bahia (PM\/BA) forma, nesta sexta-feira (2), a 18\u00aa turma do Curso Nacional de Promotor de Pol\u00edcia Comunit\u00e1ria (CNPPC). Realizada na sede da Academia da Pol\u00edcia Civil do Estado da Bahia (Acadepol), no bairro do Cabula, em Salvador, a capacita\u00e7\u00e3o transmite conhecimentos em direitos humanos, rela\u00e7\u00f5es interpessoais e media\u00e7\u00e3o de conflitos para [&hellip;]<\/p>\n","protected":false},"author":2,"featured_media":0,"comment_status":"open","ping_status":"open","sticky":false,"template":"","format":"standard","meta":{"_links_to":"","_links_to_target":""},"categories":[29,25],"tags":[],"_links":{"self":[{"href":"https:\/\/www.r2cpress.com.br\/v1\/wp-json\/wp\/v2\/posts\/103041"}],"collection":[{"href":"https:\/\/www.r2cpress.com.br\/v1\/wp-json\/wp\/v2\/posts"}],"about":[{"href":"https:\/\/www.r2cpress.com.br\/v1\/wp-json\/wp\/v2\/types\/post"}],"author":[{"embeddable":true,"href":"https:\/\/www.r2cpress.com.br\/v1\/wp-json\/wp\/v2\/users\/2"}],"replies":[{"embeddable":true,"href":"https:\/\/www.r2cpress.com.br\/v1\/wp-json\/wp\/v2\/comments?post=103041"}],"version-history":[{"count":1,"href":"https:\/\/www.r2cpress.com.br\/v1\/wp-json\/wp\/v2\/posts\/103041\/revisions"}],"predecessor-version":[{"id":103043,"href":"https:\/\/www.r2cpress.com.br\/v1\/wp-json\/wp\/v2\/posts\/103041\/revisions\/103043"}],"wp:attachment":[{"href":"https:\/\/www.r2cpress.com.br\/v1\/wp-json\/wp\/v2\/media?parent=103041"}],"wp:term":[{"taxonomy":"category","embeddable":true,"href":"https:\/\/www.r2cpress.com.br\/v1\/wp-json\/wp\/v2\/categories?post=103041"},{"taxonomy":"post_tag","embeddable":true,"href":"https:\/\/www.r2cpress.com.br\/v1\/wp-json\/wp\/v2\/tags?post=103041"}],"curies":[{"name":"wp","href":"https:\/\/api.w.org\/{rel}","templated":true}]}}