{"id":103075,"date":"2016-09-02T18:53:20","date_gmt":"2016-09-02T21:53:20","guid":{"rendered":"http:\/\/www.r2cpress.com.br\/v1\/?p=103075"},"modified":"2016-09-02T18:53:20","modified_gmt":"2016-09-02T21:53:20","slug":"secultba-realiza-ciclo-de-videoconferencias-sobre-programa-fazcultura","status":"publish","type":"post","link":"https:\/\/www.r2cpress.com.br\/v1\/2016\/09\/02\/secultba-realiza-ciclo-de-videoconferencias-sobre-programa-fazcultura\/","title":{"rendered":"SecultBA realiza ciclo de videoconfer\u00eancias sobre Programa Fazcultura"},"content":{"rendered":"<p style=\"text-align: left;\"><em>Ser\u00e3o realizados tr\u00eas encontros com orienta\u00e7\u00f5es sobre apresenta\u00e7\u00e3o de projetos, tramita\u00e7\u00e3o e patroc\u00ednio cultural<\/em><\/p>\n<div id=\"attachment_103076\" style=\"width: 510px\" class=\"wp-caption aligncenter\"><a href=\"http:\/\/www.r2cpress.com.br\/v1\/wp-content\/uploads\/2016\/09\/FAZCULTURA.jpg\"><img aria-describedby=\"caption-attachment-103076\" loading=\"lazy\" class=\"size-full wp-image-103076\" src=\"http:\/\/www.r2cpress.com.br\/v1\/wp-content\/uploads\/2016\/09\/FAZCULTURA.jpg\" alt=\"SETEMBRO \/ 2016 \" width=\"500\" height=\"500\" srcset=\"https:\/\/www.r2cpress.com.br\/v1\/wp-content\/uploads\/2016\/09\/FAZCULTURA.jpg 500w, https:\/\/www.r2cpress.com.br\/v1\/wp-content\/uploads\/2016\/09\/FAZCULTURA-150x150.jpg 150w, https:\/\/www.r2cpress.com.br\/v1\/wp-content\/uploads\/2016\/09\/FAZCULTURA-300x300.jpg 300w\" sizes=\"(max-width: 500px) 100vw, 500px\" \/><\/a><p id=\"caption-attachment-103076\" class=\"wp-caption-text\">SETEMBRO \/ 2016<\/p><\/div>\n<p>Visando difundir o Programa Fazcultura, aproximar a sociedade civil e estimular a participa\u00e7\u00e3o da iniciativa privada, a Diretoria de Fomento da Secretaria da Cultura da Bahia realizar\u00e1 um ciclo de videoconfer\u00eancias com alcance em todos os territ\u00f3rios de identidade do Estado. O ciclo Ser\u00e1 dividido em tr\u00eas m\u00f3dulos distribu\u00eddos ao longo do m\u00eas de setembro, com o objetivo tirar d\u00favidas, orientar sobre tramita\u00e7\u00e3o de propostas culturais, informar sobre a apresenta\u00e7\u00e3o de documenta\u00e7\u00e3o e tamb\u00e9m esclarecer sobre o processo de concess\u00e3o de benef\u00edcios.<\/p>\n<p>O Programa Fazcultura, parceria entre a Secretaria da Fazenda e a Secretaria da Cultura do Estado da Bahia, completa 20 anos como uma dos principais mecanismos de fomento \u00e0 cultura. O programa contribui para o desenvolvimento da economia criativa e promove a participa\u00e7\u00e3o da iniciativa privada e do mercado empresarial no financiamento de iniciativas culturais, a partir do benef\u00edcio de abatimento do ICMS (Imposto sobre Circula\u00e7\u00e3o de Mercadorias e Presta\u00e7\u00e3o de Servi\u00e7os) a recolher.<\/p>\n<p><!--more--><\/p>\n<p>Segundo o diretor de Fomento, Matias Santiago, os encontros, que ser\u00e3o realizados a partir do Instituto An\u00edsio Teixeira, em Salvador, e transmitidos online (http:\/\/educadores.educacao.ba.gov.br\/videoconferencia), ter\u00e3o como objetivo tornar o Fazcultura mais acess\u00edvel aos agentes culturais. \u201cQueremos desmistificar o programa e mostrar como \u00e9 importante buscar parcerias com a iniciativa privada. \u00c9 uma ferramenta que \u00e9 mantida dispon\u00edvel o ano inteiro, permitindo aos proponentes se organizar e buscar parceiros\u201d.<\/p>\n<p>O primeiro encontro acontece no dia 05 de setembro, das 14 \u00e0s 17 horas, com a participa\u00e7\u00e3o do superintendente de Promo\u00e7\u00e3o Cultural, Alexandre Sim\u00f5es, quando ser\u00e1 feita uma apresenta\u00e7\u00e3o do programa. Neste primeiro momento, a luz do regulamento do programa, ser\u00e3o abordados os seguintes conte\u00fados: objetos de incentivo; propon\u00eancia;\u00a0 documentos e informa\u00e7\u00f5es espec\u00edficas de cada tipo de atividade\/produto; e limites de valores de patroc\u00ednio.<\/p>\n<p>O segundo m\u00f3dulo, programado para o dia 12 de setembro, ter\u00e1 como foco o processo de tramita\u00e7\u00e3o de propostas culturais, incluindo prazos, etapas de an\u00e1lise, verifica\u00e7\u00f5es legais, desde a an\u00e1lise pr\u00e9via at\u00e9 a conclus\u00e3o de execu\u00e7\u00e3o. J\u00e1 o \u00faltimo m\u00f3dulo ser\u00e1 voltado \u00e0s quest\u00f5es relacionadas \u00e0 participa\u00e7\u00e3o da iniciativa privada, destacando a sua import\u00e2ncia no fomento a cultural, bem como o papel da Sefaz &#8211; Secretaria da Fazenda.<\/p>\n<p>As videoconfer\u00eancias contar\u00e3o com a participa\u00e7\u00e3o da Diretoria de Fomento da SecultBA, Coordena\u00e7\u00e3o Executiva do Facultura e Sefaz. Em 2015, o Fazcultura inscreveu 120 propostas culturais com manifesta\u00e7\u00e3o formal de inten\u00e7\u00e3o de patroc\u00ednio, beneficiou 54 iniciativas do estado da Bahia, num total de R$ 9,4 milh\u00f5es de incentivos concedidos.<\/p>\n<p>&nbsp;<\/p>\n<p>SERVI\u00c7O<\/p>\n<p><strong>Videoconfer\u00eancia sobre o Fazcultura<\/strong><\/p>\n<p>Local: IAT, unidades e online (http:\/\/educadores.educacao.ba.gov.br\/videoconferencia)<\/p>\n<p>Dias: 05\/09, 12\/09 e 29\/09<\/p>\n<p>Hor\u00e1rio: das 14 \u00e0s 17 horas<\/p>\n","protected":false},"excerpt":{"rendered":"<p>Ser\u00e3o realizados tr\u00eas encontros com orienta\u00e7\u00f5es sobre apresenta\u00e7\u00e3o de projetos, tramita\u00e7\u00e3o e patroc\u00ednio cultural Visando difundir o Programa Fazcultura, aproximar a sociedade civil e estimular a participa\u00e7\u00e3o da iniciativa privada, a Diretoria de Fomento da Secretaria da Cultura da Bahia realizar\u00e1 um ciclo de videoconfer\u00eancias com alcance em todos os territ\u00f3rios de identidade do Estado. [&hellip;]<\/p>\n","protected":false},"author":2,"featured_media":0,"comment_status":"open","ping_status":"open","sticky":false,"template":"","format":"standard","meta":{"_links_to":"","_links_to_target":""},"categories":[5,29],"tags":[],"_links":{"self":[{"href":"https:\/\/www.r2cpress.com.br\/v1\/wp-json\/wp\/v2\/posts\/103075"}],"collection":[{"href":"https:\/\/www.r2cpress.com.br\/v1\/wp-json\/wp\/v2\/posts"}],"about":[{"href":"https:\/\/www.r2cpress.com.br\/v1\/wp-json\/wp\/v2\/types\/post"}],"author":[{"embeddable":true,"href":"https:\/\/www.r2cpress.com.br\/v1\/wp-json\/wp\/v2\/users\/2"}],"replies":[{"embeddable":true,"href":"https:\/\/www.r2cpress.com.br\/v1\/wp-json\/wp\/v2\/comments?post=103075"}],"version-history":[{"count":2,"href":"https:\/\/www.r2cpress.com.br\/v1\/wp-json\/wp\/v2\/posts\/103075\/revisions"}],"predecessor-version":[{"id":103078,"href":"https:\/\/www.r2cpress.com.br\/v1\/wp-json\/wp\/v2\/posts\/103075\/revisions\/103078"}],"wp:attachment":[{"href":"https:\/\/www.r2cpress.com.br\/v1\/wp-json\/wp\/v2\/media?parent=103075"}],"wp:term":[{"taxonomy":"category","embeddable":true,"href":"https:\/\/www.r2cpress.com.br\/v1\/wp-json\/wp\/v2\/categories?post=103075"},{"taxonomy":"post_tag","embeddable":true,"href":"https:\/\/www.r2cpress.com.br\/v1\/wp-json\/wp\/v2\/tags?post=103075"}],"curies":[{"name":"wp","href":"https:\/\/api.w.org\/{rel}","templated":true}]}}