{"id":103247,"date":"2016-09-14T12:29:50","date_gmt":"2016-09-14T15:29:50","guid":{"rendered":"http:\/\/www.r2cpress.com.br\/v1\/?p=103247"},"modified":"2016-09-14T12:29:50","modified_gmt":"2016-09-14T15:29:50","slug":"sobe-para-o-pai-mais-um-guerreiro","status":"publish","type":"post","link":"https:\/\/www.r2cpress.com.br\/v1\/2016\/09\/14\/sobe-para-o-pai-mais-um-guerreiro\/","title":{"rendered":"SOBE PARA O PAI MAIS UM GUERREIRO."},"content":{"rendered":"<div id=\"attachment_103248\" style=\"width: 647px\" class=\"wp-caption aligncenter\"><a href=\"http:\/\/www.r2cpress.com.br\/v1\/wp-content\/uploads\/2016\/09\/Lusimr_m0ntgem-de-Rezende.jpg\"><img aria-describedby=\"caption-attachment-103248\" loading=\"lazy\" class=\"size-full wp-image-103248\" src=\"http:\/\/www.r2cpress.com.br\/v1\/wp-content\/uploads\/2016\/09\/Lusimr_m0ntgem-de-Rezende.jpg\" alt=\"Descanse em paz, COLEGA\" width=\"637\" height=\"474\" srcset=\"https:\/\/www.r2cpress.com.br\/v1\/wp-content\/uploads\/2016\/09\/Lusimr_m0ntgem-de-Rezende.jpg 637w, https:\/\/www.r2cpress.com.br\/v1\/wp-content\/uploads\/2016\/09\/Lusimr_m0ntgem-de-Rezende-300x223.jpg 300w\" sizes=\"(max-width: 637px) 100vw, 637px\" \/><\/a><p id=\"caption-attachment-103248\" class=\"wp-caption-text\">Descanse em paz, COLEGA!<\/p><\/div>\n<p>Gente, infelizmente venho informar o descanso de meu pai, Lusimar, ap\u00f3s 4 anos, 3 meses e 26 dias de luta.<br \/>\nO corpo segue para Ilh\u00e9us, sua cidade natal, com previs\u00e3o de chegada \u00e0s 14:30h e vel\u00f3rio no SAF da Conquista, com sepultamento previsto para as 16:30h no cemit\u00e9rio do pontal.<br \/>\nPe\u00e7o aos familiares e amigos que repassem a informa\u00e7\u00e3o para outras pessoas, pois estarei em tr\u00e2nsito para Ilh\u00e9us e sem possibilidade de muito contato ao longo do trajeto.<br \/>\nAgrade\u00e7o, desde j\u00e1, as manifesta\u00e7\u00f5es de carinho e aten\u00e7\u00e3o recebidas ao longo de todo esse per\u00edodo.<\/p>\n<p>Att,<br \/>\nCarol.\u2060\u2060\u2060\u2060<\/p>\n","protected":false},"excerpt":{"rendered":"<p>Gente, infelizmente venho informar o descanso de meu pai, Lusimar, ap\u00f3s 4 anos, 3 meses e 26 dias de luta. O corpo segue para Ilh\u00e9us, sua cidade natal, com previs\u00e3o de chegada \u00e0s 14:30h e vel\u00f3rio no SAF da Conquista, com sepultamento previsto para as 16:30h no cemit\u00e9rio do pontal. Pe\u00e7o aos familiares e amigos [&hellip;]<\/p>\n","protected":false},"author":2,"featured_media":0,"comment_status":"open","ping_status":"open","sticky":false,"template":"","format":"standard","meta":{"_links_to":"","_links_to_target":""},"categories":[21],"tags":[],"_links":{"self":[{"href":"https:\/\/www.r2cpress.com.br\/v1\/wp-json\/wp\/v2\/posts\/103247"}],"collection":[{"href":"https:\/\/www.r2cpress.com.br\/v1\/wp-json\/wp\/v2\/posts"}],"about":[{"href":"https:\/\/www.r2cpress.com.br\/v1\/wp-json\/wp\/v2\/types\/post"}],"author":[{"embeddable":true,"href":"https:\/\/www.r2cpress.com.br\/v1\/wp-json\/wp\/v2\/users\/2"}],"replies":[{"embeddable":true,"href":"https:\/\/www.r2cpress.com.br\/v1\/wp-json\/wp\/v2\/comments?post=103247"}],"version-history":[{"count":2,"href":"https:\/\/www.r2cpress.com.br\/v1\/wp-json\/wp\/v2\/posts\/103247\/revisions"}],"predecessor-version":[{"id":103250,"href":"https:\/\/www.r2cpress.com.br\/v1\/wp-json\/wp\/v2\/posts\/103247\/revisions\/103250"}],"wp:attachment":[{"href":"https:\/\/www.r2cpress.com.br\/v1\/wp-json\/wp\/v2\/media?parent=103247"}],"wp:term":[{"taxonomy":"category","embeddable":true,"href":"https:\/\/www.r2cpress.com.br\/v1\/wp-json\/wp\/v2\/categories?post=103247"},{"taxonomy":"post_tag","embeddable":true,"href":"https:\/\/www.r2cpress.com.br\/v1\/wp-json\/wp\/v2\/tags?post=103247"}],"curies":[{"name":"wp","href":"https:\/\/api.w.org\/{rel}","templated":true}]}}