{"id":103580,"date":"2016-10-04T18:11:59","date_gmt":"2016-10-04T21:11:59","guid":{"rendered":"http:\/\/www.r2cpress.com.br\/v1\/?p=103580"},"modified":"2016-10-04T18:11:59","modified_gmt":"2016-10-04T21:11:59","slug":"opus-dei-100","status":"publish","type":"post","link":"https:\/\/www.r2cpress.com.br\/v1\/2016\/10\/04\/opus-dei-100\/","title":{"rendered":"OPUS DEI"},"content":{"rendered":"<table border=\"0\" width=\"100%\" cellspacing=\"0\" cellpadding=\"0\" align=\"center\" bgcolor=\"#ffffff\">\n<tbody>\n<tr>\n<td valign=\"middle\" bgcolor=\"#efede7\" width=\"100%\" height=\"70\">\n<table border=\"0\" width=\"92%\" cellspacing=\"0\" cellpadding=\"0\" align=\"center\" bgcolor=\"#efede7\">\n<tbody>\n<tr>\n<td align=\"left\" valign=\"middle\" bgcolor=\"#efede7\" width=\"60%\"><a href=\"http:\/\/opusdei.us7.list-manage.com\/track\/click?u=1af5d7b530cb590152589eba5&amp;id=661570a5e8&amp;e=f88f8593e5\" target=\"_blank\" rel=\"noreferrer\"><img src=\"http:\/\/odnmedia.s3.amazonaws.com\/static\/images\/newsletter\/logo.gif\" alt=\"Opus Dei\" border=\"0\" \/><\/a><\/td>\n<td bgcolor=\"#efede7\" width=\"4%\"><\/td>\n<td align=\"right\" valign=\"middle\" bgcolor=\"#efede7\" width=\"36%\"><a href=\"http:\/\/opusdei.us7.list-manage.com\/track\/click?u=1af5d7b530cb590152589eba5&amp;id=49203d7b9e&amp;e=f88f8593e5\" target=\"_blank\" rel=\"noreferrer\"><img src=\"http:\/\/odnmedia.s3.amazonaws.com\/static\/images\/newsletter\/facebook.gif\" alt=\"facebook\" border=\"0\" \/><\/a> <a href=\"http:\/\/opusdei.us7.list-manage.com\/track\/click?u=1af5d7b530cb590152589eba5&amp;id=4d20a0e12a&amp;e=f88f8593e5\" target=\"_blank\" rel=\"noreferrer\"><img src=\"http:\/\/odnmedia.s3.amazonaws.com\/static\/images\/newsletter\/twitter.gif\" alt=\"twitter\" border=\"0\" \/><\/a> <a href=\"http:\/\/opusdei.us7.list-manage1.com\/track\/click?u=1af5d7b530cb590152589eba5&amp;id=f0c79de623&amp;e=f88f8593e5\" target=\"_blank\" rel=\"noreferrer\"><img src=\"http:\/\/odnmedia.s3.amazonaws.com\/static\/images\/newsletter\/youtube.gif\" alt=\"youtube\" border=\"0\" \/><\/a> <a href=\"http:\/\/opusdei.us7.list-manage2.com\/track\/click?u=1af5d7b530cb590152589eba5&amp;id=d5b6fb77d2&amp;e=f88f8593e5\" target=\"_blank\" rel=\"noreferrer\"><img src=\"http:\/\/odnmedia.s3.amazonaws.com\/static\/images\/newsletter\/flickr.gif\" alt=\"flickr\" border=\"0\" \/><\/a><\/td>\n<\/tr>\n<\/tbody>\n<\/table>\n<\/td>\n<\/tr>\n<tr>\n<td valign=\"top\" width=\"100%\">\n<table border=\"0\" width=\"92%\" cellspacing=\"0\" cellpadding=\"0\" align=\"center\">\n<tbody>\n<tr>\n<td valign=\"top\" width=\"100%\"><i>4 de Outubro de 2016<\/i><\/td>\n<\/tr>\n<tr>\n<td height=\"29\"><\/td>\n<\/tr>\n<tr>\n<td valign=\"top\" width=\"100%\">\n<table border=\"0\" width=\"100%\" cellspacing=\"0\" cellpadding=\"0\">\n<tbody>\n<tr>\n<td align=\"right\" valign=\"top\" width=\"30%\"><a href=\"http:\/\/opusdei.us7.list-manage1.com\/track\/click?u=1af5d7b530cb590152589eba5&amp;id=27d9400f2d&amp;e=f88f8593e5\" target=\"_blank\" rel=\"noreferrer\"><img loading=\"lazy\" class=\"\" src=\"http:\/\/odnmedia.s3.amazonaws.com\/image\/carta_octubre_20161001113655743504_20161004192715231024.jpg\" alt=\"\" width=\"169\" height=\"104\" border=\"0\" \/><\/a><\/td>\n<td width=\"4%\"><\/td>\n<td valign=\"top\" width=\"66%\">\n<table border=\"0\" width=\"100%\" cellspacing=\"0\" cellpadding=\"0\">\n<tbody>\n<tr>\n<td valign=\"top\"><a href=\"http:\/\/opusdei.us7.list-manage.com\/track\/click?u=1af5d7b530cb590152589eba5&amp;id=c30679105c&amp;e=f88f8593e5\" target=\"_blank\" rel=\"noreferrer\"><b>CARTAS PASTORAIS<\/b><\/a><\/td>\n<\/tr>\n<tr>\n<td valign=\"top\"><a href=\"http:\/\/opusdei.us7.list-manage2.com\/track\/click?u=1af5d7b530cb590152589eba5&amp;id=06623fe3ea&amp;e=f88f8593e5\" target=\"_blank\" rel=\"noreferrer\"><b>Carta do Prelado (outubro 2016)<\/b><\/a><\/td>\n<\/tr>\n<tr>\n<td valign=\"top\">\u00abApresenta-se continuamente o tempo de nos abrirmos em leque, para servirmos a mais pessoas\u00bb, escreve Dom Javier Echevarr\u00eda na sua carta de outubro, recordando que no dia 2 se inicia um novo ano da hist\u00f3ria do Opus Dei.<\/td>\n<\/tr>\n<\/tbody>\n<\/table>\n<\/td>\n<\/tr>\n<\/tbody>\n<\/table>\n<\/td>\n<\/tr>\n<tr>\n<td height=\"18\"><\/td>\n<\/tr>\n<tr>\n<td valign=\"top\" width=\"100%\">\n<table border=\"0\" width=\"100%\" cellspacing=\"0\" cellpadding=\"0\">\n<tbody>\n<tr>\n<td align=\"right\" valign=\"top\" width=\"30%\"><a href=\"http:\/\/opusdei.us7.list-manage1.com\/track\/click?u=1af5d7b530cb590152589eba5&amp;id=fd9df2e440&amp;e=f88f8593e5\" target=\"_blank\" rel=\"noreferrer\"><img loading=\"lazy\" class=\"\" src=\"http:\/\/odnmedia.s3.amazonaws.com\/image\/modelo-600x370-(22)_20161003190847498622.png\" alt=\"\" width=\"168\" height=\"103\" border=\"0\" \/><\/a><\/td>\n<td width=\"4%\"><\/td>\n<td valign=\"top\" width=\"66%\">\n<table border=\"0\" width=\"100%\" cellspacing=\"0\" cellpadding=\"0\">\n<tbody>\n<tr>\n<td valign=\"top\"><a href=\"http:\/\/opusdei.us7.list-manage.com\/track\/click?u=1af5d7b530cb590152589eba5&amp;id=3a5dbbdf99&amp;e=f88f8593e5\" target=\"_blank\" rel=\"noreferrer\"><b>NOT\u00cdCIAS<\/b><\/a><\/td>\n<\/tr>\n<tr>\n<td valign=\"top\"><a href=\"http:\/\/opusdei.us7.list-manage.com\/track\/click?u=1af5d7b530cb590152589eba5&amp;id=0610cfc513&amp;e=f88f8593e5\" target=\"_blank\" rel=\"noreferrer\"><b>Um Ano Mariano para celebrar, comemorar e reaprender com Nossa Senhora<\/b><\/a><\/td>\n<\/tr>\n<tr>\n<td valign=\"top\">A CNBB proclamou um Ano Nacional Mariano, de 12 de outubro de 2016 at\u00e9 o 11 de outubro de 2017, para comemorar os 300 anos do encontro da imagem de Nossa Senhora da Concei\u00e7\u00e3o Aparecida, nas \u00c1guas do Rio Para\u00edba do Sul.<\/td>\n<\/tr>\n<\/tbody>\n<\/table>\n<\/td>\n<\/tr>\n<\/tbody>\n<\/table>\n<\/td>\n<\/tr>\n<\/tbody>\n<\/table>\n<\/td>\n<\/tr>\n<\/tbody>\n<\/table>\n","protected":false},"excerpt":{"rendered":"<p>4 de Outubro de 2016 CARTAS PASTORAIS Carta do Prelado (outubro 2016) \u00abApresenta-se continuamente o tempo de nos abrirmos em leque, para servirmos a mais pessoas\u00bb, escreve Dom Javier Echevarr\u00eda na sua carta de outubro, recordando que no dia 2 se inicia um novo ano da hist\u00f3ria do Opus Dei. NOT\u00cdCIAS Um Ano Mariano para [&hellip;]<\/p>\n","protected":false},"author":2,"featured_media":0,"comment_status":"open","ping_status":"open","sticky":false,"template":"","format":"standard","meta":{"_links_to":"","_links_to_target":""},"categories":[28],"tags":[],"_links":{"self":[{"href":"https:\/\/www.r2cpress.com.br\/v1\/wp-json\/wp\/v2\/posts\/103580"}],"collection":[{"href":"https:\/\/www.r2cpress.com.br\/v1\/wp-json\/wp\/v2\/posts"}],"about":[{"href":"https:\/\/www.r2cpress.com.br\/v1\/wp-json\/wp\/v2\/types\/post"}],"author":[{"embeddable":true,"href":"https:\/\/www.r2cpress.com.br\/v1\/wp-json\/wp\/v2\/users\/2"}],"replies":[{"embeddable":true,"href":"https:\/\/www.r2cpress.com.br\/v1\/wp-json\/wp\/v2\/comments?post=103580"}],"version-history":[{"count":1,"href":"https:\/\/www.r2cpress.com.br\/v1\/wp-json\/wp\/v2\/posts\/103580\/revisions"}],"predecessor-version":[{"id":103581,"href":"https:\/\/www.r2cpress.com.br\/v1\/wp-json\/wp\/v2\/posts\/103580\/revisions\/103581"}],"wp:attachment":[{"href":"https:\/\/www.r2cpress.com.br\/v1\/wp-json\/wp\/v2\/media?parent=103580"}],"wp:term":[{"taxonomy":"category","embeddable":true,"href":"https:\/\/www.r2cpress.com.br\/v1\/wp-json\/wp\/v2\/categories?post=103580"},{"taxonomy":"post_tag","embeddable":true,"href":"https:\/\/www.r2cpress.com.br\/v1\/wp-json\/wp\/v2\/tags?post=103580"}],"curies":[{"name":"wp","href":"https:\/\/api.w.org\/{rel}","templated":true}]}}