{"id":103623,"date":"2016-10-07T20:00:20","date_gmt":"2016-10-07T23:00:20","guid":{"rendered":"http:\/\/www.r2cpress.com.br\/v1\/?p=103623"},"modified":"2016-10-06T20:31:38","modified_gmt":"2016-10-06T23:31:38","slug":"do-fundo-do-bau-de-jose-leite-especial-40","status":"publish","type":"post","link":"https:\/\/www.r2cpress.com.br\/v1\/2016\/10\/07\/do-fundo-do-bau-de-jose-leite-especial-40\/","title":{"rendered":"DO FUNDO DO BA\u00da DE JOS\u00c9 LEITE ESPECIAL."},"content":{"rendered":"<p><center><img loading=\"lazy\" src=\"http:\/\/www.r2cpress.com.br\/v1\/wp-content\/uploads\/BAU-NOVO-COM-400.jpg\" width=\"400\" height=\"320\" class=\"aligncenter\" \/><br \/>\n<strong>1)\tFLASH DAS ELEI\u00c7\u00d5ES 2016.<br \/>\n2)\tSEJA UM ARTISTA GLOBAL.<br \/>\n3)\tAS FOTOS DESTAQUES DA SEMANA.<\/strong><\/center><\/p>\n<p><!--more--><\/p>\n<p><b><center>********************************************************************<\/center><\/b><\/p>\n<p>\t<b><center> 1) FLASH DAS ELEI\u00c7\u00d5ES 2016. <\/center><\/b><\/p>\n<p>Parab\u00e9ns para todos que participaram dos trabalhos para que as ELEI\u00c7\u00d5ES NA CIDADE ILH\u00c9US fossem realizadas na mais tranquila ordem. <\/p>\n<div style=\"width: 610px\" class=\"wp-caption aligncenter\"><img loading=\"lazy\" src=\"https:\/\/lh3.googleusercontent.com\/nu4jlE94XEWTN7WIKFdJB7-hX4AR6AdtBbfS63WOm9ftArARaqWcKPj-0JqANCeY6z9ZMTjYnnk4E4rZ2hnTv1XjC8RYuCl8hh7Q_TyzWA9HAZoKxzNg9vKWBrR8sXpGMAiep-T7Upk0RjPlTEseZJ4EKSAg0RbI6hyWaFIntXI2XnOzuhogzZZKVLNTXbg1ZteBr70Z3jMVnxWfw-s9yoBGFtuN1EMEI4ufxMnk2U9Fp65JL3zqBiX6uijqqYNBNZh6XFmZR5yOZz-fsTZ0iLFb9Iu3VYevBty22kxcI2S1_6F0UTb5Vmim2HuX9uXCxAwP_Dz4TAztMpFJNuIcOIKGB9fH0xaoIDwixrOOUsbvKaoBb0GuM8pBNW05ZRwrrghvl8bTYAi12JKLRvuoFe-3OOczxf0Z5ojU3V2JC8W6154sGNRpcg1mZ13JIMD9-6k5ZFoalp9Czb-XBDW8DQMvfL2vlIbe47bTgbCVO2UpgIcbtXonVF7YPCoh-FmNviv98K3nmJkMbqAwprP_Dvtzvt4s0DUBpvxiwq2mSTsbHjKwcWZ1r6jfo9AupcYBB77J6BFaYvg_yv4DFoQZGwrUY_Dk0ueEb0vE8kvuLL7Crys2zg=w600-h500-no\" width=\"600\" height=\"500\" class \/><p class=\"wp-caption-text\">Dr. M\u00c1RIO ALEXANDRE (MAR\u00c3O), lado direito e JOS\u00c9 NAZAL os eleitos para Prefeito e Vice-Prefeito de ILH\u00c9US.<\/p><\/div>\n<div style=\"width: 610px\" class=\"wp-caption aligncenter\"><img loading=\"lazy\" src=\"https:\/\/lh3.googleusercontent.com\/PiqGG9VVkcyZ3Ffs3d8BuOJ1DerZmlAICCzZQShJInWdWvQ7tedVFSe70-TuH6l1sh_KUx8s23msGTpJKGgVgJUM9q6z_wOg8wb0ROtlDULUIEasTp_rKzPVI-wWmdlyO0Ng8L6OzqxDuEUJykFVcXq0w22mt7ZkaIRKDRSeFHii53NbambblzOhMgyHhmii9ILdnKFIm5aGjCDAlg5MF1Y6gq49LT9TKhWcvbDkH6ZLrlu_JzUWfuRB1g1ImDuwQRz69FMsv3h763Kpu_7BUYWnGX78qR7dBAuNdT0fYhA_MpoI_VDdR-mneZtctmrQawLrLSJkIl5Pj7yB1lMkg0oqGjk2uuH_SxydKOy80gnVsydfyeSH7DbdQNzSMOE_-JkCnSZkQms8y5-TG29u4jlhGro2nOoPz9ZHqxr1PFX7-sv7ndyBO-RlpMTbBxRmasbWy5myjAqnS1ajL-j-NkqE8fL-UnM8VILvMAO21eWIDTvzNn81HUq7be6gFOvyHu14xxHMeMP9MS7olJoFtIVl_y-CfsO1ObkGV7reFdTEYX7SyjI5zs8b9d_zbm43MS3fHzcGoh4HjXagcTZ7hhF4UcrMURRF1lNbkLcZmJXCwD1Dyw=w600-h500-no\" width=\"600\" height=\"500\" class \/><p class=\"wp-caption-text\">Dr. ARNON BEZERRA e GIOVANNI, os eleitos para Prefeito e Vice-Prefeito de JUAZEIRO DO NORTE. Uma observa\u00e7\u00e3o: Dr. ARNON quando estudava em SALVADOR, no final da d\u00e9cada de 1960, foi colega de \u201crep\u00fablica\u201d do ilheense e amigo AN\u00cdSIO CRUZ.<\/p><\/div>\n<div style=\"width: 610px\" class=\"wp-caption aligncenter\"><img loading=\"lazy\" src=\"https:\/\/lh3.googleusercontent.com\/04IHZhLj0z_vHiper-oktDspkavCstwg8QmV1kYtNYHO6nw55MNMMYtsMD4qYGByA-hYPeRF3TsBTA-TI4p7IGSr6LEVUpCprB5eR9nxf1TUa4mIu6M2HPZ7ZzwCYKnWjVUXTpnD1KIKvqk7sJEjoRRvz5yEcJl2c0_WToyqiR1wPiunJW8FEwnkT0xTqBL8fDHjih5BAk_YRdzwkgBnIoSO1Z7IXOGnSEWJVHLD7a2NQHQm6qdQ-UuRCbmJBWx9DOG2VSy8wjTE18ascJ1zZVvBke_XsyR3hfxQMDkHfyH8YhcV9ke2bfckOuOXQZFx30fFuJ2y31Ps5VjZEF9EuJalZL4PcgS9bfwwlS40pZGPTQbgDbCNP4O4Cs1pSDXGvSnU6h574Vv7ulNuw9B5XnY21MgVL4_xrP8RD4r_Xr_jDJ3O4Qm7FeZZR17P9ESgqA-KS2AvomJoWe5-Jdynt-ako3mjhRKtfc7UA8lh5159pj3z8lmYTpSH4r2gZIBtfefgQ_VwydoWYJkkFsyI_8q_C2CWb8xHqWQztxSkhJXlaLaPWGrFdBIpd8ZJhcabJtrxoEx-khLtlM-Az--tbtv-1b8ozOI2fAx-_plSlGk4nYE_Bw=w600-h500-no\" width=\"600\" height=\"500\" class \/><p class=\"wp-caption-text\">Parab\u00e9ns para Dona AIDA AMARAL (90 anos) que no \u00faltimo domingo (02-10-2016) falou para seu filho RAIMUNDO JOS\u00c9 AMARAL (foto): \u201cME ACOMPANHA QUE EU QUERO VOTAR\u201d.<\/p><\/div>\n<div style=\"width: 610px\" class=\"wp-caption aligncenter\"><img loading=\"lazy\" src=\"https:\/\/lh3.googleusercontent.com\/RYDr7UWTlA9Ny94o2lgE50XclbhaxKC9vrzWwuzFBfUjjEqvBF4PSE86xiAqnDHE72EkHhgH36wPH6k7Yt1BjBC5iINe2Jv4UZrFgSiBIWHcja2BljwPcAj8N2POK1wx2XF1OLy2keOWTy4CXO3GnkZcSAUk9HZEm8Yic214jW7cS3q5o-pfhQUDzcPRJICKadj6B8p_ljMd65TAXtoEYXoLCtb4sdEmLiJW2-nk3_AvPrscowO0ALC8YTH7kJb9swOTO2w0Sb_m064htiITKQzw79sLbEpHXrfuOoHr7bwBa-_ORKOvHwKWZf4Z8_wSwy3bzVB-VhK6_xcfEa-s8nQVohjT4F-d7Z15LCd3fb3vePmc9_RZZeA6d8h9b-Q4-JOaCvNpiPxe_UZdO3x0z8KC1AeKZWV8XJ3zMpk3jQme0A6Vg2J1gX3l6UKCys_AE3rhCLtYgsCJgi1ejT6PyzNLQkiJOo-e-DOnpNkkaCb-4Hm7W6akT9GMDveSRWa-TjWbF8Y7vxueG7jTHhDpl05NkzWk-jWAZ5Lq45XskKDqCWnXuIhP94NMhNk46XNK1j8GtI7nXCZBw5tcPHOHS8flUPwyn8nQiimnKGsScW4CMHyeNw=w600-h500-no\" width=\"600\" height=\"500\" class \/><p class=\"wp-caption-text\">Parab\u00e9ns para JAMIL OCKE, o Vereador mais bem votado de ILH\u00c9US na \u00faltima Elei\u00e7\u00e3o. Na foto, JAMIL ladeado pelos irm\u00e3os JORGE e ISAAC OCKE, todos, amigos de JOS\u00c9 LEITE. (Foto: 03-10-2016).<\/p><\/div>\n<div style=\"width: 610px\" class=\"wp-caption aligncenter\"><img loading=\"lazy\" src=\"https:\/\/lh3.googleusercontent.com\/EC1i-OEub-XUKSxABNl6HzZdfZda7Ks0f-qvkJjtjJLHYmSX4CHLgmPITtDfqY4LKyjLex1j6cz2occwj4ZgNWOAGzueEe8qT4hBM6W5ftTMg-Y51_hpD-f81kvTQyVhx2pHUaWCNKAd5ITtgvow8ryULx7eFXPyfwvVxcTzpcSdjGgNSzoOa1y6GldByMfZK4-mRtyGKkAYy4rcjHk5LMvz9R-0WIF2OzQKwayPWVYkxJuFUGChT67KOb5G_pSUrV4AxbN1iivANmHWy_FtYfoNYihSi_Vo6io3CUZeXAGCE4GGNZd5a4Ke6x4xbIe5jAc5p2SLd1_5fI6Y976zERQwoQ_VVN-hkTNnBkBOHZIRptUwwt_mrFcN0FtyTAetwslR3lHFl3TofARQCSogLkshYK2trpGsLjhnjx8epipUQhuWsk4fTrehsNIIUzOrgDODWJDsMdub6kbmmtsnnFxsG9ailYOdrkW50a-MIhH0nTa92Mvn6U4KJJDDVXi0o9Ph89TDBzmoiV2IhMPwpwmKedRsVzcK68dP34E1iUKN1fKGxJrZK-jClMNTH2CrLZ6S6n9CGcVvytPkXAfOAL8H3s7KrrtRM9obwvc2K4tCCzydEQ=w600-h500-no\" width=\"600\" height=\"500\" class \/><p class=\"wp-caption-text\">Parab\u00e9ns para o amigo JUAREZ ALMEIDA BARBOSA, o segundo Vereador eleito mais bem votado para a C\u00c2MARA MUNICIPAL DE ILH\u00c9US. Uma observa\u00e7\u00e3o: JUAREZ nasceu em 18-11-1966 e trabalhou na \u00d3TICA CRUZEIRO de 01-10-1984 a 08-03-1986. (Foto: 1984).<\/p><\/div>\n<div style=\"width: 610px\" class=\"wp-caption aligncenter\"><img loading=\"lazy\" src=\"https:\/\/lh3.googleusercontent.com\/zHeJ3hBpkQ-7oAPs717wHKVS69RS7-NZ3zTFclMcWMntgp-ZbkSYwwm046q4coD_lZL-0vv_FadknC2AEciYzgZZ-Hk6k0T70DsvpYws-gBj1RMWdyX-RGPa9eDFd0EKQzwq5A7j063jtMhz6nHzDoW7Gri2M6hoRFcQEbGjdQIo1QY8bFeUZhk7wwJADaKcAUY9WVua3fSCXFlrHV0o9f1X48W7vLeR7CGrQjgnsLNn5GydSMQxfSmaAtQY-UpBgPrNfZYcyETHbkpftOcWNvtMJpnWgFWBmpbQR1OQAZANfjs5CaFWD6fKJOGR0yh9eVEWhlMO7438vV3TdP5e3Gipxpm47JODizvdjEiH2pfWbRpP6VLjIQaZK08Yhq8VQLsPclHiOSyaN7DBJ6YJdUofb5uVClNSrRGPbqxAk9VJjY7wT6EuL35GnMrfl-pqOVcQ4ebJuDi8yJXlGSiEJUSMPJnOekMv3he8rq-rUZrqBjF-nMAS_bgxrkuANb3K8hZJV5an08Hm6Kr_-wE0Idqqy0QORdXor9zu7-Nq7vFXx8KJQSWIh_lrAC_x4UJxsyjc531ldfA5NnhpDQXh2BObGOINmDhNgPUEMe2qi7vkEQkGOw=w600-h500-no\" width=\"600\" height=\"500\" class \/><p class=\"wp-caption-text\">JOSE LEITE votando no \u00faltimo domingo (02-10-2016), CUMPRINDO SEU DEVER DE CIDAD\u00c3O BRASILEIRO. Uma pena que pessoas, e n\u00e3o s\u00e3o poucas, deixem de votar.<\/p><\/div>\n<div style=\"width: 610px\" class=\"wp-caption aligncenter\"><img loading=\"lazy\" src=\"https:\/\/lh3.googleusercontent.com\/cX6FBuEpp3wQYPKGLej7ytLSuP9QXT77f36e6XJGd-U32cagJgNFy_RnZBKtV7N-7jyY1ceJWQxRGsY0-pZCSKwAxaqoQ0naeXXOyCwxcT6tj2uvkM9QOHkIf9-xg9YEepvQsZ0DpZERfngh5u9fySLbu03sHbMkvvtp6C0MG8oQn8C5CzbNdGOsCq4yq6zQv8Ydxpm1WUahJ8VXoj90SFo3jZHDVN5T-Sb2Bx7XpRtcdWbhMZxrI7pf87naPsb17XXf4vpWribN6N4lEI-CNii0fBnxWLkdg4Jfge51eesSfqudlOntKdgdyNmSIMkY_4q7UPyQB1mAnOw4g4dUlLxe_FhDdxKNpaKFkY2gvVlX-f3D6FXH32zrHr--_bn0NayNy0Xi8QWYmMVSX9iSc6mpawYEyDSKwSkxph1u08TsZm0s11PrsnMGNVk7X6zceOczhkmFXsQGXu7hi141JyVHeDmOJNwhSTORJluatlpZ3x2k2MAhcGTWDxTqW8AzAr01mlAAEb25TydvrMl0JY6K_N6h4WOLd6evp9o5vrZhvv5iWJSk9CXjtNAmjg_hx0jG5oqK6oXjeOcy480Un7v5M8uM1yZaJrz5lW0-XgG_ZkB8sA=w600-h500-no\" width=\"600\" height=\"500\" class \/><p class=\"wp-caption-text\">Dona MARINALVA (87 anos), na d\u00e9cada de 1990 morava em ILH\u00c9US na \u201cBaixa Fria\u201d, vizinha de Dona PRETA, m\u00e3e de JOS\u00c9 LEITE, e atualmente reside em SALVADOR, mas viajou especialmente para votar em ILH\u00c9US. Na foto: O amigo EDUARDO, JOS\u00c9 LEITE, MARINHO SANTOS e Dona MARINALVA, um exemplo C\u00cdVICO DA MULHER BAIANA. (Foto: 02-10-2016).<\/p><\/div>\n<p>\t <b><center> 2) SEJA UM ARTISTA GLOBAL. <\/center><\/b><\/p>\n<p>V\u00e1rias artistas Globais j\u00e1 foram clicadas com a imagem do PADRE CICERO, agora chegou a sua vez, procure JOSE LEITE na \u00d3TICA SAFIRA para tamb\u00e9m ser fotografado com o MEU PADIM. Primeiro sua foto sai no BA\u00da e depois, quem sabe, na televis\u00e3o. <\/p>\n<div style=\"width: 610px\" class=\"wp-caption aligncenter\"><img loading=\"lazy\" src=\"https:\/\/lh3.googleusercontent.com\/EM_CZC7JFh7LUwOB-q5HwHe65jqGyG9QTJqbqad6IPcm24EWwUvTi5umNBZDK9qBaEXa80RVm4kO2INSIYTobNg1l25MlPmIbKDJdglNEFVQqXGvdv71WEx3zixI-GL0wIcvY1uYPU1dHEmpuZTclbCJcqivvpP4LzcXBUHAOtBDgRbRkYFQTBXWQ1dlowpC_UXqkXT26aLtFNkw7oLw1hv3RUqKewXElFaKWXwpzBP1fFB-NVh-qe-N-0HlOY8AsOlVPSihSz96pz9t3_UBdWLklc5IHwBEF6gC6vsFJlwAWrAARqcDk-mZj05yUqb9M8SXAaJYjou1hjtMfSGJFzJpgCOAixvf-3cWkabLzrvGoBzcdGO3QDb5MM1Wxx_V5PaJk92EHSkn38YX1MuRqbie26wZrJ4okoZE9v7I1w0wcsPllh3rb8iXUruQXrM5Z9x2-MRAm-5ffOhSJi4CcxgFM_DZfGRaEOyU69xRepLXE5pbHq2dr1YnIijQwZOTPM-a6lF99lhXR-BByny9pcJ98NGqss_T0xPVqOSPRHMSapC5HzvGZL_Irfu8K-PEykraA1l1mdGRHS_JCEldWFdFgyrdi-I8Wi0OhTjleQAerhMmgg=w600-h500-no\" width=\"600\" height=\"500\" class \/><p class=\"wp-caption-text\">Na foto: as artistas Globais MARIANA XIMENES e ANG\u00c9LICA. Agora, todas as duas devotas do meu PADIM.<\/p><\/div>\n<div style=\"width: 610px\" class=\"wp-caption aligncenter\"><img loading=\"lazy\" src=\"https:\/\/lh3.googleusercontent.com\/Ka8pESSnQw_YVmmOBv9vq6248HoDBXoxAJ2vVK5FNwST8fRDZT_MFeauNa4mMFTiBjc8OIZ9IdBAz7jJjpDpswvcSINhOq7boT59k2AGS-j-U-6QGIXLD9vIbhTvycWJe59hD50wQ28xPddj2qr4n0Pj1rD3SxyLYpTGFN-mqLLqgpe9kHrpJHTXTz9_Wi9WZN6eELTvQWIwNE3I9sl20kwGcT6JTcCnIf1Bw_vZ9-ZujIlBeV81U3cUNt9xaJywQJCKt7HZU95WTty5pQfDUJ0xJtVHLcGBbLHCCktM5NjOE5BvoKy7A8UcUYniqXi9Tp0tuP58U-0EvhOjQjjtOGDqkPzEba-phEEUyE6uzWy7Phc9o-Zjg6gl3wtbkXeVz1hxW_yO5iNXBKp_ITavG8LIftC9qyCzEGc3WaBrhVAqTkizzqZTGubVAi5ODtFYWkQSGFMACbVPPQ-UIdWSJKdh_HqAG_4FzyFIPpeAQeDaeyY79sy8o1mIejMen1W3MHUgoLrGHX_z64QGcMWBQN-zpETSAK1OMemM_DcrPenaFPdblglKprISpw6uaDiRHVOzUDaH5jcJF5fKfVEKZc84vHr5a4otidsywJf3c5f-UMjAAA=w600-h500-no\" width=\"600\" height=\"500\" class \/><p class=\"wp-caption-text\">A Jornalista da TV GLOBO, CARLA VILHENA, adora visitar JUAZEIRO DO NORTE a terra do PADRE C\u00cdCERO.<\/p><\/div>\n<div style=\"width: 610px\" class=\"wp-caption aligncenter\"><img loading=\"lazy\" src=\"https:\/\/lh3.googleusercontent.com\/UeSCWUM3ZnXVxbLoY5MwShYCNtuumuRBKbVY_K4VwZU8jWfCv7kgWgE55bX4nNIMxqClC8ycavywVncZG13zmUUDOWXPpCtb7c5Z4cSe1gVvF1q1YYveiysu6d97LXuy1rlkSiP3HhVnFU2XyHJgw1VdRcwKcqDgwLomfxeBkg5ZKKYc3KLabL-1AdzuXM7AVEDYq6kecGPgW_-jM4Pj3j31lNREu8k6XEFbwo4M8CzK7Ie1wErfns7Dxi5fjWNYxgZYaXqIIINMOVloArXITHAPozJrk7i4c6fXRjCBrLOdGqSM13HKn5-816rgJRFMMwxxbUfsQvMoeNyu5jejSf3yv0-86mqUNci2dC-GXGIJqaXZMFzqj-hds4flVQoPlU8EiToGtdqwPVCkSJ3PMEZw7MxZtYQOKmP853ZaYvJvS7VpK_7nbDip0zPh2zT4s0D8LZW252cKwateBAnfwtBT99ucxuk71bEDsqcTPkhhlfVtYm9MDppNuJ0wtiSRLPAOhcLbFPzPkPSV7eOHAlQCRTWmyfGpNQhIHqobfTbD4MZvbFn5_qyBjzd9Vqm0nOMG4QAau5kvC1l1s4fvtyFhIDs4y9zKEG95eMA9xu13_Y3EiQ=w600-h500-no\" width=\"600\" height=\"500\" class \/><p class=\"wp-caption-text\">JOS\u00c9 LEITE n\u00e3o podia ficar de fora. (Foto: 03-10-2016).<\/p><\/div>\n<div style=\"width: 610px\" class=\"wp-caption aligncenter\"><img loading=\"lazy\" src=\"https:\/\/lh3.googleusercontent.com\/Jh6BlZ7z5mcp0B8MhPbYYAEbvg36NOx3e2JWjtIP1Jr-sVdi1GfWdaMyjLYRcDC3mKWL0Iy1TjutBQ2hlnv0HdFB3BchkQwoqgpGYKonLA_K8g1nU10e7U93eDPiYtTzcDeU3FKhg1DlRe3AG9bmYXWjcLogUDfWT5UhY2n4n14nngTUFoulSOlzN-b_0WoeFki1adnOg1OUN6juMLaHqAK6vmmH1IVZvg3tUGMizb732FRbCVv5bDknOzUXd9JE05hhwN67aBfP_pPIM_WA3qxuBDr__-Q1rJdyzduNuC4znzlvRQUcGPx-_os2PUhtGki5fUA71BBCQs14xAptNYWDgxmGbjSXPyZLHhoJhiKVasYY3egXy5-4pJdVsi74aqTRTD-I5Vd-y382CFVAawBo_HK87lm7GlI528h4fg2aq9EmKwK-f0IDyHuucuRk2BKCNm95gKuWUrqn2Z9rp0kmCqDQzU5X-Rz65QaTXH4ETKvASeDgOzSLtqqBTcLYuagmwP0qX6fDs43rLN03mq0V4szXrtOaeusfBFAMxFDlfT8q6VkQv1_u_c9fSFiC5g7ILWsvamDpDX4kivqNw7TVRuylBJ-PvMnQcmXs7D3vIUUDeA=w600-h500-no\" width=\"600\" height=\"500\" class \/><p class=\"wp-caption-text\">O amigo Ilheense JOS\u00c9 NAZAL cumpriu suas obriga\u00e7\u00f5es religiosas visitando JUAZEIRO DO NORTE e foi vitorioso.<\/p><\/div>\n<div style=\"width: 610px\" class=\"wp-caption aligncenter\"><img loading=\"lazy\" src=\"https:\/\/lh3.googleusercontent.com\/pHYZfxn8Sm-yvX-5W003yrfe9Ns08hTRNtZeyztE6MQpURpb9ohy49WR_uQmWcooqNtTKY9ZhWPq2VN7CPsMra-9LgFo-0C1JfbOjejq6M7-SRkMCc-oFfBc20jtXAZG3AQsFtC8aGaaEIRczd_zHlyQhw2kGtjp0szHKVpYZv4Y-29CymiQ5Su4PjlXI0Bz69X1bNKsvtmOrCUiDy7GY3XVYGuK342rpKmGfZSm7HpofA4Sh1WwO4l_KKSmXMrGhoKilwnJWQ3ssqJh42BGhtnNNyKwXK5f6pX4O1Y9ymMn0A07KzPz-9rkrj2bw2ZkHdi1NeWi9EG-abhQQcVwMeJZ4j01o6NjId4PSMrwTOBf18m3NDtjmjvaZNa5Lm-4uD3HEwTnEwNPW4AZi0mrAYfoy384NsyrUFakff9b0oAaixSIfsCTYac7y_Q2clL5Z_iq9ErQDcmXvD7MH0quQHWaorhbknuALQIgMfU55_1PQ8cnvqLeZZoXBK84oKlfRKu-CXtpJ6esqGhcABn_7wCbX1aEjTK4DTsEKEEJkCITpCqIqJWzZa1zrKbRYAjpS0QNJtN3dnxTyoJWvG-tdnWknQs55XWYM95tMEQi6yxd90mjvw=w600-h500-no\" width=\"600\" height=\"500\" class \/><p class=\"wp-caption-text\">A sempre linda apresentadora da TV GLOBO, F\u00c1TIMA BERNARDES, um exemplo de mulher.<\/p><\/div>\n<div style=\"width: 610px\" class=\"wp-caption aligncenter\"><img loading=\"lazy\" src=\"https:\/\/lh3.googleusercontent.com\/5rBXNSjh2ayNTL6UsHNcIyVks9iVTjF3wpG8KxzqlAZ0hm2xc0M_byQinZhIPXHiuFzTl5OiWpxTctcuKHy_qj0fWdTmxh0JZ3RIFbG2sgT7LdJPku8hvCzMmqHUzN4qBX4syFib1-dkIB4d-Rj-8nHfjv2hzIBhugUKEE2QVx7jlh4ZMWNJ8HnzzrIZBC-E8WRcFAOn18RYJ8VlJZ0lU142Cdsr4BXTD-7azHovnGnG5HVTNOliJPaAPKJQgQVK5A-Uw_4Ej7fJ99nCsFeUPwP-cPZoCcwFuApWL9LOo9hcFakheOEdKLLaMazDsFuSM4FLur6nC-vMrIkKv0Yq61us5LR8z2skYvrlmys8gL1V64Iiuk8dBcDMZjJkrSGdqjSoNYLComJuEdYq6ENlAZTWHOb6h77JHtB3lMzeUj-A4WvDixvrcPunIPyujcQiJPBy7X9BIxrR-MIKDZasToIMNuKgXWUKgdpBXvALQLGfSvujFTaeJBvsOrT62OIqh_rQEuHiTYfsKQsEqGQQjcpJ9pvM2VnDYcN-u0dYjrCrGhOuRRB1UW9yv0dKTAOFBrCNL0U49w6KEY5qYRpE5U7W6FJ-vQZnTj5rqDtRoFUo1T01ew=w600-h500-no\" width=\"600\" height=\"500\" class \/><p class=\"wp-caption-text\">O Prefeito do RIO DE JANEIRO, EDUARDO PAES ladeado pelo cordelista (cego) de JUAZEIRO DO NORTE, MESTRE EG\u00cdDIO e PEDRO PAULO, todos pela BEATIFICA\u00c7\u00c3O DO PADRE C\u00cdCERO!<\/p><\/div>\n<p>\t<b><center> 3) AS FOTOS DESTAQUES DA SEMANA. <\/center><\/b><\/p>\n<div style=\"width: 610px\" class=\"wp-caption aligncenter\"><img loading=\"lazy\" src=\"https:\/\/lh3.googleusercontent.com\/fNXvCfYAPGxq6orh5Sgv6llQUCii1wDVBqjO9YP0C1gN5NcZ1Se3POr4wchGbocWOv3SGHpo8H7BFmO4F_N3e5Tnw_GnEcKk2mGf4qOk2ZANZQIcoeoCPXn1O8jM2MdMh8dnzN9tadSQ1Qk5Q2sBPBNQFVLmZDml_dKrs9c4e43tFRb1TyMjs5FYkbsEc5iHyIMBLkzhgf8lov-nzVsaLR4K8QeopOCWanKt2Cc4liksJxCfGIqa69u7-AMmnISGFIRHz0G5zlibX-kODvCulyK3xg-zYbRzdwU7Dk_WjN00fZlZ61eMl05z6VsrrpWIFwicKSUTqQJvb_Svt1PVCM3_mR5c-s_UP4ysT3iIxWHGXR9S6h09-wTXKF58oEEYxyhvPngsUpFi4jE8LZqsM1m8HDaCwXu4KCGfk-Q4VaXbZ4N3bQkz8wo60-ZLiWq3_M1ZYwuWGvj8o3jzO9VZ91NjTC43ZXkb8WPvpzyK5EbEB9JkqSP0FgD4unFJ6yO3SGQkp12nltoLSLXu04FUNGaQhKJU0_bt1u2CqPy3UfmzapkHUtg6J1muRgy4ZhNEYIXbKobbdq-dVOb7yFG2Yc6LP-L1kzgDyq4UJ3eoBxGRbJro3g=w600-h500-no\" width=\"600\" height=\"500\" class \/><p class=\"wp-caption-text\">Mais um amigo que se vai! Faleceu na \u00faltima sexta feira (30-09-2016) e foi sepultado no s\u00e1bado, o amigo de muitos anos de JOS\u00c9 LEITE, NALDO RODRIGUES que aparece na foto acima (cabelos brancos) ao lado do tamb\u00e9m saudoso amigo PAULO PATURY que faleceu no \u00faltimo m\u00eas de JULHO. Aparecem tamb\u00e9m na foto JOS\u00c9 LEITE e a esposa de PAULO, Dona SELENE PINTO PATURY. (Foto: 24-05-2016).<\/p><\/div>\n<div style=\"width: 610px\" class=\"wp-caption aligncenter\"><img loading=\"lazy\" src=\"https:\/\/lh3.googleusercontent.com\/NCvuydCDkzcO6Ks37gzXhN9AWOKl6rS2JuSMSoWqvHARseRhhKPpdgO0Y39mweBXSZxCSCpk7b11Q6YiDAamTYgvS5E9h8l-2Vulf-nR5uPq6TgwzKceLEw_HUQcINhBV2wWDTIVyNmhQpDbiVkuHAKUm3yfi7g8JU0QYhlSFgw5s_gYauLZzyJQOp6SaOAGyoq76Y6aVp697tDIuouq1JPl-ihsyReakmaUdcGhFsijHB7v_2was_6K-7zjHpiMKIVte0JOJ7XT1JFIqY3BC_K3TXy95iJDQvQqHhJE3nRXz6V1Z8j6FnT1p7JhhaR9P66LXyf1G7iihJGHk0LImAhZSAakSnacXZpmx1TnsbjQDFnX6bIcBxhp-awNgYUj3fYCdTy30U8YUo-vbcDym8tA3Ie9qEaB54cQaCnAuICfnNMJGWDsb1XOM-2zr_oC8ShzD9BKBMazKWq12ys0Xv3TlX1ecCSI44MWBndyK1rR9EW9zCHPOLEKH-m14VCL9NK4k1fIyuH4Evtuo7T9yP2QuoOx0odm74abvRVHUdeZswwAYt-mSF6doRCUCybSt8Gah9ChMkauSoH8P5P6psdBcAAgqvq6qyX0ydEk0bFiYdSiRw=w600-h500-no\" width=\"600\" height=\"500\" class \/><p class=\"wp-caption-text\">Na foto: JOS\u00c9 LEITE homenageando LUCIENE CAVALCANTE LOPES, uma das funcion\u00e1rias mais antigas da ORGANIZA\u00c7\u00c3O JOS\u00c9 LEITE DE SOUZA. A Empresa, na \u00faltima sexta feira (30-09-2016) comemorou 50 ANOS DE EXIST\u00caNCIA.<br \/>\n(Foto: 30-09-2016).<br \/><\/p><\/div>\n<p><b><center> E NO MAIS&#8230; <\/center><\/b><\/p>\n<div style=\"width: 610px\" class=\"wp-caption aligncenter\"><img loading=\"lazy\" src=\"https:\/\/lh3.googleusercontent.com\/LW4vLx3kcqdQs10-9TvkIiPa4kqXGbZRGyhY1t_RxLlVrZp2VylwONIxxKDedHPCKQIkwXNTI17ylFJl7YCNQaiROLtjxHz8cecJuILlWMy3dHdNTd_nY1V9P6K8OCCDw0v6hQ4gGuIsT8j3iHfymaN64bn2dcCVBC1Jn3-B1tnVQPEknlEQ-pc-F4USDZbq_1X2O8sc9HWT3b-GUzItFeuIPDzQTTm86i5m4BM5oI4h7ex007ctBBtR1mwTR29j5nbfRraTQdRS6lQ5cY-qFwrd1pMEXsaJWuH_wB51nsZCqyOagr6vSpZM2xUVxKOppwAffIE_qE-a12qTDKhqv1cgwa0bR2trI2edmNnE-Ac8fdyWPKsjxObVg1oYCGMiLzI2oLQgodvSQ937t-GeAbI0Iy8QEXg3xdNuK8UYaqOGoibNdEKXdNq3aGO1OGYfuy2nB3EKlwxc5FkgDmA-pRMqaMreNhxtu58sGC9JANAUMOmJB1OfqvoPi_VYSbj976e16W9rpyHXr1uG81cK4Ov43M3hCVic0nZ7oFIZgvVhahQX2j9KHmo_IvwKA_jvCIKGuuj1_Ct4ssnYhCfufJooGfNgOZtkIz_zHpDbUJ2BUEJKQw=w600-h500-no\" width=\"600\" height=\"500\" class \/><p class=\"wp-caption-text\">Precisamente neste come\u00e7o de m\u00eas de Outubro, JOS\u00c9 LEITE come\u00e7ou uma DISPUTA com um V\u00c2NDALO (PICHADOR) que est\u00e1 pintando uma frase indecorosa na lateral do OBELISCO DA AVENIDA 2 DE JULHO. No \u00faltimo s\u00e1bado, pela segunda vez, foi apagada. Na foto clicada no OBELISCO aparecem as amigas NADJA ARG\u00d4LO, sua mam\u00e3e e a amiga LEILA CHALHOUB. Observe na foto acima o local da PICHA\u00c7\u00c3O.<br \/>\n(Foto: 01-10-2016).<br \/><\/p><\/div>\n<p>&#8212;<br \/>\n<span style=\"color: blue;\"><b>Para ver o BA\u00da da semana passada clique<\/b><a href=\"http:\/\/www.r2cpress.com.br\/v1\/2016\/09\/30\/do-fundo-do-bau-de-jose-leite-257\/\" target=\"_news\"><b> AQUI.<\/b><\/a><\/span><\/p>\n<p>&#8212;<br \/>\nTexto e fotos: Jos\u00e9 Leite de Souza<br \/>\njleitesouza@hotmail.com<br \/>\n(73) 3634-3134<\/p>\n","protected":false},"excerpt":{"rendered":"<p>1) FLASH DAS ELEI\u00c7\u00d5ES 2016. 2) SEJA UM ARTISTA GLOBAL. 3) AS FOTOS DESTAQUES DA SEMANA.<\/p>\n","protected":false},"author":2,"featured_media":0,"comment_status":"open","ping_status":"open","sticky":false,"template":"","format":"standard","meta":{"_links_to":"","_links_to_target":""},"categories":[10],"tags":[],"_links":{"self":[{"href":"https:\/\/www.r2cpress.com.br\/v1\/wp-json\/wp\/v2\/posts\/103623"}],"collection":[{"href":"https:\/\/www.r2cpress.com.br\/v1\/wp-json\/wp\/v2\/posts"}],"about":[{"href":"https:\/\/www.r2cpress.com.br\/v1\/wp-json\/wp\/v2\/types\/post"}],"author":[{"embeddable":true,"href":"https:\/\/www.r2cpress.com.br\/v1\/wp-json\/wp\/v2\/users\/2"}],"replies":[{"embeddable":true,"href":"https:\/\/www.r2cpress.com.br\/v1\/wp-json\/wp\/v2\/comments?post=103623"}],"version-history":[{"count":2,"href":"https:\/\/www.r2cpress.com.br\/v1\/wp-json\/wp\/v2\/posts\/103623\/revisions"}],"predecessor-version":[{"id":103626,"href":"https:\/\/www.r2cpress.com.br\/v1\/wp-json\/wp\/v2\/posts\/103623\/revisions\/103626"}],"wp:attachment":[{"href":"https:\/\/www.r2cpress.com.br\/v1\/wp-json\/wp\/v2\/media?parent=103623"}],"wp:term":[{"taxonomy":"category","embeddable":true,"href":"https:\/\/www.r2cpress.com.br\/v1\/wp-json\/wp\/v2\/categories?post=103623"},{"taxonomy":"post_tag","embeddable":true,"href":"https:\/\/www.r2cpress.com.br\/v1\/wp-json\/wp\/v2\/tags?post=103623"}],"curies":[{"name":"wp","href":"https:\/\/api.w.org\/{rel}","templated":true}]}}