{"id":103722,"date":"2016-10-11T22:59:03","date_gmt":"2016-10-12T01:59:03","guid":{"rendered":"http:\/\/www.r2cpress.com.br\/v1\/?p=103722"},"modified":"2016-10-11T22:59:03","modified_gmt":"2016-10-12T01:59:03","slug":"missa-de-protecao-das-criancas-e-jovens","status":"publish","type":"post","link":"https:\/\/www.r2cpress.com.br\/v1\/2016\/10\/11\/missa-de-protecao-das-criancas-e-jovens\/","title":{"rendered":"Missa de Prote\u00e7\u00e3o das crian\u00e7as e jovens"},"content":{"rendered":"<p>Amigos devotos do Cora\u00e7\u00e3o de Jesus,<\/p>\n<p>Se voc\u00ea ainda n\u00e3o est\u00e1 <a href=\"http:\/\/e.aascj.org.br\/bendar\/?atmca=4202231&amp;atmme=657545&amp;atmte=1&amp;atmso=ck&amp;utm_content=141292371&amp;atmem=cjJjcHJlc3NAZ2xvYm8uY29t&amp;\" target=\"_blank\" rel=\"noreferrer\">inscrito no grupo Fam\u00edlias do Sagrado Cora\u00e7\u00e3o de Jesus<\/a>, veja se est\u00e1 enfrentando alguma dessas situa\u00e7\u00f5es:<\/p>\n<p>1. filhos e\/ou netos adolescentes com a personalidade em forma\u00e7\u00e3o entrando em choque com a fam\u00edlia e tornando o<strong>conv\u00edvio familiar insuport\u00e1vel<\/strong>;<\/p>\n<p>2. filhos e\/ou netos com problemas escolares, falta de concentra\u00e7\u00e3o, m\u00e1 disciplina, notas ruins, m\u00e1s companhias ou m\u00e1s influ\u00eancias na escola;<\/p>\n<p>3. filhos e\/ou netos que come\u00e7am a ter dist\u00farbios de comportamento que te fazem recear: <strong>&#8220;ser\u00e1 que est\u00e1 usando drogas?&#8221;<\/strong>;<\/p>\n<p>Voc\u00ea se sente impotente: j\u00e1 tentou se aconselhar, falar com professores, conhecer os amigos, levou a psic\u00f3logos e\u0085 NADA.<\/p>\n<p>E voc\u00ea conhece muitos amigos, muitos mesmo, que enfrentam problemas semelhantes e at\u00e9 piores.<\/p>\n<p><strong>J\u00e1 pensou em mandar rezar Missas<br \/>\npara essas crian\u00e7as e jovens?<\/strong><\/p>\n<p>Temos in\u00fameros depoimentos de pessoas que depois que se inscreveram no <a href=\"http:\/\/e.aascj.org.br\/bendar\/?atmca=4202231&amp;atmme=657545&amp;atmte=1&amp;atmso=ck&amp;utm_content=141292371&amp;atmem=cjJjcHJlc3NAZ2xvYm8uY29t&amp;\" target=\"_blank\" rel=\"noreferrer\">grupo Fam\u00edlias do Sagrado Cora\u00e7\u00e3o de Jesus<\/a>esqueceram desses problemas que as afligiam.<\/p>\n<p><strong>Ou voc\u00ea vai continuar batendo cabe\u00e7a com eles,<\/strong> ficando noites acordado, revistando suas coisas, tomando informa\u00e7\u00f5es sobre os amigos\u0085 <strong>E-TER-NA-MEN-TE<\/strong> ???<\/p>\n<p>Agora, nossa Associa\u00e7\u00e3o lhe d\u00e1 a oportunidade \u00fanica de voc\u00ea ter acesso ao <a href=\"http:\/\/e.aascj.org.br\/bendar\/?atmca=4202231&amp;atmme=657545&amp;atmte=1&amp;atmso=ck&amp;utm_content=141292371&amp;atmem=cjJjcHJlc3NAZ2xvYm8uY29t&amp;\" target=\"_blank\" rel=\"noreferrer\">Calend\u00e1rio das mais de 60 missas<\/a> que mandamos celebrar todos os anos.<\/p>\n<p>Voc\u00ea entra l\u00e1 diretamente, com sua senha pessoal, e escreve direto no <a href=\"http:\/\/e.aascj.org.br\/bendar\/?atmca=4202231&amp;atmme=657545&amp;atmte=1&amp;atmso=ck&amp;utm_content=141292371&amp;atmem=cjJjcHJlc3NAZ2xvYm8uY29t&amp;\" target=\"_blank\" rel=\"noreferrer\">livro da Missa<\/a> seus pedidos, suas preocupa\u00e7\u00f5es, as gra\u00e7as que seus filhos e\/ou netos necessitam, com total privacidade.<\/p>\n<p><strong>E tudo isso poder\u00e1 ser tratado,<br \/>\ndiretamente com Deus,<br \/>\nno altar da Santa Missa.<\/strong><\/p>\n<p>Algo que muitos esquecem de fazer: pedir a Deus que transforme tudo com uma gra\u00e7a extraordin\u00e1ria.<\/p>\n<p><strong>ELE PODE TUDO!<\/strong><\/p>\n<p>Saiba como ser uma <a href=\"http:\/\/e.aascj.org.br\/bendar\/?atmca=4202231&amp;atmme=657545&amp;atmte=1&amp;atmso=ck&amp;utm_content=141292371&amp;atmem=cjJjcHJlc3NAZ2xvYm8uY29t&amp;\" target=\"_blank\" rel=\"noreferrer\">Fam\u00edlia do Sagrado Cora\u00e7\u00e3o de Jesus<\/a> e poder fazer TODOS os seus pedidos de ora\u00e7\u00f5es em <strong>mais de 60 Missas anuais<\/strong>.<\/p>\n<p><em>Louvado Seja Nosso Senhor Jesus Cristo!<\/em><\/p>\n<p><strong><em>Elza Maria Franco Soares<\/em><\/strong><br \/>\nVice-presidente da Associa\u00e7\u00e3o<br \/>\nApostolado do Sagrado Cora\u00e7\u00e3o de Jesus<\/p>\n<p>PS &#8211; Pense nisso tudo. Mas hoje, eu vou liberar seu acesso \u00e0\u00a0<em><strong>Missa de Prote\u00e7\u00e3o das crian\u00e7as e jovens<\/strong><\/em>. <a href=\"http:\/\/e.aascj.org.br\/bendar\/?atmca=4202231&amp;atmme=657545&amp;atmte=1&amp;atmso=ck&amp;utm_content=141292372&amp;atmem=cjJjcHJlc3NAZ2xvYm8uY29t&amp;\" target=\"_blank\" rel=\"noreferrer\"><strong>Entre neste link<\/strong><\/a> e j\u00e1 coloque o nome das suas crian\u00e7as e jovens. <strong>Corra, ela ser\u00e1 rezada amanh\u00e3 \u00e0s 11 horas<\/strong>. Estamos franqueando essa Missa excepcionalmente para pessoas que ainda n\u00e3o estejam inscritas nas Fam\u00edlias do Sagrado Cora\u00e7\u00e3o de Jesus.<\/p>\n<p>&nbsp;<\/p>\n","protected":false},"excerpt":{"rendered":"<p>Amigos devotos do Cora\u00e7\u00e3o de Jesus, Se voc\u00ea ainda n\u00e3o est\u00e1 inscrito no grupo Fam\u00edlias do Sagrado Cora\u00e7\u00e3o de Jesus, veja se est\u00e1 enfrentando alguma dessas situa\u00e7\u00f5es: 1. filhos e\/ou netos adolescentes com a personalidade em forma\u00e7\u00e3o entrando em choque com a fam\u00edlia e tornando oconv\u00edvio familiar insuport\u00e1vel; 2. filhos e\/ou netos com problemas escolares, [&hellip;]<\/p>\n","protected":false},"author":2,"featured_media":0,"comment_status":"open","ping_status":"open","sticky":false,"template":"","format":"standard","meta":{"_links_to":"","_links_to_target":""},"categories":[18,28],"tags":[],"_links":{"self":[{"href":"https:\/\/www.r2cpress.com.br\/v1\/wp-json\/wp\/v2\/posts\/103722"}],"collection":[{"href":"https:\/\/www.r2cpress.com.br\/v1\/wp-json\/wp\/v2\/posts"}],"about":[{"href":"https:\/\/www.r2cpress.com.br\/v1\/wp-json\/wp\/v2\/types\/post"}],"author":[{"embeddable":true,"href":"https:\/\/www.r2cpress.com.br\/v1\/wp-json\/wp\/v2\/users\/2"}],"replies":[{"embeddable":true,"href":"https:\/\/www.r2cpress.com.br\/v1\/wp-json\/wp\/v2\/comments?post=103722"}],"version-history":[{"count":2,"href":"https:\/\/www.r2cpress.com.br\/v1\/wp-json\/wp\/v2\/posts\/103722\/revisions"}],"predecessor-version":[{"id":103724,"href":"https:\/\/www.r2cpress.com.br\/v1\/wp-json\/wp\/v2\/posts\/103722\/revisions\/103724"}],"wp:attachment":[{"href":"https:\/\/www.r2cpress.com.br\/v1\/wp-json\/wp\/v2\/media?parent=103722"}],"wp:term":[{"taxonomy":"category","embeddable":true,"href":"https:\/\/www.r2cpress.com.br\/v1\/wp-json\/wp\/v2\/categories?post=103722"},{"taxonomy":"post_tag","embeddable":true,"href":"https:\/\/www.r2cpress.com.br\/v1\/wp-json\/wp\/v2\/tags?post=103722"}],"curies":[{"name":"wp","href":"https:\/\/api.w.org\/{rel}","templated":true}]}}