{"id":103732,"date":"2016-10-12T11:22:45","date_gmt":"2016-10-12T14:22:45","guid":{"rendered":"http:\/\/www.r2cpress.com.br\/v1\/?p=103732"},"modified":"2016-10-12T11:23:55","modified_gmt":"2016-10-12T14:23:55","slug":"o-dia-dela","status":"publish","type":"post","link":"https:\/\/www.r2cpress.com.br\/v1\/2016\/10\/12\/o-dia-dela\/","title":{"rendered":"O DIA DELA !!!!"},"content":{"rendered":"<h2 class=\"turismo_texto\" style=\"text-align: center;\"><span style=\"color: #000000;\"><strong>Hist\u00f3ria de Nossa Senhora da Concei\u00e7\u00e3o Aparecida<\/strong><\/span><\/h2>\n<div id=\"attachment_103733\" style=\"width: 188px\" class=\"wp-caption aligncenter\"><a href=\"http:\/\/www.r2cpress.com.br\/v1\/wp-content\/uploads\/2016\/10\/nossa-senhora-APARECIDA.jpg\"><img aria-describedby=\"caption-attachment-103733\" loading=\"lazy\" class=\"size-full wp-image-103733\" src=\"http:\/\/www.r2cpress.com.br\/v1\/wp-content\/uploads\/2016\/10\/nossa-senhora-APARECIDA.jpg\" alt=\"NSA\" width=\"178\" height=\"250\" \/><\/a><p id=\"caption-attachment-103733\" class=\"wp-caption-text\"><strong>NSA<\/strong><\/p><\/div>\n<p class=\"turismo_texto\">O rio Para\u00edba, que nasce em S\u00e3o Paulo e des\u00e1gua no litoral fluminense, era limpo e piscoso em 1717, quando os pescadores Domingos Garcia, Felipe Pedroso e Jo\u00e3o Alves resgataram a imagem de Nossa Senhora Aparecida de suas \u00e1guas.<br \/>\nEncarregados de garantir o almo\u00e7o do conde de Assumar, ent\u00e3o governador da prov\u00edncia de S\u00e3o Paulo, que visitava a Vila de Guaratinguet\u00e1, eles subiam o rio e lan\u00e7avam as redes sem muito sucesso pr\u00f3ximo ao porto de Itagua\u00e7u, at\u00e9 que recolheram o corpo da imagem. Na segunda tentativa, trouxeram a cabe\u00e7a e, a partir desse momento, os peixes pareciam brotar ao redor do barco.<br \/>\nDurante 15 anos, Pedroso ficou com a imagem em sua casa, onde recebia v\u00e1rias pessoas para rezas e novenas. Mais tarde, a fam\u00edlia construiu um orat\u00f3rio para a imagem, at\u00e9 que em 1735, o vig\u00e1rio de Guaratinguet\u00e1 erigiu uma capela no alto do Morro dos Coqueiros.Como o n\u00famero de fi\u00e9is fosse cada vez maior, teve in\u00edcio em 1834 a constru\u00e7\u00e3o da chamada Bas\u00edlica Velha.<br \/>\nO ano de 1928 marcou a passagem do povoado nascido ao redor do Morro dos Coqueiros a munic\u00edpio e, um ano depois, o papa Pio XI proclamava a santa como Rainha do Brasil e sua padroeira oficial.<br \/>\nA necessidade de um local maior para os romeiros era inevit\u00e1vel e em 1955 teve in\u00edcio a constru\u00e7\u00e3o da Bas\u00edlica Nova, que em tamanho s\u00f3 perde para a de S\u00e3o Pedro, no Vaticano.<br \/>\nO arquiteto Benedito Calixto idealizou um edif\u00edcio em forma de cruz grega, com 173m de comprimento por 168m de largura; as naves com 40m e a c\u00fapula com 70m de altura, capaz de abrigar 45 mil pessoas. Os 272 mil metros quadrados de estacionamento comportam 4 mil \u00f4nibus e 6 mil carros. Tudo isso para atender cerca de 7 milh\u00f5es de romeiros por ano.<\/p>\n<div class=\"turismo_texto\"><strong>Milagres das Velas<\/strong><\/div>\n<p><!--more--><\/p>\n<div class=\"turismo_texto\">Estando a noite serena, repentinamente as duas velas que iluminavam a Santa se apagaram. Houve espanto entre os devotos, e Silvana da Rocha, querendo acend\u00ea-las novamente, nem tentou, pois elas acenderam por si mesmas. Este foi o primeiro milagre de Nossa Senhora.<\/div>\n<div class=\"turismo_texto\"><\/div>\n<div class=\"turismo_texto\"><strong>Caem as Correntes<\/strong>Em meados de 1850, um escravo chamado Zacarias, preso por grossas correntes, ao passar pelo Santu\u00e1rio, pede ao feitor permiss\u00e3o para rezar \u00e0 Nossa Senhora Aparecida. Recebendo autoriza\u00e7\u00e3o, o escravo se ajoelha e reza contrito. As correntes, milagrosamente, soltam-se de seus pulsos deixando Zacarias livre.<\/p>\n<\/div>\n<div class=\"turismo_texto\"><strong>Cavaleiro sem F\u00e9<\/strong>Um cavaleiro de Cuiab\u00e1, passando por Aparecida, ao se dirigir para Minas Gerais, viu a f\u00e9 dos romeiros e come\u00e7ou a zombar, dizendo, que aquela f\u00e9 era uma bobagem. Quis provar o que dizia, entrando a cavalo na igreja. N\u00e3o conseguiu. A pata de seu cavalo se prendeu na pedra da escadaria da igreja ( Bas\u00edlica Velha ), e o cavaleiro arrependido, entrou na igreja como devoto.<\/p>\n<\/div>\n<div class=\"turismo_texto\"><strong>A Menina Cega<\/strong>M\u00e3e e filha caminhavam \u00e0s margens do rio Para\u00edba, quando surpreendentemente a filha cega de nascen\u00e7a comenta surpresa com a m\u00e3e : &#8220;M\u00e3e como \u00e9 linda esta igreja&#8221; (Bas\u00edlica Velha).<\/p>\n<\/div>\n<div class=\"turismo_texto\"><strong>Menino no Rio<\/strong>O Pai e o filho foram pescar, durante a pescaria a correnteza estava muito forte e por um descuido o menino caiu no rio e n\u00e3o sabia nadar, a correnteza o arrastava cada vez mais r\u00e1pido e o pai desesperado pede a Nossa Senhora Aparecida para salvar o menino. De repente o corpo do menino para de ser arrastado, enquanto a forte correnteza continua e o pai salva o menino.<\/p>\n<\/div>\n<div class=\"turismo_texto\"><strong>O ca\u00e7ador<\/strong>Um ca\u00e7ador estava voltado de sua ca\u00e7ada j\u00e1 sem muni\u00e7\u00e3o, derepente ele se deparou com uma enorme on\u00e7a. Ele se viu encurralado e a on\u00e7a estava prestes a atacar, ent\u00e3o o ca\u00e7ador pede desesperado a Nossa Senhora Aparecida por sua vida, a on\u00e7a vira e vai embora.<\/p>\n<p>&#8212;<\/p>\n<p><span style=\"color: #800080;\"><em><strong>http:\/\/www.portalvale.com.br\/cidades\/aparecida\/historia-de-nossa-senhora-aparecida.php<\/strong><\/em><\/span><\/p>\n<\/div>\n","protected":false},"excerpt":{"rendered":"<p>Hist\u00f3ria de Nossa Senhora da Concei\u00e7\u00e3o Aparecida O rio Para\u00edba, que nasce em S\u00e3o Paulo e des\u00e1gua no litoral fluminense, era limpo e piscoso em 1717, quando os pescadores Domingos Garcia, Felipe Pedroso e Jo\u00e3o Alves resgataram a imagem de Nossa Senhora Aparecida de suas \u00e1guas. Encarregados de garantir o almo\u00e7o do conde de Assumar, [&hellip;]<\/p>\n","protected":false},"author":2,"featured_media":0,"comment_status":"open","ping_status":"open","sticky":false,"template":"","format":"standard","meta":{"_links_to":"","_links_to_target":""},"categories":[18,28],"tags":[],"_links":{"self":[{"href":"https:\/\/www.r2cpress.com.br\/v1\/wp-json\/wp\/v2\/posts\/103732"}],"collection":[{"href":"https:\/\/www.r2cpress.com.br\/v1\/wp-json\/wp\/v2\/posts"}],"about":[{"href":"https:\/\/www.r2cpress.com.br\/v1\/wp-json\/wp\/v2\/types\/post"}],"author":[{"embeddable":true,"href":"https:\/\/www.r2cpress.com.br\/v1\/wp-json\/wp\/v2\/users\/2"}],"replies":[{"embeddable":true,"href":"https:\/\/www.r2cpress.com.br\/v1\/wp-json\/wp\/v2\/comments?post=103732"}],"version-history":[{"count":4,"href":"https:\/\/www.r2cpress.com.br\/v1\/wp-json\/wp\/v2\/posts\/103732\/revisions"}],"predecessor-version":[{"id":103737,"href":"https:\/\/www.r2cpress.com.br\/v1\/wp-json\/wp\/v2\/posts\/103732\/revisions\/103737"}],"wp:attachment":[{"href":"https:\/\/www.r2cpress.com.br\/v1\/wp-json\/wp\/v2\/media?parent=103732"}],"wp:term":[{"taxonomy":"category","embeddable":true,"href":"https:\/\/www.r2cpress.com.br\/v1\/wp-json\/wp\/v2\/categories?post=103732"},{"taxonomy":"post_tag","embeddable":true,"href":"https:\/\/www.r2cpress.com.br\/v1\/wp-json\/wp\/v2\/tags?post=103732"}],"curies":[{"name":"wp","href":"https:\/\/api.w.org\/{rel}","templated":true}]}}