{"id":103766,"date":"2016-10-14T20:00:43","date_gmt":"2016-10-14T23:00:43","guid":{"rendered":"http:\/\/www.r2cpress.com.br\/v1\/?p=103766"},"modified":"2016-10-13T20:49:38","modified_gmt":"2016-10-13T23:49:38","slug":"do-fundo-do-bau-de-jose-leite-258","status":"publish","type":"post","link":"https:\/\/www.r2cpress.com.br\/v1\/2016\/10\/14\/do-fundo-do-bau-de-jose-leite-258\/","title":{"rendered":"DO FUNDO DO BA\u00da DE JOS\u00c9 LEITE."},"content":{"rendered":"<p><center><img loading=\"lazy\" src=\"http:\/\/www.r2cpress.com.br\/v1\/wp-content\/uploads\/Novo-visual-do-Bau_400L21.jpg\" width=\"400\" height=\"320\" class=\"aligncenter\" \/><br \/>\n<strong>1) SEJA UM ARTISTA GLOBAL! (2\u00aa PARTE).<br \/>\n2) PARAB\u00c9NS PARA UM GRANDE ARTISTA.<br \/>\n3) FLASH DAS ELEI\u00c7\u00d5ES 2016. (FINAL).<br \/>\n4) AS FOTOS DESTAQUES DA SEMANA. <\/strong><\/center><\/p>\n<p><!--more--><\/p>\n<p><b><center>**************************************************************<\/center><\/b><\/p>\n<p><center>1) SEJA UM ARTISTA GLOBAL! (2\u00aa PARTE).<\/center>V\u00e1rios artistas e Cantores da Televis\u00e3o Brasileira e outras autoridades e personalidades j\u00e1 foram clicadas com a imagem do PADRE C\u00cdCERO. Agora chegou sua vez, procure JOS\u00c9 LEITE na \u00d3TICA SAFIRA para tamb\u00e9m ser fotografado com MEU PADIM. Primeiro sua foto sai no BA\u00da e depois, quem sabe, tamb\u00e9m na Televis\u00e3o.<\/p>\n<div style=\"width: 610px\" class=\"wp-caption aligncenter\"><img loading=\"lazy\" src=\"https:\/\/lh3.googleusercontent.com\/n7-Qw2fgsgVMKu-K0NZl7t5igdLqg0PAHjplJo9H4UItkM90RbgSVGQMTpfVj0Hu2u9QHKL69aKtfPTXs6Pi6p0Hc1RoxOJ5DA1KI5EBXIe3bOD00LJarCm-KFYoGiWvjW5fSKGaZuAg1ygTeFA42u-VQGEwwTqNshUsZLKewjikzvIHIJec8tobqbcz9SHqIeAdIt4uLD_A02FnQdi57bnMmEirmhZNTdg6lqGyMkrUgd39gmVNdK_2RpH6D5z_X18hOJlRBoyQN7bEmoEa-PgyXmnuEODfIPmz13eN7K8LDP3NnQ_kF5u-GoEqXezkJYWsx37fGN5INIRh3j9ysL4PdpMFCbR5ovVlIOzM3ArFtUKo3XH3T6ziqiKMqByKyvxNOFHK9F7aRC-2TlpGT3J7GHOvI_oLxEuaQIgxFqnNge4kMbJY_z6NGYV3ToPfmhHjgXpORLV2umvt-N45A4Kk0oCwAb-Q6SxcpDROmw20Rt7qsETPZMM3wGs7QaaNtOnb4-Qd0kaou0y1w1gE-UP7jca9R-FgPp9F3Yb43qucteYODjKEJELCdVrP4QpJfbQQ-afcM2_lnEnz-AkuQePHdP_x_NnVzCQuOEIw3FZBtNk7FQ=w600-h500-no\" width=\"600\" height=\"500\" class \/><p class=\"wp-caption-text\">Na foto o Ator da TV GLOBO BRUNO GARCIA, tamb\u00e9m torcendo pela BEATIFICA\u00c7\u00c3O do PADRE C\u00cdCERO.<\/p><\/div>\n<div style=\"width: 610px\" class=\"wp-caption aligncenter\"><img loading=\"lazy\" src=\"https:\/\/lh3.googleusercontent.com\/QJy81KpM1N0woGOcV7LkZFMH7lqsQjPv9CIfr9t-gjjkvejasSvfmyDqGt-tr-D623WZypRgQwTRsA103ZK-8kPI9ykOJFXVZtb90YfM4AFn4f-1xaFCvmu3oKLXI7S0_pAm13zT7CjFnxx7Zsm5hook0v7jfuWpcj6KRbWTD9efLj9fEDU_Ixsf9fcV7q6FJMePUVXHHMsrTIFjCbtdhy-bn72SMfPKphjcH9CKGS3lMYTInsVlUqYMhQ25m6bhQO0cYFXr93L574rWgjBaQbJaxAOcTkzXoxz8tNpxDM_cKhZnXJs9gSvrAkaCrKDmhYpXOvjZS3epF8MBa5720m1gWyloCOupHDz6BOJenf0mtCJMHueVzxUD-8nQH4SaWg3Sam8kvF15GVB37QqBDdKPD0LJmTM6mQZpMdE6qtGdVZI36VSUCOOjcDc-PNA86072VR457hDLaYPPq-6UVoYojyR8ZNTgxg1W23U6roz96AqwvSADCXpaIJjFh_VMXdsxWcWnsbI3QVWELSph-0ncCG24x-mkAjHqqCg9HWQmaPmQ5sPukbcfUkQWyOVZFpDqaeR0epxZLeniM8-hblBtJ3Nyut5uZAwp--28yhtrJ_EAnw=w600-h500-no\" width=\"600\" height=\"500\" class \/><p class=\"wp-caption-text\">A Atriz e Cantora EMANUELLE ARA\u00daJO quer ver o PADRE C\u00cdCERO CANONIZADO.<\/p><\/div>\n<div style=\"width: 610px\" class=\"wp-caption aligncenter\"><img loading=\"lazy\" src=\"https:\/\/lh3.googleusercontent.com\/aNLCzyuHruF9Yv36Tq8EC0CmN0mezw4ndd3ZzEdO3efzBdxst8QJ6Q71An1eUjmjk3VB50DqjLed-sdy1IIF9gjWgRXtB7_UX856hRK65MdlrUo0cVGbdFmz_5PPya_DEjmLNM6Jee6ttXb_J1NcGSE0m2eF0I3wVrnLQBo16yE973c7eZMr_6mOTgjUAlLVBW_cl2uDGuPPnJ6XmLrOGg5LoLSb0JwfQRFjwZwS8hmbX49GdT_fQSKqLAyaUYmOmPEKwj40-BzLsAg0UBgRrcGIIIgxy_3AkLU8y92c-V9F0iCHuo0tcZ8uHLnF0ut9YHFYt4JKfMVrClWiIqViCP-pnNOLF8aIqLAQN7l-TtEmGmdLCJUVa0FGNZH6P50e3fM4qcwDm_YuB2R9at5FtIoy3Q49XeDtl14xgkuHv7UzjJtOrtyrjJv9KmPhY79u2VlQGIxI38Ybq_dSt6vkxE-jTJ8gC7SB_pAAR3FxqKesYOhFv7Hvhq5_UugrNE-DVMyfhKbhPu6s2welyo1WGOkS8_l-etKvqQxg-PcwmB6ZmnwWjpnqrGAE5I3f7iDie9RcLZzKM1foU5pplk8aE6fhUTN0DY0EfjFgWopXf2uspr_iRg=w600-h500-no\" width=\"600\" height=\"500\" class \/><p class=\"wp-caption-text\">O amigo MARCELO FRAGA, Gerente do CENTRO DE TRADI\u00c7\u00d5ES NORDESTINAS (CTN) mais conhecida por FEIRA DE S\u00c3O CRIST\u00d3V\u00c3O (RIO DE JANEIRO), um grande batalhador pela BEATIFICA\u00c7\u00c3O e CANONIZA\u00c7\u00c3O do MEU PADIM. Foto: No Programa ENCONTRO COM F\u00c1TIMA BERNARDES (TV GLOBO).<\/p><\/div>\n<div style=\"width: 610px\" class=\"wp-caption aligncenter\"><img loading=\"lazy\" src=\"https:\/\/lh3.googleusercontent.com\/RA7M9_tn5S42YaaZ2o_fzfyee2qiSX7yxZFN299fBCGXGPtReDrpuavChBTGMxrUai4aCizPAnwuOXrk32QxNxmBJa4dP_HScskCYWFfEUSjJ7catciRVCF-YQiCD6hbFGSBCoreirVwIsETugP3uDWM-cHQiU00ZdOH06kAHteKKyzSLp7Us6YXotmcSc4vAoZ7uXGfq4rPvGU389GP-MfEyxNkm-C1Cu3EkyHHBxzL-ngZZ_23NFcOiPQdFSPCp1aO5zEpB0f03-6sUVb-Bn5NiaBGLyODRFrymXGHpSuF-SskAmc2DWTxwQhuZ38K3_It9sH-oyyKbyxgjj4OzKcJSy21Gxaky_Bbo1ewRKTLIzfq5dEFqAdSq-uIAbcYsQDUIMoEpyGoFHqlz1_ATCoK06HEs8de8N6dfUx-J9Yn0-KpiN1VERAMrPLhfFWkT6ABBcZM1D_lM_AcHU_Mzyd6mmGbcniTlOlRChSm7ZJM8bMdwz9WhY1BKQkQWzSAuslmVTOBKf8kG6Hdz5l-WWz8vzf5KCKA3qvmRp_HDrFB9tlNlIdxmyHDGbx82B6ClazA8CY3ReoFO1XQDdFzqu27Mz4LKOKEeoa8i4xUaakspqeh8w=w600-h500-no\" width=\"600\" height=\"500\" class \/><p class=\"wp-caption-text\">O amigo Coronel JAMIL RODRIGUES, outro Devoto do MEU PADIM. No pr\u00f3ximo ano (2017) tem um compromisso marcado, para viajar com JOS\u00c9 LEITE para ROMA e se encontrar com o PAPA FRANCISCO no VATICANO. \u00c9 DIF\u00cdCIL, MAS NADA \u00c9 IMPOSS\u00cdVEL!<\/p><\/div>\n<p><center>2) PARAB\u00c9NS PARA UM GRANDE ARTISTA!<\/center>O Pintor de mural e Artista Pl\u00e1stico RILDO FOGE, j\u00e1 foi homenageado pelo BA\u00da. Mas quando O CARA \u00e9 bom, tem de ser homenageado tantas vezes for preciso.<\/p>\n<div style=\"width: 519px\" class=\"wp-caption aligncenter\"><img loading=\"lazy\" src=\"https:\/\/lh3.googleusercontent.com\/ySswS9JB-Fi0o-HqhC9UCRpd_yeJDXciG2Vn5lO6D0SdHZDrk-M1vkskU0MbjZctCZCay9YP156_c8CgaLmet8MDBCzAd8nfnluKLJ4GRagEl_5kWaJUTm1pGgLIlzQvmZxelcsr9BypF3HzbjMPEi_YV5ocPj3INm9hcdm7DLvA_bEhXkVwT6gYugGtSNHZOZtGPEqslhMK2WyXFcIJqxTiqokxWvhnkH3UbhTlnYOlfUc-akZUwr7HnqF0550DHu9j6TRfG4IRxjUnav5pJUOEx7tOYFwuhcm1rrTtvSxqbi__4wxZf634n2W0IIol6zepPgtnhmOccQY6miTqXgdzkKOr1boHyabjVXZR-ecdDOwmsLuq6YQ8t_GrwMF4RsQGGZgO4fmAthx1R3h0Wm-UN8BfYFoAPAWDLTNMOX4aChLtg_hxH5Un9BysLrIFDrmmKZeBve-rgsIEyMgoMtYunrmG_IxS4k4Hlr5ywtes18ggoTVYwzVjM7B1kpyCCUEUjQY0OdZn8xwni68KocqHIQU1mK7Tusn4mz8gKqf6uAuFnOUNwYGnbplIbpp0OHcgAt5tWdv3mR6Ee10urpULJyBFtWf2trDP759OMda7lmvKgg=w509-h480-no\" width=\"509\" height=\"480\" class \/><p class=\"wp-caption-text\">O mais novo trabalho de RILDO FOGE, o MURAL da RUA BENTO BERILO no Centro de ILH\u00c9US. Observe a altura dessa muralha para um Pintor Trabalhar e ainda ficar tudo PERFEITO.<\/p><\/div>\n<div style=\"width: 610px\" class=\"wp-caption aligncenter\"><img loading=\"lazy\" src=\"https:\/\/lh3.googleusercontent.com\/rLzKs27pMbV4cbC7gvdMztJQ6Zkg4EwYe37iySoBVWfpREAjkgyJ4t7X42lykyH1vkDvPUb9fsvGVH0Xg8Vkuc2cPdV6kOQIkJdyEo71SV6b8xUh4T76emI-Ybc1b3JOVTSmAzITFv9EQ4PfLPzfanIH0UyKUTzRIDXQQCKsxNoTxMRql9T5YdQbKkOKxrhQ5uCF_nM-6OlMjEsC8AYpWCOMXFnouuYThAONShlL6aUnpN_YaUnibZWX7O2qXzc0p-REU23Z7TFlbZ9nKroJggRDRXMzBfeCtK-KCeEhCy-ZeWuDQNQF83sDAyuL7sVQy9AT0wp5aFdVo4u0edPCjb0JwK48G8BkRQTf2nrw6aR3Q9N7up-y7HXLSwbfRs7Dmq5mAcSAF-Ov_ThhwmbuWXctF4X76Wirbwf-8EIbdjtYSDd4B6NsMRTJwrlNvZq3uU4OatvDbzAcF5PFBAy2EYYTct5_R99vEHRDmyAr7K-m8KFhE8TvHaVGB15a9FkQWMy6MmK5LpspSzMjgtlesKudov_PcBEwg_sUVA6cAtMIYD943geFnD2IjMRTtLKIpM0Gda9BGynnbwInkQ-iF9k7OitZ3G2pkxBJ5OJtk-jP_vngiw=w600-h500-no\" width=\"600\" height=\"500\" class \/><p class=\"wp-caption-text\">No m\u00eas de Julho de 2013, JOS\u00c9 LEITE viajou com RILDO FOGE para JUAZEIRO DO NORTE onde foi feito um lindo MURAL com o PADRE C\u00cdCERO e o PAPA FRANCISCO. Esse trabalho foi destaque na p\u00e1gina de Turismo do JORNAL FOLHA DE S\u00c3O PAULO. Na foto: RILDO pintando o MURAL em JUAZEIRO DO NORTE.<\/p><\/div>\n<div style=\"width: 610px\" class=\"wp-caption aligncenter\"><img loading=\"lazy\" src=\"https:\/\/lh3.googleusercontent.com\/u_l7Gc8cGpSCLVGx-ZIcyE1x-6QBFSDjOc0rruN2CPe-BwpqK3ozk6UuTdIBdF3Nun7F2k3fkEB9-yxLZTIqY3MqSJh0nzrvQnyK-GpoTzCNPKWjMOL_4_9dsepr93cOg8n_KFEJvPqDuD2mT5VuU5znttu2Ih8ltnsb2mB2HjOUx8OYmUR0CUb3OTeS-IIXvJwKPl4_cPITFVEfQyeNLHyR7S9V7UbacXxr80gbttBuchOMNtZR1PfHsrRECyo_zRVmujr0395W-SAYqrj_MX_sg2kXDb6Sa7b_WMbM84HlSudzg8-IGJfzD-irqBy62vbgtFTw605NV2rn6fudfBh9oQ8H87HeF1Nh4OJ0uxOcLRP7zY4_5HEYAZ1OgPcNVyErUti8qd-HFpyCkbwJidMHcUctJ5At0Bwmpf8UOb508x7dU4DspkFx0djzEPwU9WVJHh2iAJaNdpRzMN--7um8sCjfRbnbWf6CTCppzFyACe8Ace9l8-36t5msdtXZsCcKiIc_9GGbHWQ65gDDDKemPA2T1LDTkL-86gqklMB_5YnCT1d7Y3qRIca1AlXk66-lga82PQ-x5BORSfXub5u56Gemjc74737UHVNsZYZEDYvMdw=w600-h500-no\" width=\"600\" height=\"500\" class \/><p class=\"wp-caption-text\">JOS\u00c9 LEITE e RILDO FOGE em JUAZEIRO DO NORTE.<br \/>\nPARAB\u00c9NS RILDO FOGE! ILH\u00c9US SE ORGULHA DE VOC\u00ca!<br \/><\/p><\/div>\n<p><center>3) FLASH DAS ELEI\u00c7\u00d5ES 2016. (FINAL).<\/center>Uma das novidades das elei\u00e7\u00f5es em JUAZEIRO DO NORTE foi a renuncia do Prefeito atual, Dr. RAIMUNDO MACEDO de se candidatar a reelei\u00e7\u00e3o faltando apenas 10 dias para o pleito.<\/p>\n<div style=\"width: 610px\" class=\"wp-caption aligncenter\"><img loading=\"lazy\" src=\"https:\/\/lh3.googleusercontent.com\/JyCcJuvQPK-ZgsmsLwidW16zFcpP4OeotTfNK6uRXJIp7-OY3gTTnRkgyO6YCeRfhErs27J4xBS5CJbUjLMrP4TUkL_wUqQrovNjoZOjLOr9WsSVYlqIg8PeUjPNdO5GbShjujOwWPs3oOjn80o0gSipK_fcHhDll7ZIOmQTJs6Z8k3DD3rWvxq1X4y9MtMhFxOj8WZ2Nh2tejiFQFQm0_7P5jvrkn3X7c4FMXMEULcX4KNvGdOpGTUcb6EL52CG2IMHyxjIoYSH-7aMZmrwxTPKzxoAqnet9PiqaKuz-OHOKA2eJ98e2xpqB1FNKeKlk8d5vgLVxHlXaNIL2jRqjODfL_MVbylTVBCJ-UU8nwQ-GNDyOvOUTRVn-oCJdyh1iRnZ-Zn5Q4B3Lczdx020kQ3D361Eevtg7QC6WVih4JA02VAVCwFsaai0d_P55_4WVnjlAQGWhcZWK_6G75KXritKAfZ1vXOBV4giXhOEitCnR48KbqHv-OV8wczr5U7wPaTLGUoD-5d4-Fw6etHuQKCpNV_PngmszPoDCiiv-RG3J2CkFxWv2owZybVFebfuuYv9txAGNAfnZG-YGzBAypdrwS7alred88_PLgWq3ZKELJnbvw=w600-h500-no\" width=\"600\" height=\"500\" class \/><p class=\"wp-caption-text\">Na foto o Prefeito Atual de JUAZEIRO DO NORTE Dr. RAIMUNDO ladeado por JOS\u00c9 LEITE e FRAN\u00c7A LEITE.<\/p><\/div>\n<div style=\"width: 610px\" class=\"wp-caption aligncenter\"><img loading=\"lazy\" src=\"https:\/\/lh3.googleusercontent.com\/ol9N0Dr9pT4SRS7hkgB9KTW2IFlK9K7TVOaJSC319e0DgbwLQ8Z2Ucj4Pc8y1TJCiaGK6-0K4CLy_EN8VIeFDb2ihfWL1-AYQr73fQpcrXF7UMYchHBRYw4NZjDrEEeGSu-Dqy04DDXKVPOO4T6xZsTh2Wmx1qqFBqjnhyx0R5BAzsnDllJewaJTrnXIQOUeoL2vFl6AjvLWfpPsNC4-KGK60i-PWnauze7Ik0lu778GBGOhXYHnKJ7ZslBS3iZfx2O8kSiZywDsVm0GgHmK2cUym38V3adbLuld5ujLnHvBJrJ0EuFwW9qs-5o9JRYxN26Zto0ZJ9OprExblrlse6KXuQzMldsCqytyNmufpL7rBEHppNEHzM2Lp3Q8NDrwykEEscabqdZiTJUp1AddVMg36d6v7fEUHBg0VpoZgqfkq4DN_ICjmhEtCxMoLTKffsIQIfB3Ya6X14TRJlabh78CmEOahXVQtTfl1tR5DJMD2bhpGlf1fXY4B1FmCzUjVlraKXQQwF-li_3YpEAjq6p1m3FF_8qIVv55jcEYfFnoV9WdeBxNQtfgzrgIL6x5SzUWx-AAZ4nhTbh6zQByYhsf_QwSlcJJzvnoaehynTPMk6__ig=w600-h500-no\" width=\"600\" height=\"500\" class \/><p class=\"wp-caption-text\">O Candidato a Prefeito de JUAZEIRO DO NORTE, GILMAR BENDER (lado direito) ficou em 2\u00ba lugar. Na foto: Lado esquerdo os amigos MARCELO FRAGA e SILVANO.<\/p><\/div>\n<div style=\"width: 610px\" class=\"wp-caption aligncenter\"><img loading=\"lazy\" src=\"https:\/\/lh3.googleusercontent.com\/L8WlI34xeL6c28efbEc3TIyZeV3DVl-b8rlH_gCYv2Sl4nT3LVxUF5o1cQljA-FkbwJ32j7RyhZHCb0arctD4hn5V0HdCt7kMtSHueOx7jaVJL_9RAwWAsMZN591nEa0JgPuHNlpTOtVc_KM5YrvQHj94ImIOG2K6qov090lR-yKWTJfLP18i_q5jbrveil2rCs6efnnyXBYPE4bDAIWCfI2uuDbNgA5PiGE-PYKV7EmIpffifIReZC6yU5gPDzXJLxErfzniw_daTQY38Gy2ougngDWgMQ1PjRsNPlvul26PkIaftkPc9oPz_qG9qWyJ48HQ56wxsuUaaLKFZsr0gM8lcMrOQnq9fjB1I9vqt7NUS6MC5FYa9BXZ6VJI0B-9xIkv4eh1evNjQflwh5JYf-lxS56wQnKjn3VstjEYMHXqR008Eyik5PtawawNtc_Ctd3YAUMICacorJRUXXl1kWE_8USJ4JpWThhI4KUJvGqFWA4DWADJzSO6Wpo5MtOf21yVSErchbKPze6ZWTBO_kyYhCcrCfTweunnR9TnaZFkcFDBAw2pFmF74HwBptHA4pZn9lYea-bWefIvx5KJUBE_Z3U0IRP7Bx-XGE402Ko4oEYbg=w600-h500-no\" width=\"600\" height=\"500\" class \/><p class=\"wp-caption-text\">O tamb\u00e9m Candidato a Prefeito de JUAZEIRO DO NORTE, NORMANDO SORACLES (camisa verde) ficou em 3\u00ba lugar. Aparecem tamb\u00e9m na foto: JORGE CUNHA, FRAN\u00c7A LEITE e JOS\u00c9 LEITE.<\/p><\/div>\n<p><center>4) AS FOTOS DESTAQUES DA SEMANA.<\/center><\/p>\n<div style=\"width: 610px\" class=\"wp-caption aligncenter\"><img loading=\"lazy\" src=\"https:\/\/lh3.googleusercontent.com\/qndfhLP1hdn9jdeX2A9QgTkGlf0cDZA9Rkt5mlFGR2oerctKIo-GonaduhQcpA0vhRwWU1pI_RGPu18cmb3fHOqo0ynr4eeWaLnFaqgWlIL9Hdv1SAOT3sA3UaOvcz00A4mp4jkE2dK7ILdOzqPdqR4dcpX6a9RV-w2ud92z6UwyvTJqN50it0WQ6n23424wRYX6h55Acmz1MgR6IKUnFfQU1ffXwkiOdmakQRqO3QEWezowTRvzfgH5Gh-TMFw7cvE3EKafTN8K1r7YhzuTl6uel33mUCe-pESXlCZxS6A36sm5Xvgx3KRFESAJP0VeMYZdQidWJ40BV2-ZCref9FpwPdDd9PBddP3Gw4jmQiHu1xTIcgSDE8jskrbjvAta5lrXXndfQC2hUFAegffdsHCy0jJDGe5_YWbkHcy8lI4-s4nFjktPYznVzhNtA4oTaci5B6qFRfR2zdRF_nLANSALMwELmb4yygm8-5CUfJEO-lcmRBSvsvu6WZqEKuuy70i_LnFvS9Pb2W0DSGLZwOvPlYN2FD0UyorOYFRb_-50wuXsJqZx57H-zjY1MOQb0YlL-l48IcUdfIt-cFpz3mj-O4LjhPZaK3P-TerNOk1PJlx9DQ=w600-h500-no\" width=\"600\" height=\"500\" class \/><p class=\"wp-caption-text\">Pois \u00e9&#8230; a turma do BAR do (finado) Z\u00c9 QUITO est\u00e1 diminuindo. Na foto, da esquerda para a direita: O saudoso amigo NALDO RODRIGUES que faleceu no \u00faltimo dia 30-09-2016, o saudoso amigo BACELAR que faleceu no 1\u00ba semestre deste ano e o amigo PANTERA, esse tem nome de quem vai VIVER MUITO.<\/p><\/div>\n<div style=\"width: 610px\" class=\"wp-caption aligncenter\"><img loading=\"lazy\" src=\"https:\/\/lh3.googleusercontent.com\/5Z-9trsHb-A1zYxKqTcPeD5XLOuELraBErtgSeK9LjIZ1dnWuPsujOfVx4-9dogHtG-np1FPZJYOUwzDorIEMNkG5ur_4xQT_KC8TDOrAQZ9Bex1CIqG537GUnoRQAwcFAmoB3Ix1OmTXeTU5Zg-61eHlwAb934OLMKdytlsEkbV3e5aXKbVreVKhCALeeec8Lz1lbYpwtGZvoboAJGSbyY8P5mM-1U5pp0UMK7SaKO38GxAOcQQFmlUZ98kAVXQwAr-NYZVE7QRNITBiS4VCvCcpyIHZcldl23vQUY2euXaDIfm2x_WxGtcJjaTdxkZIZUoE5gx37O8STe7E0T3Ct9NCIWZZWi87WSEEMR7BTssYVupZqTPddekjzuUQJAL84umlXBJ0bX5VJ7pPeVVjOrFIrYw2VEbsP7Lfw5v9eozjFOgg0ejB1tYEXs2rBhnJrBt-sPtzYU2VuotlhimgidPD-B_VMOhgLa-Dj1Y9P7aoLWGKMqBCgrYsGfNP4S8kASTGNxGuca3uzA5wdNPlo8OaHpTyflnqclKsC1Xv1vhjUhRacde8sJmaWqWu8hVEia2uTZ1C0ok4jFsxBHxIXptHLed3j5Uiik-dgoCLdYxeM_1MA=w600-h500-no\" width=\"600\" height=\"500\" class \/><p class=\"wp-caption-text\">UMA APRESENTA\u00c7\u00c3O INESQUEC\u00cdVEL NO CINE TEATRO ILH\u00c9US NOS DIAS 04 E 05 DE OUTUBRO DE 1947. O Ilheense que tem mais de 90 anos que o diga. Duas m\u00fasicas do saudoso cantor VICENTE CELESTINO que fizeram e ainda fazem muito sucesso, O \u00c9BRIO (que tamb\u00e9m virou filme) e PORTA ABERTA. Not\u00edcia publicada na edi\u00e7\u00e3o do Jornal DI\u00c1RIO DA TARDE de 1\u00ba de Outubro de 1947.<\/p><\/div>\n<p><div style=\"width: 610px\" class=\"wp-caption aligncenter\"><img loading=\"lazy\" src=\"https:\/\/lh3.googleusercontent.com\/7FleOBisI8imBphMq7TKrh-sEGHMtQyW_ySzE_ZH-wa0CcGdQhr6iwjPfQC3XJRoL1w0PyGC4S76ThDcCMGe3igiyElkHrwhGDWNANEZCBjN9wYbBieN_Or_W_l2ze5l50d2tM845OWR7OaVUlk4kTlOCK7jdGUa9G1qyZLwSdyqiYNpKdgZjJEhO46S1FBIDASVHReFFDFZK83xaGZS-Fo-WZO5XVs-jY5cEa4VwKHSogOtIHaR1XkGTphcposT_Jy-lpj61dnM8tsmHJa9tDIx6qeAmyMkI3mCihIQHXZupANLu87BSeDC35SvpENnBopwZQdcdNB0nZF-LLRJPDM430LwvrZnMG3ta6EIsmPEzxUj6MQxL-Or8fy_OH2th0Emzrlq1XgmnWqOwzAzp9wtViHx9F6Cp5cwjo23lAbKYKJ6uYsoXtIcjyjlirFqI9gdAsGV9rCTCc0r0KwQ9mDVM6Qy_4C1Tom0toDv8mm-7eLESdJ-nM8OnQnxcnL9tcWYPs6ZxQqejuKYXs8GBmChznWzgkmJ6tAGGm91vcj_DG2_P-vahIso3T77BSxIZnKjklbcLC8B3LoF94DCGfkaHRVR2uAvZdP8jW8G9x9aDMXeqA=w600-h500-no\" width=\"600\" height=\"500\" class \/><p class=\"wp-caption-text\">Postamos essa foto no m\u00eas passado. Depois de uma pesquisa mais precisa conseguimos os nomes dos m\u00e9dicos que clinicavam naquela \u00e9poca (1942) em ILH\u00c9US. Identificamos nessa foto: sentados da esquerda para a direita o segundo \u00e9 Dr. PEDRO V. B. CATAL\u00c3O, o quinto \u00e9 o Dr. JO\u00c3O SOARES LOPES e o sexto \u00e9 o Dr. M\u00c1RIO PESSOA. De p\u00e9: Da esquerda para a direita, o sexto \u00e9 o Dr. RAYMUNDO DO AMARAL PACHECO que foi Prefeito de ILH\u00c9US 1937-1938 e meu amigo JOS\u00c9 NAZAL \u00e9 seu neto. Segue abaixo a rela\u00e7\u00e3o completa, pena n\u00e3o podermos identificar todos. S\u00e3o os Drs. SOARES LOPES, PIRES DA VEIGA, DEMOSTENES VINHAIS, JO\u00c3O SAMPAIO, PEDRO CATAL\u00c3O, ANT\u00d4NIO VIANA, ROSA OISIOVICI VIANA, GENARO SAMPAIO, AMARAL PACHECO, \u00c1LVARO MORENO, ALMIRO VINHAIS, ALTINO VINHAIS, NELSON COSTA, ARISTEU CAMPOS, ODUVALDO BACELAR, ARLINDO LAVIGNE, VIRGILIO OLIVEIRA, JO\u00c3O MARTINS, FRAGA LEITE, RAIMUNDO ESTRELA, FREDERICO BARBOSA, ALMERINDO SARMENTO, J. AMERICANO, A. FERRER, H\u00c9LIO ARA\u00daJO, GRANJA DE CARVALHO, SABOIA RIBEIRO, MARIO PESSOA, ANT\u00d4NIO BICHARA e MAGNO NASCIMENTO. (Foto: Sal\u00e3o Nobre da ASSOCIA\u00c7\u00c3O COMERCIAL DE ILH\u00c9US no ano de 1942).<\/p><\/div><br \/>\n<div style=\"width: 610px\" class=\"wp-caption aligncenter\"><img loading=\"lazy\" src=\"https:\/\/lh3.googleusercontent.com\/uwcb9XsuIO_K6B2N2tvCBUvYS2hWrloKHWgvEiwjNBn75MFui5k2LV5SKb1DAq8rdmqqQtAnfMPOQMGcm11AuE-1FVrjT6hdSG5mfq-8s_UEaPWlwVq6je62HwdP_NTwXSZrJ9y4zvdwtQalybNwY8kwUTjgxVQ8YK9UqH07WkucwzEaySEe9SJEe7aSsyRxoLx27jR34RvK6lK7Rzr_oWZLqFjk8xUXiH-9pkBdC0zESlFAmGUNVODpeTRC5yuN4Yhemy2JGtiA_AfNajN2ulguUS6YigFdNhQNsh6-twj20T6KqVfGSgaYkgX16IzDj4E-pYD-XAH4r-54RLIXUZ4yeCKZln9hNja58XkgfMkgcZod8EwARpuGppmXHZJP5k0mAQpsLXfy8txeCiGvOiKECtPFbQmQX6qd7pm7TlAALdeqoXFJCoCRHUyDP9kuVQIgj_Jfs0a59qSasWPCfZ1YpPWbas63z7z6uONQLRMI6hkzymLR3LjP6jQgCMFvS-Dr2gqTzEXjoQu3rdGQisz4VlJjNAkUOEQnWtFog9ehjhpl9qMt_plnK8hMvP1rrzNqZe8_zg7HK6M1F8K9DQr9ZAXulJJo9IkC0eKSyhtc4W_Eog=w600-h500-no\" width=\"600\" height=\"500\" class \/><p class=\"wp-caption-text\">JOS\u00c9 LEITE e ERIVALDO CARDOSO (VADO) o primeiro funcion\u00e1rio da \u00d3TICA CRUZEIRO, inaugurada em 20 de Maio de 1974. PARAB\u00c9NS VADO! Voc\u00ea fez parte da ORGANIZA\u00c7\u00c3O JOS\u00c9 LEITE DE SOUZA que lhe agradece pelos servi\u00e7os prestados. (Foto: 20-05-2014).<\/p><\/div><\/p>\n<p><center>E NO MAIS&#8230;<\/center><\/p>\n<div style=\"width: 610px\" class=\"wp-caption aligncenter\"><img loading=\"lazy\" src=\"https:\/\/lh3.googleusercontent.com\/8BY1OlP9llrxi2h7imK2dYV7qvV_m7fj7V1aInaEeTeJwvLAw5EQlw1RhOr5y1PaWBMIATrbjp47pIkO4-V_tcOjrAi8prAOLM_vYudJhgtkItXq6IySsqyZ1IOZnqJA-t5pjBsFMRWVcIDHBXxF9ewW4HcMVNIawlQqZNTsUYjk_l5SRL-BKCQQmenMOtEZQ71jL5EpzDkdUGNsKF3X4YOpSnfccr7G7fzlQBgD3yM4HctRgQ5Ft8J5Y6vRL1ghvDoGOVdcJWxwEz7BonMWjDylS_S8GFpXk0nkGupphIjEfqAdOe7k6eltE-zOIOfDHlZ904TUsaFkO_BR8ko54gg-szQ29ZoF639EjYZshXPasEylxfTtPQASXgplGgQQwFZOsDcwdcOj0iTy3QBvOOV-A-iV5LcAZ-lqh7KgDKrY2BpU8XzIZNg6PNSBwzbHrCTZYJsdmKDIk_AOpCX_ObKNUr1KzMUciAmyNIOxrH4_LzikyveAC9E5WaNbRlPvmJ27kFKR4f27cVXu31wr4gq0pJynUimFVObb_HkrsXxFwUh9OsuztQptA6TOOh8iOjO9750mssL5jQ1loagTngKT92emhOTicujDqkxPkZu4g_Lq9Q=w600-h500-no\" width=\"600\" height=\"500\" class \/><p class=\"wp-caption-text\">EST\u00c1TUA DO PADRE C\u00cdCERO NA CAMPANHA OUTUBRO ROSA.<br \/>\nFORA O C\u00c2NCER DE MAMA.<br \/><\/p><\/div>\n<p>&#8212;<br \/>\n<span style=\"color: blue;\"><b>Para ver o BA\u00da da semana passada clique<\/b><a href=\"http:\/\/www.r2cpress.com.br\/v1\/2016\/10\/07\/do-fundo-do-bau-de-jose-leite-especial-40\/\" target=\"_news\"><b> AQUI.<\/b><\/a><\/span><\/p>\n<p>&#8212;<br \/>\nTexto e fotos: Jos\u00e9 Leite de Souza<br \/>\njleitesouza@hotmail.com<br \/>\n(73) 3634-3134<\/p>\n","protected":false},"excerpt":{"rendered":"<p>1) SEJA UM ARTISTA GLOBAL! (2\u00aa PARTE). 2) PARAB\u00c9NS PARA UM GRANDE ARTISTA. 3) FLASH DAS ELEI\u00c7\u00d5ES 2016. (FINAL). 4) AS FOTOS DESTAQUES DA SEMANA.<\/p>\n","protected":false},"author":2,"featured_media":0,"comment_status":"open","ping_status":"open","sticky":false,"template":"","format":"standard","meta":{"_links_to":"","_links_to_target":""},"categories":[10],"tags":[],"_links":{"self":[{"href":"https:\/\/www.r2cpress.com.br\/v1\/wp-json\/wp\/v2\/posts\/103766"}],"collection":[{"href":"https:\/\/www.r2cpress.com.br\/v1\/wp-json\/wp\/v2\/posts"}],"about":[{"href":"https:\/\/www.r2cpress.com.br\/v1\/wp-json\/wp\/v2\/types\/post"}],"author":[{"embeddable":true,"href":"https:\/\/www.r2cpress.com.br\/v1\/wp-json\/wp\/v2\/users\/2"}],"replies":[{"embeddable":true,"href":"https:\/\/www.r2cpress.com.br\/v1\/wp-json\/wp\/v2\/comments?post=103766"}],"version-history":[{"count":3,"href":"https:\/\/www.r2cpress.com.br\/v1\/wp-json\/wp\/v2\/posts\/103766\/revisions"}],"predecessor-version":[{"id":103769,"href":"https:\/\/www.r2cpress.com.br\/v1\/wp-json\/wp\/v2\/posts\/103766\/revisions\/103769"}],"wp:attachment":[{"href":"https:\/\/www.r2cpress.com.br\/v1\/wp-json\/wp\/v2\/media?parent=103766"}],"wp:term":[{"taxonomy":"category","embeddable":true,"href":"https:\/\/www.r2cpress.com.br\/v1\/wp-json\/wp\/v2\/categories?post=103766"},{"taxonomy":"post_tag","embeddable":true,"href":"https:\/\/www.r2cpress.com.br\/v1\/wp-json\/wp\/v2\/tags?post=103766"}],"curies":[{"name":"wp","href":"https:\/\/api.w.org\/{rel}","templated":true}]}}