{"id":103786,"date":"2016-10-14T12:41:37","date_gmt":"2016-10-14T15:41:37","guid":{"rendered":"http:\/\/www.r2cpress.com.br\/v1\/?p=103786"},"modified":"2016-10-14T12:41:37","modified_gmt":"2016-10-14T15:41:37","slug":"programa-bahia-sem-fogo-reforca-patrulhamento-aereo-na-chapada","status":"publish","type":"post","link":"https:\/\/www.r2cpress.com.br\/v1\/2016\/10\/14\/programa-bahia-sem-fogo-reforca-patrulhamento-aereo-na-chapada\/","title":{"rendered":"Programa Bahia sem Fogo refor\u00e7a patrulhamento a\u00e9reo na Chapada"},"content":{"rendered":"<p>Mais um refor\u00e7o para a preven\u00e7\u00e3o de inc\u00eandios na regi\u00e3o da Chapada Diamantina foi anunciado pelo Governo do Estado. O patrulhamento a\u00e9reo (helic\u00f3pteros e avi\u00f5es), que faz parte do programa Bahia sem Fogo 2016, \u00e9 um acolhimento \u00e0s demandas do Corpo de Bombeiros, brigadistas volunt\u00e1rios e integrantes do Instituto Chico Mendes de Conserva\u00e7\u00e3o da Biodiversidade. &#8220;Todo esse processo d\u00e1 uma grande efic\u00e1cia na preven\u00e7\u00e3o de inc\u00eandios florestais, evitando o aumento dos custos e, principalmente, o impacto ambiental&#8221;, afirmou o secret\u00e1rio estadual do Meio Ambiente, Eug\u00eanio Spengler. <div id=\"attachment_103787\" style=\"width: 610px\" class=\"wp-caption aligncenter\"><a href=\"http:\/\/www.r2cpress.com.br\/v1\/wp-content\/uploads\/2016\/10\/By-Alberto-Coutinho-GOVBA.jpg\"><img aria-describedby=\"caption-attachment-103787\" loading=\"lazy\" src=\"http:\/\/www.r2cpress.com.br\/v1\/wp-content\/uploads\/2016\/10\/By-Alberto-Coutinho-GOVBA.jpg\" alt=\"By Alberto Coutinho\/GOVBA \" width=\"600\" height=\"400\" class=\"size-full wp-image-103787\" srcset=\"https:\/\/www.r2cpress.com.br\/v1\/wp-content\/uploads\/2016\/10\/By-Alberto-Coutinho-GOVBA.jpg 600w, https:\/\/www.r2cpress.com.br\/v1\/wp-content\/uploads\/2016\/10\/By-Alberto-Coutinho-GOVBA-300x200.jpg 300w\" sizes=\"(max-width: 600px) 100vw, 600px\" \/><\/a><p id=\"caption-attachment-103787\" class=\"wp-caption-text\">By Alberto Coutinho\/GOVBA<br \/><\/p><\/div>Um helic\u00f3ptero \u00e9 utilizado para a realiza\u00e7\u00e3o do monitoramento por parte do Corpo de Bombeiros. Inicialmente usado para identificar focos de inc\u00eandio, a aeronave est\u00e1 preparada para iniciar combate em casos de constata\u00e7\u00e3o de queimadas. &#8220;As a\u00e7\u00f5es s\u00e3o feitas em dois turnos, com o intervalo de duas horas a cada dia. A aeronave sai do aeroporto de Len\u00e7\u00f3is com bombeiros a bordo, equipados para o combate de inc\u00eandio&#8221;, destacou o sub comandante do 11\u00ba Grupamento de Bombeiros Militar, major Jean Vianey.<\/p>\n<p>A edi\u00e7\u00e3o deste ano do Bahia sem Fogo foi lan\u00e7ada na \u00faltima quinta-feira (13), durante a abertura do 18\u00ba Festival de Len\u00e7\u00f3is. O objetivo \u00e9 prevenir as ocorr\u00eancias de inc\u00eandio a partir da conscientiza\u00e7\u00e3o das pessoas que moram e visitam a Chapada e o Oeste da Bahia, justamente no per\u00edodo de seca nessas duas regi\u00f5es.<\/p>\n<p>O Bahia sem Fogo tamb\u00e9m est\u00e1 realizando oficinas de educa\u00e7\u00e3o ambiental por meio de encontros e discuss\u00f5es tem\u00e1ticas, rodas de conversa, entrega de materiais socioeducativos e interc\u00e2mbio de experi\u00eancias socioambientais para que os mesmos se tornem atores e multiplicadores dessas a\u00e7\u00f5es.<\/p>\n<p><strong>Festival de Len\u00e7\u00f3is<br \/>\n<\/strong><br \/>\nO Bahia sem Fogo \u00e9 o tema do tradicional Festival de Len\u00e7\u00f3is, evento que tem apoio do Governo do Estado da Bahia e da Prefeitura Municipal de Len\u00e7\u00f3is. A expectativa \u00e9 que dez mil pessoas aproveitem a programa\u00e7\u00e3o at\u00e9 domingo (16).<\/p>\n","protected":false},"excerpt":{"rendered":"<p>Mais um refor\u00e7o para a preven\u00e7\u00e3o de inc\u00eandios na regi\u00e3o da Chapada Diamantina foi anunciado pelo Governo do Estado. O patrulhamento a\u00e9reo (helic\u00f3pteros e avi\u00f5es), que faz parte do programa Bahia sem Fogo 2016, \u00e9 um acolhimento \u00e0s demandas do Corpo de Bombeiros, brigadistas volunt\u00e1rios e integrantes do Instituto Chico Mendes de Conserva\u00e7\u00e3o da Biodiversidade. [&hellip;]<\/p>\n","protected":false},"author":2,"featured_media":0,"comment_status":"open","ping_status":"open","sticky":false,"template":"","format":"standard","meta":{"_links_to":"","_links_to_target":""},"categories":[29,25],"tags":[],"_links":{"self":[{"href":"https:\/\/www.r2cpress.com.br\/v1\/wp-json\/wp\/v2\/posts\/103786"}],"collection":[{"href":"https:\/\/www.r2cpress.com.br\/v1\/wp-json\/wp\/v2\/posts"}],"about":[{"href":"https:\/\/www.r2cpress.com.br\/v1\/wp-json\/wp\/v2\/types\/post"}],"author":[{"embeddable":true,"href":"https:\/\/www.r2cpress.com.br\/v1\/wp-json\/wp\/v2\/users\/2"}],"replies":[{"embeddable":true,"href":"https:\/\/www.r2cpress.com.br\/v1\/wp-json\/wp\/v2\/comments?post=103786"}],"version-history":[{"count":1,"href":"https:\/\/www.r2cpress.com.br\/v1\/wp-json\/wp\/v2\/posts\/103786\/revisions"}],"predecessor-version":[{"id":103788,"href":"https:\/\/www.r2cpress.com.br\/v1\/wp-json\/wp\/v2\/posts\/103786\/revisions\/103788"}],"wp:attachment":[{"href":"https:\/\/www.r2cpress.com.br\/v1\/wp-json\/wp\/v2\/media?parent=103786"}],"wp:term":[{"taxonomy":"category","embeddable":true,"href":"https:\/\/www.r2cpress.com.br\/v1\/wp-json\/wp\/v2\/categories?post=103786"},{"taxonomy":"post_tag","embeddable":true,"href":"https:\/\/www.r2cpress.com.br\/v1\/wp-json\/wp\/v2\/tags?post=103786"}],"curies":[{"name":"wp","href":"https:\/\/api.w.org\/{rel}","templated":true}]}}