{"id":103794,"date":"2016-10-14T22:42:06","date_gmt":"2016-10-15T01:42:06","guid":{"rendered":"http:\/\/www.r2cpress.com.br\/v1\/?p=103794"},"modified":"2016-10-14T22:42:06","modified_gmt":"2016-10-15T01:42:06","slug":"i-festival-universitario-de-musica-do-sul-da-bahia","status":"publish","type":"post","link":"https:\/\/www.r2cpress.com.br\/v1\/2016\/10\/14\/i-festival-universitario-de-musica-do-sul-da-bahia\/","title":{"rendered":"I Festival Universit\u00e1rio de M\u00fasica do Sul da Bahia"},"content":{"rendered":"<p><span id=\"fbPhotoSnowliftCaption\" class=\"fbPhotosPhotoCaption\" tabindex=\"0\" data-ft=\"{&quot;tn&quot;:&quot;K&quot;}\"><span class=\"hasCaption\">Voc\u00ea \u00e9 m\u00fasico, faz parte de uma banda, tem uma composi\u00e7\u00e3o musical? Al\u00e9m disso, voc\u00ea \u00e9 estudante, professor ou funcion\u00e1rio de alguma institui\u00e7\u00f5es de ensino superior daqui de Ilh\u00e9us ou Itabuna? Ent\u00e3o fica ligad@ que vai rolar o I Festival Universit\u00e1rio de M\u00fasica do Sul da Bahia.<br \/>\n<\/span><\/span><\/p>\n<div id=\"attachment_103795\" style=\"width: 610px\" class=\"wp-caption aligncenter\"><a href=\"http:\/\/www.r2cpress.com.br\/v1\/wp-content\/uploads\/2016\/10\/FESTIVAL-UESC.jpg\"><img aria-describedby=\"caption-attachment-103795\" loading=\"lazy\" class=\" wp-image-103795\" src=\"http:\/\/www.r2cpress.com.br\/v1\/wp-content\/uploads\/2016\/10\/FESTIVAL-UESC.jpg\" alt=\"U E S C\" width=\"600\" height=\"848\" srcset=\"https:\/\/www.r2cpress.com.br\/v1\/wp-content\/uploads\/2016\/10\/FESTIVAL-UESC.jpg 679w, https:\/\/www.r2cpress.com.br\/v1\/wp-content\/uploads\/2016\/10\/FESTIVAL-UESC-212x300.jpg 212w\" sizes=\"(max-width: 600px) 100vw, 600px\" \/><\/a><p id=\"caption-attachment-103795\" class=\"wp-caption-text\">U E S C<\/p><\/div>\n<h2 style=\"text-align: center;\"><span style=\"color: #000000;\"><strong><span id=\"fbPhotoSnowliftCaption\" class=\"fbPhotosPhotoCaption\" tabindex=\"0\" data-ft=\"{&quot;tn&quot;:&quot;K&quot;}\"><span class=\"hasCaption\">Inscri\u00e7\u00f5es abertas! <a style=\"color: #000000;\" href=\"https:\/\/www.facebook.com\/l.php?u=https%3A%2F%2Fgoo.gl%2FQCdZUd&amp;h=lAQG-CKaA&amp;enc=AZP-EAARIDE_CL3ZSB6f1uU7TIr78epv0LiyuhHG3TVZ0IGj0PWY2Pv1C6lnjgQuiKa6OTH1WOYiF0_sP6-DIKw_7m9hM0dqW9ir6QPWpq7j2yPeSDA_cIZWrntQMSVYTSpqktYO-go1qBl1tgOcJMu7&amp;s=1\" target=\"_blank\" rel=\"nofollow nofollow\">https:\/\/goo.gl\/QCdZUd<\/a> <\/span><\/span><\/strong><\/span><\/h2>\n<h2 style=\"text-align: center;\"><span style=\"color: #000000;\"><strong><span id=\"fbPhotoSnowliftCaption\" class=\"fbPhotosPhotoCaption\" tabindex=\"0\" data-ft=\"{&quot;tn&quot;:&quot;K&quot;}\"><span class=\"hasCaption\">Corre!<\/span><\/span><\/strong><\/span><\/h2>\n","protected":false},"excerpt":{"rendered":"<p>Voc\u00ea \u00e9 m\u00fasico, faz parte de uma banda, tem uma composi\u00e7\u00e3o musical? Al\u00e9m disso, voc\u00ea \u00e9 estudante, professor ou funcion\u00e1rio de alguma institui\u00e7\u00f5es de ensino superior daqui de Ilh\u00e9us ou Itabuna? Ent\u00e3o fica ligad@ que vai rolar o I Festival Universit\u00e1rio de M\u00fasica do Sul da Bahia. Inscri\u00e7\u00f5es abertas! https:\/\/goo.gl\/QCdZUd Corre!<\/p>\n","protected":false},"author":2,"featured_media":0,"comment_status":"open","ping_status":"open","sticky":false,"template":"","format":"standard","meta":{"_links_to":"","_links_to_target":""},"categories":[5,8],"tags":[],"_links":{"self":[{"href":"https:\/\/www.r2cpress.com.br\/v1\/wp-json\/wp\/v2\/posts\/103794"}],"collection":[{"href":"https:\/\/www.r2cpress.com.br\/v1\/wp-json\/wp\/v2\/posts"}],"about":[{"href":"https:\/\/www.r2cpress.com.br\/v1\/wp-json\/wp\/v2\/types\/post"}],"author":[{"embeddable":true,"href":"https:\/\/www.r2cpress.com.br\/v1\/wp-json\/wp\/v2\/users\/2"}],"replies":[{"embeddable":true,"href":"https:\/\/www.r2cpress.com.br\/v1\/wp-json\/wp\/v2\/comments?post=103794"}],"version-history":[{"count":1,"href":"https:\/\/www.r2cpress.com.br\/v1\/wp-json\/wp\/v2\/posts\/103794\/revisions"}],"predecessor-version":[{"id":103796,"href":"https:\/\/www.r2cpress.com.br\/v1\/wp-json\/wp\/v2\/posts\/103794\/revisions\/103796"}],"wp:attachment":[{"href":"https:\/\/www.r2cpress.com.br\/v1\/wp-json\/wp\/v2\/media?parent=103794"}],"wp:term":[{"taxonomy":"category","embeddable":true,"href":"https:\/\/www.r2cpress.com.br\/v1\/wp-json\/wp\/v2\/categories?post=103794"},{"taxonomy":"post_tag","embeddable":true,"href":"https:\/\/www.r2cpress.com.br\/v1\/wp-json\/wp\/v2\/tags?post=103794"}],"curies":[{"name":"wp","href":"https:\/\/api.w.org\/{rel}","templated":true}]}}