{"id":103857,"date":"2016-10-18T15:05:52","date_gmt":"2016-10-18T18:05:52","guid":{"rendered":"http:\/\/www.r2cpress.com.br\/v1\/?p=103857"},"modified":"2016-10-18T15:05:52","modified_gmt":"2016-10-18T18:05:52","slug":"appi-e-pm-promovem-seminario-contra-as-drogas-e-violencia-da-3a-edicao-do-ilheus-sem-violencia-e-bem-melhor","status":"publish","type":"post","link":"https:\/\/www.r2cpress.com.br\/v1\/2016\/10\/18\/appi-e-pm-promovem-seminario-contra-as-drogas-e-violencia-da-3a-edicao-do-ilheus-sem-violencia-e-bem-melhor\/","title":{"rendered":"APPI E PM PROMOVEM SEMIN\u00c1RIO CONTRA AS DROGAS E VIOL\u00caNCIA DA 3\u00aa EDI\u00c7\u00c3O DO ILH\u00c9US SEM VIOL\u00caNCIA \u00c9 BEM MELHOR"},"content":{"rendered":"<div>Dando continuidade \u00e0s atividades da 3\u00aa edi\u00e7\u00e3o da campanha Ilh\u00e9us sem Viol\u00eancia \u00e9 Bem Melhor, na manh\u00e3 desta Ter\u00e7a-Feira (18) a APPI, juntamente com 68\u00aa, 69\u00aa e 70\u00aa CIPM&#8217;s, promoveu Semin\u00e1rio Contra Drogas e Viol\u00eancia nas Escolas.O Semin\u00e1rio \u00e9 uma das atividades da programa\u00e7\u00e3o da Semana de Seguran\u00e7a da Secretaria Municipal de Educa\u00e7\u00e3o, que tem por finalidade aumentar o v\u00ednculo entre a Pol\u00edciaMilitar, a escola e a fam\u00edlia no combate as drogas e a viol\u00eancia.<\/div>\n<div>\n<div id=\"attachment_103858\" style=\"width: 610px\" class=\"wp-caption aligncenter\"><a href=\"http:\/\/www.r2cpress.com.br\/v1\/wp-content\/uploads\/2016\/10\/sem-viol\u00eancia-01.jpg\"><img aria-describedby=\"caption-attachment-103858\" loading=\"lazy\" class=\"size-full wp-image-103858\" src=\"http:\/\/www.r2cpress.com.br\/v1\/wp-content\/uploads\/2016\/10\/sem-viol\u00eancia-01.jpg\" alt=\"01\" width=\"600\" height=\"277\" srcset=\"https:\/\/www.r2cpress.com.br\/v1\/wp-content\/uploads\/2016\/10\/sem-viol\u00eancia-01.jpg 600w, https:\/\/www.r2cpress.com.br\/v1\/wp-content\/uploads\/2016\/10\/sem-viol\u00eancia-01-300x138.jpg 300w\" sizes=\"(max-width: 600px) 100vw, 600px\" \/><\/a><p id=\"caption-attachment-103858\" class=\"wp-caption-text\">01<\/p><\/div>\n<\/div>\n<div>Na mesa de Autoridades fez-se presente \u00a0o Cap PM Robson Farias da Silva, Comandante da 68\u00aa CIPM\/Ilh\u00e9us-Centro, a Dr\u00aa. Andreia Oliveira dos Santos, Delegada da 1\u00aa Delegacia de Pol\u00edcia Civil, Sr. Osmar Nogueira, Presidente da APPI e o Sr. Paulo Moreira, Secret\u00e1rio de Educa\u00e7\u00e3o de ilh\u00e9us. Aproximadante 200 (duzentos) alunos do CEEP (Col\u00e9gio Estadual ) e do Col\u00e9gio Pin\u00f3quio, participaram do semin\u00e1rio, juntamente com alguns pais e professores. O Capit\u00e3o Robson Farias iniciou a apresenta\u00e7\u00e3o falando da import\u00e2ncia da Pol\u00edcia Militar nas escolas, a fim de orientar os alunos, professores e pais quanto ao perigo das Drogas. Ademais, o evento contou com a particia\u00e7\u00e3o do Sgt PM Divanildo, Sgt PM Givanildo Cardoso (CAERC) e os membros do PROERD SD PM C\u00e1tia (68\u00aa CIPM), Sgt PM Ramos (68\u00aa CIPM), SD PM Luis de Jesus (70\u00aa CIPM) e SD Mesquita (70\u00aa CIPM), al\u00e9m de Diretores do IME, da Escola Municipal Pequeno Davi, CAIC, Escola Mariane Eckes e Escola P\u00e9rpetua Marques.<\/div>\n<div>\n<div id=\"attachment_103859\" style=\"width: 610px\" class=\"wp-caption aligncenter\"><a href=\"http:\/\/www.r2cpress.com.br\/v1\/wp-content\/uploads\/2016\/10\/sem-viol\u00eancia-02.jpg\"><img aria-describedby=\"caption-attachment-103859\" loading=\"lazy\" class=\"size-full wp-image-103859\" src=\"http:\/\/www.r2cpress.com.br\/v1\/wp-content\/uploads\/2016\/10\/sem-viol\u00eancia-02.jpg\" alt=\"02\" width=\"600\" height=\"223\" srcset=\"https:\/\/www.r2cpress.com.br\/v1\/wp-content\/uploads\/2016\/10\/sem-viol\u00eancia-02.jpg 600w, https:\/\/www.r2cpress.com.br\/v1\/wp-content\/uploads\/2016\/10\/sem-viol\u00eancia-02-300x111.jpg 300w\" sizes=\"(max-width: 600px) 100vw, 600px\" \/><\/a><p id=\"caption-attachment-103859\" class=\"wp-caption-text\">02<\/p><\/div>\n<\/div>\n<div>A Professora Marilene Ara\u00fajo ministrou uma palestra onde tratou da import\u00e2ncia da Preven\u00e7\u00e3o na Fam\u00edlia, na Escola e na Comunidade quanto \u00e0s Drogas e resssaltou a import\u00e2ncia do Papel da PM \u00a0neste processo e principalmente da Fam\u00edlia como a base para uma boa forma\u00e7\u00e3o da crian\u00e7a e do adolescente. O Semin\u00e1rio foi um sucesso! Houve participa\u00e7\u00e3o dos alunos e pais durante a palestra, onde estes dirigiram perguntas sobre o tema \u00e0 palestrante, tornando-o mais din\u00e2mico.<\/div>\n<div><\/div>\n<div>Outras atividades ser\u00e3o promovidas ainda esta semana. Nos dias 20 e 21 haver\u00e1 Exposi\u00e7\u00e3o P\u00fablica Contra a Viol\u00eancia, no Gin\u00e1sio de Esportes e no pr\u00f3ximo s\u00e1bado, dia 22 de outubro, uma Grande Caminhada em Prol da Paz, que encerrar\u00e1 as atividades da campanha este ano. A concentra\u00e7\u00e3o ser\u00e1 \u00e0s 08h00 em frente \u00e0 sede da 68\u00aa CIPM. Venha voc\u00ea tamb\u00e9m, traga sua fam\u00edlia e participe dessa corrente do bem!<\/div>\n","protected":false},"excerpt":{"rendered":"<p>Dando continuidade \u00e0s atividades da 3\u00aa edi\u00e7\u00e3o da campanha Ilh\u00e9us sem Viol\u00eancia \u00e9 Bem Melhor, na manh\u00e3 desta Ter\u00e7a-Feira (18) a APPI, juntamente com 68\u00aa, 69\u00aa e 70\u00aa CIPM&#8217;s, promoveu Semin\u00e1rio Contra Drogas e Viol\u00eancia nas Escolas.O Semin\u00e1rio \u00e9 uma das atividades da programa\u00e7\u00e3o da Semana de Seguran\u00e7a da Secretaria Municipal de Educa\u00e7\u00e3o, que tem [&hellip;]<\/p>\n","protected":false},"author":2,"featured_media":0,"comment_status":"open","ping_status":"open","sticky":false,"template":"","format":"standard","meta":{"_links_to":"","_links_to_target":""},"categories":[8,25],"tags":[],"_links":{"self":[{"href":"https:\/\/www.r2cpress.com.br\/v1\/wp-json\/wp\/v2\/posts\/103857"}],"collection":[{"href":"https:\/\/www.r2cpress.com.br\/v1\/wp-json\/wp\/v2\/posts"}],"about":[{"href":"https:\/\/www.r2cpress.com.br\/v1\/wp-json\/wp\/v2\/types\/post"}],"author":[{"embeddable":true,"href":"https:\/\/www.r2cpress.com.br\/v1\/wp-json\/wp\/v2\/users\/2"}],"replies":[{"embeddable":true,"href":"https:\/\/www.r2cpress.com.br\/v1\/wp-json\/wp\/v2\/comments?post=103857"}],"version-history":[{"count":1,"href":"https:\/\/www.r2cpress.com.br\/v1\/wp-json\/wp\/v2\/posts\/103857\/revisions"}],"predecessor-version":[{"id":103860,"href":"https:\/\/www.r2cpress.com.br\/v1\/wp-json\/wp\/v2\/posts\/103857\/revisions\/103860"}],"wp:attachment":[{"href":"https:\/\/www.r2cpress.com.br\/v1\/wp-json\/wp\/v2\/media?parent=103857"}],"wp:term":[{"taxonomy":"category","embeddable":true,"href":"https:\/\/www.r2cpress.com.br\/v1\/wp-json\/wp\/v2\/categories?post=103857"},{"taxonomy":"post_tag","embeddable":true,"href":"https:\/\/www.r2cpress.com.br\/v1\/wp-json\/wp\/v2\/tags?post=103857"}],"curies":[{"name":"wp","href":"https:\/\/api.w.org\/{rel}","templated":true}]}}