{"id":103904,"date":"2016-10-21T20:00:47","date_gmt":"2016-10-21T23:00:47","guid":{"rendered":"http:\/\/www.r2cpress.com.br\/v1\/?p=103904"},"modified":"2016-10-21T11:00:43","modified_gmt":"2016-10-21T14:00:43","slug":"do-fundo-do-bau-de-jose-leite-259","status":"publish","type":"post","link":"https:\/\/www.r2cpress.com.br\/v1\/2016\/10\/21\/do-fundo-do-bau-de-jose-leite-259\/","title":{"rendered":"DO FUNDO DO BA\u00da DE JOS\u00c9 LEITE."},"content":{"rendered":"<p><center><img loading=\"lazy\" src=\"http:\/\/www.r2cpress.com.br\/v1\/wp-content\/uploads\/Novo-visual-do-Bau_400L21.jpg\" width=\"400\" height=\"320\" class=\"aligncenter\" \/><br \/>\n<strong>1)\tASSOCIA\u00c7\u00c3O COMERCIAL DE ILH\u00c9US, 104 ANOS.<br \/>\n2)\tSEJA UM ARTISTA GLOBAL (3\u00aa PARTE).<br \/>\n3)\tAS FOTOS DESTAQUES DA SEMANA.<\/strong><\/center><\/p>\n<p><!--more--><\/p>\n<p><b><center>**************************************************************************<\/center><\/b><\/p>\n<p>\t<b><center> 1) ASSOCIA\u00c7\u00c3O COMERCIAL DE ILH\u00c9US, 104 ANOS. <\/center><\/b><\/p>\n<p>No pr\u00f3ximo dia 1\u00ba de Novembro de 2016, a ACI completa 104 ANOS DE EXIST\u00caNCIA. Leia abaixo um pouco da sua hist\u00f3ria.<\/p>\n<div style=\"width: 610px\" class=\"wp-caption aligncenter\"><img loading=\"lazy\" src=\"https:\/\/lh3.googleusercontent.com\/EPV2RiKEhYsZUYXVpyqKJ3oyDChGcu71LUdFNOG-hJvlnhp4OwVL-yPqU_o8WrFpTfNZ6gbGVAxhYCqHr5e6aYPZf3Aa8MHw1hfKLQ4wrRGefHjy8u1RXb0kLbbpdom5hmJrw51-Ri4mTM-ok1pAmyF7QAMRTpAvcHM2kXNjQnAFafhG5aYskYoBeRZUxd3WenfP8ia06KfdneB9UcuCCusumT0UfZRyzXAcimKH8e5n1B_TV_2JGEWLTkcHMWT5JFx21E8rcEYuZiu3Qb6v6u62llQEM1NxSufnL5NoQ0G0wuoKvMfb30JTcDVnPNIpLDb2jTy_bS67JT0GAUcsVYfQUbJS5TXd7dyxZMmVD5lnPBERlSouBuQtzmzAkFYbzw3-ospQDctzOa3-MmkaC0PxZgRxVpol1u1DyTJ_DaBV-zVuesDjjoTfYTPLxEISTDNUAzAYs7N0t9J6WdmRrFW5PSeafPt4qhVhTlQXdQZGfn-VGbAAXSJVsjKveO9HQ04xEBEwsls2Wh6s2p8VfdVo0MTCtklecLyI8kSTavX-ZXU7KqFxW3SyF7sqYSKmg-2dzx81YEQAbekROQU6bjANbf7wj2c9rWspqt7P8JrK5nvjAQ=w600-h500-no\" width=\"600\" height=\"500\" class \/><p class=\"wp-caption-text\">ACI<\/p><\/div>\n<div style=\"width: 610px\" class=\"wp-caption aligncenter\"><img loading=\"lazy\" src=\"https:\/\/lh3.googleusercontent.com\/aUcAT--dt0zmZ-lJJFwGHhY_td-rv1Wf5FTE33moWmvFKJX6hw7pZuV0LdOPgXh7w6XCgAudo02gnmhpOcIfXa1Bi1GH0nlUDYCwRCN1PFzvF_EzMhNC6OQMlXiOT3ig0HieLs-4_8uUYa1EJThqjFciWTKTSmdCA5dHalrmvttl_2RP0qjWO4O9kSyen7QsrDWZAHBmxp6rDc7M-CvudCNaMvEZ3thbohmP1lMuYjt7pp-grrwVTCUTo28YG0glCus-MFI2Wgd99pqoXyoI6SAqH2_c22CX2LUS4wnwmp4tRGO-JNyel6q9zjz66KZ_Erng_AMZCOyrSWCm_HBw4Lbx_LPG5WplGn9By9A2ADp1JKZS23Zin1HZNVrgs4OO4UIHdwfHEJ9j4BygN_hM6yfqonU0813A-px-8-7beE4f3BNsE6J30XsIuxoUrvresYtdiZh08Bc3Q64DTqu2YLRKhBeVGSm8ADuYaRzILO4TyemdjnRj0nDe7eywf2q2zkExzf7mbEudw86mAi0-kR0IOeRjDn94giqjFy74PggATSPd29n1TGx7dE2R5fDMhry3mjgNqOzoUPFhUo0hsewd8SUtFT0YbyW_sLv1vfa1XxutsA=w600-h500-no\" width=\"600\" height=\"500\" class \/><p class=\"wp-caption-text\">Foto do CONSTRUTOR EM\u00cdLIO ODEBRECHT, que CONSTRUIU junto com o engenheiro OS\u00d3RIO DE CARVALHO, o segundo PR\u00c9DIO PR\u00d3PRIO da ASSOCIA\u00c7\u00c3O COMERCIAL DE ILH\u00c9US inaugurado no ano de 1934, 82 ANOS ATR\u00c1S. (EM\u00cdLIO ODEBRECHT \u00e9 o bisav\u00f4 de MARCELO ODEBRECHT).<\/p><\/div>\n<div style=\"width: 610px\" class=\"wp-caption aligncenter\"><img loading=\"lazy\" src=\"https:\/\/lh3.googleusercontent.com\/EYTsgNBK0yHiR9M9RX_s7H7MozFdEeUjBLeSL5h_kSlkgJzt3ixukIxAI7ekcwaGzioouok702YWw7VXzteF3VFzQrzo1zcP_H-dSPWcUPFWMopf_UNtYuBVG6Z3D_HJmtRZNVu9OSaefNpJfyzrySHtcW81SiCPwrIf_NYhXgfZK8mxtR93X9SM6JCSslQkxNR3nsMBe5WWhUag5on1VmFpCl_Sq7oe_JDF8vpZR4OgLkrbxhl3y5jQXeVeUVHuTH-3V9MQ2m3Gm7P00LEWPCVGsfr3t_PVn6pI5kf2wTK4c3EJkUeI49MTxhFilUttEzIhy9Bc-wt5aZ76ix60caiayFdxQiGL1oI1noXNXxjRch92RuTN5wqar0niCm1-2Zpx_blndEYQ6uP4vM75ZS02bbWV4No1_ZS3m7-SHAHEsTwtDK0RJsmuEXtixnY1txbtID7s6BvuBigEc158hucTGCmrHm_3P939tdJN4QiYK4MUNCBqilpoyhZpJJpwAbGK4_tYwBKcTFqAGwcEB_z7GwbcQYGSruOiaqhSHMASM7PJw5WzrmT101jL-rEsITemVkuaZjaxJSDj_59RHwmkx27jajqO_DXYIR33MTGXVea2Vw=w600-h500-no\" width=\"600\" height=\"500\" class \/><p class=\"wp-caption-text\">FACHADA DO PR\u00c9DIO DA ASSOCIA\u00c7\u00c3O COMERCIAL DE ILH\u00c9US, localizado na PRA\u00c7A J. J. SEABRA no Centro de ILH\u00c9US, depois de uma reforma realizada no ano de 2006, h\u00e1 10 anos atr\u00e1s.<\/p><\/div>\n<div style=\"width: 610px\" class=\"wp-caption aligncenter\"><img loading=\"lazy\" src=\"https:\/\/lh3.googleusercontent.com\/GOcWlrkJjAeISZuQGdezUo2LEkl3g6ugzK_y81yY2w-GAgX-Oeu539iQjFGTtkPq3TJlr8Z_xxU5S7IK-ij4V9vN4qP-NMNeaQReyVH9rGSnzVt8nbRTO9dr-ntZdgbz3KzNNOBwgJO9MZx9emOZyw8sYKDvC_bMvTixFnXHJGO6Gl48ZjeTWlk64_X84NjtRKob_evJJ_bwNeuwz31DBj8us0ySh8bPm9DZtcPA-EFyWvzd7urIXNoZv7-AkiQCFX2N31BPVWA88O7nUGUb31Jt_NxXY4lb6Se1OPLpzJ_KSK9zKwgSWi5KtHhXNuADQfUzMrNxoo6DoNhgWhq68tflwRGK57trhjK1xoII33dVWmPzNoX1fCo2NCWuAhd2hoyMUQ2UjAW4ZJ26mdCJN1kx1b2l-XWAUrb5pQ1WmESBC-1uO1HP8T1Y7JrzdozPXL2V1cp6FNEWaAFuhgQGzBTByiJ8bFBmmiyuI8Sc76NLOSK7KT1UZXwxpgd7jGscMBJIiN9IFcIW_A0qz4B_Z9D9C9NmoRZCpDuJnSN5qbRM1fp_FzrDy-__y0vyqw_WneH-FpZQVoB3ulLvLmJIQe29Sg8OSzBCv1J-DZkI5nG-NlV0Og=w600-h500-no\" width=\"600\" height=\"500\" class \/><p class=\"wp-caption-text\">GALERIA DE FOTOS DOS EX. PRESIDENTES DA ACI. O Presidente atual \u00e9 o empres\u00e1rio ANT\u00d4NIO MARCOS.<\/p><\/div>\n<p>\t<b><center> 2) SEJA UM ARTISTA GLOBAL (3\u00aa PARTE). <\/center><\/b><\/p>\n<p>V\u00e1rios artistas e cantores da televis\u00e3o e outras autoridades e personalidades j\u00e1 foram clicadas com a imagem do PADRE C\u00cdCERO. Agora chegou a sua vez. Procure JOS\u00c9 LEITE na \u00d3TICA SAFIRA para tamb\u00e9m ser fotografado com MEU PADIM. Primeiro sua foto sai no BA\u00da e depois, quem sabe, tamb\u00e9m na TELEVIS\u00c3O.<\/p>\n<div style=\"width: 610px\" class=\"wp-caption aligncenter\"><img loading=\"lazy\" src=\"https:\/\/lh3.googleusercontent.com\/ufC9i3vPS1TBxz5_hpBpQYZC91YuQw-WI0b7Cv_WZF6YSIoAIkMVagAufXBjksaOpgLMfCxmirhzx3-b1UH_LklCjY4sZssXjXGVo_sCPlJvUhE60rBCDWmSnwj2MB1MGcTKsHEaYZsCQlZL2FnPi-fiT74kb3RoWFEzVtFY9b_pysiiHbrIsu--QH9EXRRDQZNfI4WS8F6z_xzqTRiDHuVxruf29VvaYiMu2S-m54mCqx4KcZjnoVq5zMVTuoatbOuW0fQuizQHgcgL2Wp_rqtOqCaO0SrDgcOMAtgLZHsUt8Z7in9ic5QC6gUVD52GU3umqbfJHLEHp6JkXkTm1ip9suFeWr4ca_fn0xsv0iLP1waP7dTCR8c27Q7oluvWaKy1Y2AHxLejWYIrrUIqpQsnxhUVJbY_e4xutGm79eKvg6Z6Dwzfdb-OWQfUe6pO5r8F6oR-akkZLPyjMn8M5VTlcFHDgoK7DZuC12SuImz10wtGxsNeipGrrKdxcRjByCwYHKe4VZ4v3jE-freBB0ncnxZ1EAg10B603FTy1V83lXTwbOyb3smukFPKkHW0VE2VKAwm1c0EdydKw5cUuqK-yyLRuw9bglOo0fmSs6AstzGG6g=w600-h500-no\" width=\"600\" height=\"500\" class \/><p class=\"wp-caption-text\">O ator da TV GLOBO FELIPE LATTO, brevemente estar\u00e1 visitando JUAZEIRO DO NORTE.<\/p><\/div>\n<div style=\"width: 610px\" class=\"wp-caption aligncenter\"><img loading=\"lazy\" src=\"https:\/\/lh3.googleusercontent.com\/JKw5HaNhzA5inUBbuYM6-L8sCPQDztqzPfn4JmSrCBBgbICLwjs_0srLdPcw9TGrxoVK0D8vznxPdvLPn1Q5EteJFXBxFQgq--lYVePhXk1e0ik-SHx36eEGx_f4fL_cLuY18jLrqO88gpR2D1I3cPFUBYkJ13VtBR_FntqIq0ejhEW4bpyJDor1Exlu_fWBSw6WQUQ7VAFjzF-D1YmaxeXLCBHL00sPGM1MgXcph4S-V_voHkJd-fTmH7V7Qex76lYFBfZGxjzjmFn587f95tiboifJOobjlksDLET7n4s9nvHKWQ0dXonb7Ts2ku2h1aCwq2uvZtwUlxd3Yj2HjnLSdbfLgd--coAuH4yGwTHNy2AHCYQ7e2D-xpy6BWELSsGqIfgUlc6dHROH7yMndyatnX1vBxxLBOs62NDQFSgJSluSgpiGJ77k51VP9kGKuWIA7pbf4il9dHt5d_4B5T7aHCVmmNePxJrE4CwnfCC0D32UxCsf59qWRV_Yj0gNYL9AOoEqKPMzfpPNHSe1nRIPCqF1p4BXlf8H217oSMIAZ7yCX31cS477-FJNaYYXcRBaHFTdsmlg8mCtl2R-a-Es0zot4lTDq3EyF_jKAaxgA6J-9A=w600-h500-no\" width=\"600\" height=\"500\" class \/><p class=\"wp-caption-text\">A amiga Ilheense MARI\u00c9LIA RODRIGUES (lado direito) e MARIA LU\u00cdSA, da cidade de MACARANI-BAHIA, duas devotas do PADRE C\u00cdCERO.<\/p><\/div>\n<div style=\"width: 610px\" class=\"wp-caption aligncenter\"><img loading=\"lazy\" src=\"https:\/\/lh3.googleusercontent.com\/Pc5WRgF1xbzKmdlbk37o-I--IlY_A-9rf88DgA-Osv0k0N8z_Wyl6cVclZiaWs-NUp4TO2vfXM-XxIuE3ByFTFuVKg_a51IEQMkyeJDzAwCKKl6KqcfPngMFX359TzLHADHxi1tN9glQIkOz63LzXl9b351TySqn81G0cF1wD_M382fcXcd2Wgf0wQPyp9ixfCx1PGbWAmVXXwZ9A2IEo9ShkYQMScaheg0o0-zoq3IWopn2QpqBp-RFX8QRLSKmZ_2W7i1nW4vRvaqjaahxqBFFA9iAr4LJdvkv__2K6bDMHuIlGI1RuXXuDsFLnCYjOxm0KvyH86VDekGOfcut-yoBCC6SLIvyCyl0U1gIjgihHpbSkRmwBA30qzsqObp6torLZP1AgcV4psap7Brx7_LnDNKAAiKPm_BdJvzu33czpadr0Q4qmOsjl3vci_KagUFOkkdW9-8q5DCy7CyCvQz5a3z7ErRkskQX-uF4zD_8UIO1ulpBFiWk29eUxlyCKg3-jZMWxJzqn7bAMkIr_ArTRoTGGAp5xGbNPsaqMPRFC6jj8SmlSvYMwhNQwGlbvNxFf1xRHuhQWH02P5or4WOoMbmMBOwUuYjNMfWCFn0fdqogqw=w600-h500-no\" width=\"600\" height=\"500\" class \/><p class=\"wp-caption-text\">A apresentadora da TV GLOBO F\u00c1TIMA BERNARDES, (Foto depois da separa\u00e7\u00e3o), agora com novo visual. LINDA COMO SEMPRE. Essa \u00e9 uma das que querem ver o PADRE C\u00cdCERO CANONIZADO.<\/p><\/div>\n<div style=\"width: 610px\" class=\"wp-caption aligncenter\"><img loading=\"lazy\" src=\"https:\/\/lh3.googleusercontent.com\/fGKStBJRwKGdBUOi4eYb-EG3zvUXYLaonv7hdqXssO4ygfRg_lrAvmCRXdQAdjlohUVpNRV0vJzaRqdIls9547bBhPWkupSIJQfWHAPLWcnRdoUdxbPLpDo6XIU4qB4J2QSgIhlDt-HmcBidhmyYjS4kObKPTnPi2lWruFQLCFSUiRjpZTNsNq2uuzzI7SVPlnxvI42us9YESbZri5PS9uWFzMRidMRZACRCzFD4wpz5vt0vz5GvxszAkQ0ufCiMERpPunhoC8g9hs2Dv-jjL9MUgwqNuOaujKlM7DAVFECgE-XXU8pGWu9B74rpqj-jsP-TmCeJURCHFgzfozbwXcw76_eS3seXKWngBzgDqvurl0oxxQ4SKCfEYsOxMg5HlNnjKQHKArIxBPAk5F8jzEV-xJnEBN5essxC-x3vzizMNZ1ASZYiviJG66D4LW8N_G9rAq5fYhc9U06oXDJV_5ETVfbD4RFbU0IDaVoIbXkCmHfx0a-B05nIPvHg1M0XOpm8d1JsHaIJp1nGRVvq-Agz7Ff6_FEjQYnFkFsyE-U3TC5lL5wKEuMmDmtA3C_dXgKKfo5eOjiHQ2QrFU8sRUMh66LZLY8eIv4hjP3BJ64sAW2KbQ=w600-h500-no\" width=\"600\" height=\"500\" class \/><p class=\"wp-caption-text\">O amigo e cunhado de JOS\u00c9 LEITE, JORGE CUNHA. ESSE \u00c9 DEVOTO DO MEU PADIM! (Foto: 15-10-2016).<\/p><\/div>\n<p>\t<b><center> 3) AS FOTOS DESTAQUES DA SEMANA. <\/center><\/b><\/p>\n<div style=\"width: 610px\" class=\"wp-caption aligncenter\"><img loading=\"lazy\" src=\"https:\/\/lh3.googleusercontent.com\/VPCnim6uUtl9hucrrEO0W389BgEXA_2JYUOHdyPLj_5Ywm-9q3KwY9biz1AvUYtaTwoKK83q65MGG7_0vGCoR0SCn_48WXYz4Bnb9DitqbNjfNsifZTgkmlSs8JTwgkI0eNkk4CWLz-0HO4MI1JQecmtyO7wYMADfV0jW33ewkR4Hh4k3kmSFQ7WuTfS3tQjBtF7z7HETjOBqS1wgmDahQmbv3XIfsxh5OAvdY75ywn3erYUqFfhxIGSl1mDSgnrCcD3P8ImWtXa-QkUmXLq_aE3620wyEQhgwH7caFWR32JInnCyiFrK7piTahP963pi4p_-BBX8phkjBc5RKTwDO76ODZ4KHLZgxcyQuyk9wieveklLJ2S6bw4gMoLWYJlEgpwI7NzB3m1My4DLknDPpjQq369Mb6bIs0JwKKPzXYQIsSKWwLDzsBhep1_2eN_XjaWTAn7WNVTd2mm7bPiOm8hkEM78StLnM_yG3XwdTa5fNLjYhUtTVQFEDvN4V8q67bxN2L53-4QaG7UdhGCb0yOd9O6OD3qxEF0k_TFjhUUA4Gfbxp-9DcmP4Qhe0seyKRVC7QoBuAGZr21JggnONv_g41ypf3-Wa0_7Pri1SSfpTkkVA=w600-h500-no\" width=\"600\" height=\"500\" class \/><p class=\"wp-caption-text\">No \u00faltimo domingo (16-10-2016) foi CANONIZADO pelo PAPA FRANCISCO, JOS\u00c9 GABRIEL DEL ROS\u00c1RIO BROCHERO, Argentino e conhecido como BENTO CURA BROCHERO. Nasceu no ano de 1840 e faleceu em 1914. E O PADRE C\u00cdCERO EST\u00c1 NUMA LISTA DE ESPERA QUE N\u00c3O TERMINA NUNCA.<\/p><\/div>\n<div style=\"width: 610px\" class=\"wp-caption aligncenter\"><img loading=\"lazy\" src=\"https:\/\/lh3.googleusercontent.com\/moXpQxKkbwtfpAGB90niJsxvudhkctcHDdcSRJUYnqtxg0GQZ2CPghtlIj8tBV_Xb7xSpjirVXWQEgOA06wLkYQoye_0Y_ZXf8oNi9444ZXA7fmFwHBVkojNIDbDB6VIofyXM1_iGYkyaGgrJDoY8MGCqcRZF-34et859QVz8KiDFJGKqtodF1wvKLH0SWHMZkoUjg2uLRUWw3zOJcxqALoWukzdd_HC2I0-R1p4zofUEfvWvbVj3_jtqS8TSBQYZn6No9rM72D7t7cttrB6S9tNjhl97i4skWM3KdyHlYmcdtfDKgj3-RGyE-Fd1Nel1Ok5gij_hh2FYpQrCZSz_0_EZFhPxNfVpvtSFd875ImZeA1F9qE0hmqnnGlR3dObxL2_Thxtq6KuIMe9qEcpE6OFe8RfYETvsIDC-BAX2edwIIk4_iU-XN8T5nLCr5zX-gbbFJ-Sl_R0kGetAUYziv8fRDiYI-4HQm2vLi-5QdG-LcXjXzyOuZDLyK7yI0U4o6RQSJh0oqIXrWMbZVMCPZu1rYQqcAdlUpuayIQZOXxDeJGftK01czeG4pBKOfcoa4bZZwV9RwAk_VphIG83lV0aJOjPN5KvzAXoPXuMR5phYrL_lw=w600-h500-no\" width=\"600\" height=\"500\" class \/><p class=\"wp-caption-text\">Foto de JOS\u00c9 LEITE em 1996.<\/p><\/div>\n<div style=\"width: 610px\" class=\"wp-caption aligncenter\"><img loading=\"lazy\" src=\"https:\/\/lh3.googleusercontent.com\/nhVmmbNWIWk3uOB3Rpw1qn42PdF_hHZBg0krk6YFNBI4Dp1dXNVc-E8c2uJz_cOQTcHcZYD3VkWNws1enbn2py-0hsPc-9q8WkQg0rJUhpZ8L8RqncQSoBvD316OLZPcyVsbPEdOuXMvmFKzVLyXDpBL9OkSOsinLQavuuHANsHyzz1guuoky5DdeosVkEnZEu6CBfJyTXJYzZRgTrlCpxD5jrnbJqtMRaTMjfzEVOVEu2mrGcrbQduBmeujfVYGlVNshNtJOUKwIHghqoJtS-AMIJMM6n_ASKVQ5d7n77HlG8RJhPfUW6c_pGAYR88ikn16fHuXdb9lREerwBPeLoLJom1HvGohj5km3K-ORqV7p2o-kRWSa2vEyW8I-C1_HPRi5jFTuiIw9d_O3GCV8gAhYehSD9ZXAIXGUqImfQthsLmHtyIQG2hd4UhiOedxV_myHRQCEu3XJU6S9vjAje2hdpGaAU-gp-355ai_evNlkN1Az69SnwFNnp6I6MqmF21bJw83uIvq3ZazSUSbOCwIyNj80BDP-kl_HevrxJnbJ9YaEkLoccAFmP0tyjgjMcZ_z947xEIrr2j-GJIulEDn0WzPaIgrcWKpVrVqTMIogbtm6w=w600-h500-no\" width=\"600\" height=\"500\" class \/><p class=\"wp-caption-text\">JOS\u00c9 LEITE em 2016, 20 ANOS DEPOIS. O homem n\u00e3o sabe o porqu\u00ea, mas hoje est\u00e1 se sentindo MAIS JOVEM. SER\u00c1?<\/p><\/div>\n<div style=\"width: 610px\" class=\"wp-caption aligncenter\"><img loading=\"lazy\" src=\"https:\/\/lh3.googleusercontent.com\/_z5UdEOZZKeujN3n85huGr37nSD_Pjn-t04pQYVsEcm4NbEXcBBW2uLAs1rrPZBbHW_1qP0Hg2GOTJJjY_ChmjRZby3GrpgN9eV9r4HGz9Fd5w0gr9k148wBr6CTk1hTu7Bc7OdkQJF23ii75MnAQubhkKLHezvkPvCtf940F-xUHqY35DImYOsCRsI0ehe3_1KcaRv1xmgWuMWSu2UQwr6UZVV0nZFTehNul1gD1Qa6YwDpuLNbhAyNsVHr2PN3iTcxVosQVhnJyc5EMB1jvdZxB9wJM9lpuDCpEolRbYT29XiXAP2psSUbO2X2HpYsw2SESzdP-ucb5MRtSSWQOQ_AZeeFlfWNohPffeq7H_fCbhlq-2aAwilmWvY0vvfxOQKdYEhaJTICdbrAw7m_k9dpEkniKYzeUZ3CZqbLx-JdTx7tlBCWVYe8P8K-QCNVFcYjfO1ZhMOg4c9w7qRaJm4276OEWvMW_QyU9dUzVNo1VCirK2LW5C-zBXFCbcqho18ZAqKRlEvaKptlbc2ylYmM_Jn9mWcx_jqHUFhcj3elmspfHR5F0fUkCtqjcJ3m-HFkqY-7sCDZ8aM9MckjRgFQIpO9WBsPLCyungSwhYGhuhwFbQ=w600-h500-no\" width=\"600\" height=\"500\" class \/><p class=\"wp-caption-text\">E depois da PROIBI\u00c7\u00c3O DAS VAQUEJADAS, JOS\u00c9 LEITE n\u00e3o sabe como fazer para cancelar 4 APRESENTA\u00c7\u00d5ES.<\/p><\/div>\n<div style=\"width: 610px\" class=\"wp-caption aligncenter\"><img loading=\"lazy\" src=\"https:\/\/lh3.googleusercontent.com\/EKvCt81la5WnqdAlZSg60GW2MrJIzScb8ZDD05-1XgMf61ZBXb4dIVCw0BetfMF86JqiA0AgOwIfrfpat2-49ZHakJBOcmTbdkCUZsfOxKzvvDgrpBiZJmxVWheychMoCj2WAKi5TU283LpfmjtOZvSGxx4hzLS7dV5HRny3gY-muhC1tvAiUBc-z5NMNUf9Tw8T2UlmOOH1d10P6sh2STTurdSx-eMWnDW4wJ5nDg5Omo4Zwrpy90EomIVsRfT9Mzq6A_lKdui_YLvNh0ivTrsWwrwoZ7aECww-CJwWsmSy_dbuBAvEVD5x_VKOO-bzP8zqFuTR1Xkn09TRyr_GPikYC3saNRRUvEl0CS067tZ__Wd9LpCRZJ7tXpFPUZ4WD_q9xPfS6FvhUHxJOolvzHHvZeOcTPT-_cCVXJ1-WjAuTGbIhWNSxrIIyZ8QMAkDjhYcbMrpM_L6vipollTjvf5MLHkkb4VT-Cqw1ak7FN9UZ4xaSiDsAvn8LXH9cNJjQju_1fzP1EGDVixqH7y90CFRKff8Ll0_XWjnxXk13BRy7PwJB_FX_jSDAZEMn4duyC5CJEEcbPtq1E8wa4EHon7jWDUKhzGDcx5Yr2FHV_EaTKBFqA=w600-h500-no\" width=\"600\" height=\"500\" class \/><p class=\"wp-caption-text\">PRA\u00c7A CORONEL PESSOA, D\u00c9CADA DE 1930.<\/p><\/div>\n<div style=\"width: 610px\" class=\"wp-caption aligncenter\"><img loading=\"lazy\" src=\"https:\/\/lh3.googleusercontent.com\/Se76sQ5tWYwcyo9IvkLhqFi_8xwQn9fiV0ZpPhhLicVBVbPTnLcj0eG9h2aacFJA4uwd_9t6i793zrQx_pIAbfgzGLRsnZjT2VfoYDvbq5SXiC8OpxyoKOssZJ6KpU_7FF4JAzqD_3RMEngwbgr1hjoh_FnrFcNjdMWPG9j4qjA61C2YhovJJzcZOT6By7AALuA5WmDPpvRFmuqYCMmO5B8FNIZr8-6GAcpKJukJp55Au-8ghEOFCuGDx2zeg9BnAFBJtsNVk5E48JWmpBvzpKNrsuxtxubTGO7nZsGS7c632WUIJDU9UqnB-6-cqkEllxk6B8N_ow1eH5hOyy3ns9_XcJJzS580Ygmzmf_th7Ps4zsdUOkn19yApjYwPagKUlLBI7j0mQXv67Ev_92tuxWu2N-zmMou8rGUndMZxlfwFWaG6987nLD84UGRcNRB-3elD0uaAG6NB-b6r4OxGlz_VKCaMUKen4ObqR243QtASmCjKzdqw2dndQBlHezBOjZ2CZCswY3WZg9EWmD_Mf1lsNakbYyaNC4maa-DUoXmUg8JQ1gjqKv_ALopXMpjzfRgGg4T3eSI0iv1WTx9JxM1zucao6axz15RoiNEnCASEWTTcg=w600-h500-no\" width=\"600\" height=\"500\" class \/><p class=\"wp-caption-text\">MAIS UM BELO TRABALHO DO PINTOR RILDO FOGE. Observe a foto acima compare com a foto anterior. (Foto: Setembro de 2014).<\/p><\/div>\n<p><b><center> E NO MAIS&#8230; <\/center><\/b><\/p>\n<div style=\"width: 610px\" class=\"wp-caption aligncenter\"><img loading=\"lazy\" src=\"https:\/\/lh3.googleusercontent.com\/l0YS4zLrWzaLdaFpBAl_jMtGKfDjMwRgIrdJNC-aXugWBMbQthYEZT0Cj-pXrgfenQImdKp5fJ6RgA_mflMa8g8yg6TtuIEVpEphGtr5YyMR2Bu8b8Li_wSM7MATOy3T1LxWkh-4mOKKbqolIbb6gFy-Ai8vd1JnwOCJDpTxgtIMz0t3yME9_75OxitPd41vfUfJ74WPScxH9CF1PhDXMcDHP9xpo3ynYAYQcKTCFfnw50C_4-v7BuWOpVuztHnIdBtOp748Vo3hJ3n9LZ9tlEdNL5Rm0IeFBLenfuxV7WO7zUHsYbMZ6VwKKDhvwAn_asFVWsQfPVyO2mBzXH2MYSIKmn6xfT3Np9u-RJtHSlDF0QxHpcYmlaRgN9MuY2Zd2cN7Mo6VqgrumjWt_saSS_SQctolkbD-NqJ8LOiRuJ-A4YxNBA8aQcxo45WWykQZ1LpjgbCwr5o4d6qeGzRsZJeN-lYL6aS629LI--IXYJxy8KhyPuhzNmoWW-ndMfLKuzobJExYRb0z23dugEWZ12Xz1J5rqSxBaBW06jFUmxMxdxuL-dOUpBJRwsS8VPS-j2c-LiYK8wnLT89fYKQVKDqmeiVFb0Zd2xfaAp_iStJzhRmHHw=w600-h500-no\" width=\"600\" height=\"500\" class \/><p class=\"wp-caption-text\">JOS\u00c9 LEITE, protegido por DEUS e pela POL\u00cdCIA MILITAR!<\/p><\/div>\n<p>&#8212;<br \/>\n<span style=\"color: blue;\"><b>Para ver o BA\u00da da semana passada clique<\/b><a href=\"http:\/\/www.r2cpress.com.br\/v1\/2016\/10\/14\/do-fundo-do-bau-de-jose-leite-258\/\" target=\"_news\"><b> AQUI.<\/b><\/a><\/span><\/p>\n<p>&#8212;<br \/>\nTexto e fotos: Jos\u00e9 Leite de Souza<br \/>\njleitesouza@hotmail.com<br \/>\n(73) 3634-3134<\/p>\n","protected":false},"excerpt":{"rendered":"<p>1) ASSOCIA\u00c7\u00c3O COMERCIAL DE ILH\u00c9US, 104 ANOS. 2) SEJA UM ARTISTA GLOBAL (3\u00aa PARTE). 3) AS FOTOS DESTAQUES DA SEMANA.<\/p>\n","protected":false},"author":2,"featured_media":0,"comment_status":"open","ping_status":"open","sticky":false,"template":"","format":"standard","meta":{"_links_to":"","_links_to_target":""},"categories":[10],"tags":[],"_links":{"self":[{"href":"https:\/\/www.r2cpress.com.br\/v1\/wp-json\/wp\/v2\/posts\/103904"}],"collection":[{"href":"https:\/\/www.r2cpress.com.br\/v1\/wp-json\/wp\/v2\/posts"}],"about":[{"href":"https:\/\/www.r2cpress.com.br\/v1\/wp-json\/wp\/v2\/types\/post"}],"author":[{"embeddable":true,"href":"https:\/\/www.r2cpress.com.br\/v1\/wp-json\/wp\/v2\/users\/2"}],"replies":[{"embeddable":true,"href":"https:\/\/www.r2cpress.com.br\/v1\/wp-json\/wp\/v2\/comments?post=103904"}],"version-history":[{"count":2,"href":"https:\/\/www.r2cpress.com.br\/v1\/wp-json\/wp\/v2\/posts\/103904\/revisions"}],"predecessor-version":[{"id":103906,"href":"https:\/\/www.r2cpress.com.br\/v1\/wp-json\/wp\/v2\/posts\/103904\/revisions\/103906"}],"wp:attachment":[{"href":"https:\/\/www.r2cpress.com.br\/v1\/wp-json\/wp\/v2\/media?parent=103904"}],"wp:term":[{"taxonomy":"category","embeddable":true,"href":"https:\/\/www.r2cpress.com.br\/v1\/wp-json\/wp\/v2\/categories?post=103904"},{"taxonomy":"post_tag","embeddable":true,"href":"https:\/\/www.r2cpress.com.br\/v1\/wp-json\/wp\/v2\/tags?post=103904"}],"curies":[{"name":"wp","href":"https:\/\/api.w.org\/{rel}","templated":true}]}}