{"id":103945,"date":"2016-10-22T14:56:49","date_gmt":"2016-10-22T17:56:49","guid":{"rendered":"http:\/\/www.r2cpress.com.br\/v1\/?p=103945"},"modified":"2016-10-22T14:56:49","modified_gmt":"2016-10-22T17:56:49","slug":"mpfba-disponibiliza-veiculo-para-doacao","status":"publish","type":"post","link":"https:\/\/www.r2cpress.com.br\/v1\/2016\/10\/22\/mpfba-disponibiliza-veiculo-para-doacao\/","title":{"rendered":"MPF\/BA disponibiliza ve\u00edculo para doa\u00e7\u00e3o"},"content":{"rendered":"<p><strong><em>\u00d3rg\u00e3os e entidades interessados dever\u00e3o encaminhar solicita\u00e7\u00f5es entre 24 de outubro e 7 de novembro<\/em><\/strong><\/p>\n<div id=\"viewlet-below-content-title\">\n<p>O Minist\u00e9rio P\u00fablico Federal na Bahia (MPF\/BA) est\u00e1 disponibilizando um ve\u00edculo para doa\u00e7\u00e3o, modelo Marea\/2006. Podem candidatar-se: \u00f3rg\u00e3os de quaisquer dos ramos do MPU; \u00f3rg\u00e3os ou entidades da administra\u00e7\u00e3o p\u00fablica federal, estadual ou municipal direta ou indireta; institui\u00e7\u00f5es filantr\u00f3picas e Organiza\u00e7\u00f5es da Sociedade Civil de Interesse P\u00fablico.<\/p>\n<\/div>\n<p class=\"western\">Os requerimentos podem ser enviados via Correios ou entregues na sede do MPF em Salvador, localizado na Rua Ivonne Silveira, n\u00ba 243, Centro Executivo Doron. O modelo do requerimento e a lista de documentos que precisam ser anexados ao pedido est\u00e3o disponibilizados abaixo.<\/p>\n<p class=\"western\">O prazo para os interessados fazerem suas solicita\u00e7\u00f5es come\u00e7a na pr\u00f3xima segunda-feira, 24 de outubro, e vai at\u00e9 7 de novembro. Eventuais d\u00favidas poder\u00e3o ser esclarecidas com a Se\u00e7\u00e3o de Log\u00edstica pelo telefone (71) 3617-2533.<\/p>\n<p class=\"western\">Confira a \u00edntegra do <a class=\"internal-link\" title=\"\" href=\"http:\/\/www.mpf.mp.br\/ba\/sala-de-imprensa\/docs\/pr-ba-aviso-de-doacao-02-2016.pdf\" target=\"_blank\" rel=\"noreferrer\">Aviso de Doa\u00e7\u00e3o n\u00ba 02\/2016<\/a>.<\/p>\n<p class=\"western\">Acesse mais <a class=\"internal-link\" title=\"\" href=\"http:\/\/www.mpf.mp.br\/ba\/sala-de-imprensa\/docs\/pr-ba-aviso-de-doacao-02-2016-anexo-i.pdf\" target=\"_blank\" rel=\"noreferrer\">informa\u00e7\u00f5es do <\/a><a class=\"internal-link\" title=\"\" href=\"http:\/\/www.mpf.mp.br\/ba\/sala-de-imprensa\/docs\/pr-ba-aviso-de-doacao-02-2016-anexo-i.pdf\" target=\"_blank\" rel=\"noreferrer\">item<\/a> que ser\u00e1 doado e o <a class=\"internal-link\" title=\"\" href=\"http:\/\/www.mpf.mp.br\/ba\/sala-de-imprensa\/docs\/pr-ba-aviso-de-doacao-02-2016-anexo-ii.pdf\" target=\"_blank\" rel=\"noreferrer\">modelo de requerimento<\/a>.<\/p>\n<p class=\"western\"><b>Endere\u00e7o para envio pelos correios<\/b>: Procuradoria da Rep\u00fablica na Bahia \u2013 Se\u00e7\u00e3o de Log\u00edstica, Rua Ivonne Silveira, n\u00ba 243, Centro Executivo Doron, Salvador\/Bahia, CEP 41.194-015.<\/p>\n<p class=\"western\" align=\"justify\">Assessoria de Comunica\u00e7\u00e3o<\/p>\n","protected":false},"excerpt":{"rendered":"<p>\u00d3rg\u00e3os e entidades interessados dever\u00e3o encaminhar solicita\u00e7\u00f5es entre 24 de outubro e 7 de novembro O Minist\u00e9rio P\u00fablico Federal na Bahia (MPF\/BA) est\u00e1 disponibilizando um ve\u00edculo para doa\u00e7\u00e3o, modelo Marea\/2006. Podem candidatar-se: \u00f3rg\u00e3os de quaisquer dos ramos do MPU; \u00f3rg\u00e3os ou entidades da administra\u00e7\u00e3o p\u00fablica federal, estadual ou municipal direta ou indireta; institui\u00e7\u00f5es filantr\u00f3picas e [&hellip;]<\/p>\n","protected":false},"author":2,"featured_media":0,"comment_status":"open","ping_status":"open","sticky":false,"template":"","format":"standard","meta":{"_links_to":"","_links_to_target":""},"categories":[13],"tags":[],"_links":{"self":[{"href":"https:\/\/www.r2cpress.com.br\/v1\/wp-json\/wp\/v2\/posts\/103945"}],"collection":[{"href":"https:\/\/www.r2cpress.com.br\/v1\/wp-json\/wp\/v2\/posts"}],"about":[{"href":"https:\/\/www.r2cpress.com.br\/v1\/wp-json\/wp\/v2\/types\/post"}],"author":[{"embeddable":true,"href":"https:\/\/www.r2cpress.com.br\/v1\/wp-json\/wp\/v2\/users\/2"}],"replies":[{"embeddable":true,"href":"https:\/\/www.r2cpress.com.br\/v1\/wp-json\/wp\/v2\/comments?post=103945"}],"version-history":[{"count":1,"href":"https:\/\/www.r2cpress.com.br\/v1\/wp-json\/wp\/v2\/posts\/103945\/revisions"}],"predecessor-version":[{"id":103946,"href":"https:\/\/www.r2cpress.com.br\/v1\/wp-json\/wp\/v2\/posts\/103945\/revisions\/103946"}],"wp:attachment":[{"href":"https:\/\/www.r2cpress.com.br\/v1\/wp-json\/wp\/v2\/media?parent=103945"}],"wp:term":[{"taxonomy":"category","embeddable":true,"href":"https:\/\/www.r2cpress.com.br\/v1\/wp-json\/wp\/v2\/categories?post=103945"},{"taxonomy":"post_tag","embeddable":true,"href":"https:\/\/www.r2cpress.com.br\/v1\/wp-json\/wp\/v2\/tags?post=103945"}],"curies":[{"name":"wp","href":"https:\/\/api.w.org\/{rel}","templated":true}]}}