{"id":103992,"date":"2016-10-24T18:06:01","date_gmt":"2016-10-24T21:06:01","guid":{"rendered":"http:\/\/www.r2cpress.com.br\/v1\/?p=103992"},"modified":"2016-10-24T18:06:01","modified_gmt":"2016-10-24T21:06:01","slug":"acao-conjunta-da-68a-e-70a-cipm-resulta-na-apreensao-de-mais-uma-arma-na-area-da-68","status":"publish","type":"post","link":"https:\/\/www.r2cpress.com.br\/v1\/2016\/10\/24\/acao-conjunta-da-68a-e-70a-cipm-resulta-na-apreensao-de-mais-uma-arma-na-area-da-68\/","title":{"rendered":"A\u00c7\u00c3O CONJUNTA DA 68\u00aa E 70\u00aa CIPM RESULTA NA APREENS\u00c3O DE MAIS UMA ARMA NA \u00c1REA DA 68\u00a0"},"content":{"rendered":"<div id=\"messagebody\">\n<div class=\"message-htmlpart\">\n<div class=\"rcmBody\">\n<div dir=\"ltr\">\n<div>Na manh\u00e3 desta Segunda-Feira \u00a0(24), ap\u00f3s investiga\u00e7\u00f5es, \u00a0a Guarni\u00e7\u00e3o do Peto68 e Peto70 apreenderam, no Alto do Rombudo, 01 Rev\u00f3lver SMITH WELSON, Cal.38 e 07 (sete) muni\u00e7\u00f5es, portados por Edcarlos Santos Nascimento de 18 anos. O indiv\u00edduo preso nesta a\u00e7\u00e3o trata-se de um suspeito de homic\u00eddio de uma pessoa conhecida como &#8220;Minho&#8221;, ocorrido em Setembro\/2016 no Alto do Canec\u00e3o, Bairro Conquista.<\/div>\n<div><\/div>\n<div>A a\u00e7\u00e3o culminou tamb\u00e9m na apreens\u00e3o do Menor Infrator J. L.G.R. \u00a0de 14 anos, suposto comparsa do homic\u00eddio. A arma e os indiv\u00edduos foram conduzidos \u00e0 DP para as devidas provid\u00eancias.<\/div>\n<div><\/div>\n<div>Sua den\u00fancia an\u00f4nima fortalece a nossa corrente do bem. Ajude a Pol\u00edcia Militar a combater o crime em sua localidade!<\/div>\n<div><\/div>\n<div>#68cipm<\/div>\n<div>#OServi\u00e7oN\u00e3oPara<\/div>\n<div>#PMeComunidadenacorrenitedobem<\/div>\n<div> Zap Den\u00fancia: 98886-3997<\/div>\n<div> Central 24h: \u00a0 \u00a0 99944-8374<\/div>\n<\/div>\n<\/div>\n<\/div>\n<\/div>\n<p>&nbsp;<\/p>\n","protected":false},"excerpt":{"rendered":"<p>Na manh\u00e3 desta Segunda-Feira \u00a0(24), ap\u00f3s investiga\u00e7\u00f5es, \u00a0a Guarni\u00e7\u00e3o do Peto68 e Peto70 apreenderam, no Alto do Rombudo, 01 Rev\u00f3lver SMITH WELSON, Cal.38 e 07 (sete) muni\u00e7\u00f5es, portados por Edcarlos Santos Nascimento de 18 anos. O indiv\u00edduo preso nesta a\u00e7\u00e3o trata-se de um suspeito de homic\u00eddio de uma pessoa conhecida como &#8220;Minho&#8221;, ocorrido em Setembro\/2016 [&hellip;]<\/p>\n","protected":false},"author":2,"featured_media":0,"comment_status":"open","ping_status":"open","sticky":false,"template":"","format":"standard","meta":{"_links_to":"","_links_to_target":""},"categories":[25],"tags":[],"_links":{"self":[{"href":"https:\/\/www.r2cpress.com.br\/v1\/wp-json\/wp\/v2\/posts\/103992"}],"collection":[{"href":"https:\/\/www.r2cpress.com.br\/v1\/wp-json\/wp\/v2\/posts"}],"about":[{"href":"https:\/\/www.r2cpress.com.br\/v1\/wp-json\/wp\/v2\/types\/post"}],"author":[{"embeddable":true,"href":"https:\/\/www.r2cpress.com.br\/v1\/wp-json\/wp\/v2\/users\/2"}],"replies":[{"embeddable":true,"href":"https:\/\/www.r2cpress.com.br\/v1\/wp-json\/wp\/v2\/comments?post=103992"}],"version-history":[{"count":1,"href":"https:\/\/www.r2cpress.com.br\/v1\/wp-json\/wp\/v2\/posts\/103992\/revisions"}],"predecessor-version":[{"id":103993,"href":"https:\/\/www.r2cpress.com.br\/v1\/wp-json\/wp\/v2\/posts\/103992\/revisions\/103993"}],"wp:attachment":[{"href":"https:\/\/www.r2cpress.com.br\/v1\/wp-json\/wp\/v2\/media?parent=103992"}],"wp:term":[{"taxonomy":"category","embeddable":true,"href":"https:\/\/www.r2cpress.com.br\/v1\/wp-json\/wp\/v2\/categories?post=103992"},{"taxonomy":"post_tag","embeddable":true,"href":"https:\/\/www.r2cpress.com.br\/v1\/wp-json\/wp\/v2\/tags?post=103992"}],"curies":[{"name":"wp","href":"https:\/\/api.w.org\/{rel}","templated":true}]}}