{"id":104078,"date":"2016-10-27T11:57:49","date_gmt":"2016-10-27T14:57:49","guid":{"rendered":"http:\/\/www.r2cpress.com.br\/v1\/?p=104078"},"modified":"2016-10-27T11:57:49","modified_gmt":"2016-10-27T14:57:49","slug":"no-blog-do-gusmao-15","status":"publish","type":"post","link":"https:\/\/www.r2cpress.com.br\/v1\/2016\/10\/27\/no-blog-do-gusmao-15\/","title":{"rendered":"No Blog do Gusm\u00e3o"},"content":{"rendered":"<h3 style=\"text-align: center;\"><span style=\"color: #000000;\"><strong><span class=\"PostHeader\"><a style=\"color: #000000;\" title=\"Permanent Link to ESTUDANTES SE MANIFESTAM CONTRA AUMENTO SALARIAL PARA POL\u00cdTICOS DE ILH\u00c9US\" href=\"http:\/\/www.blogdogusmao.com.br\/v1\/2016\/10\/26\/estudantes-se-manifestam-contra-aumento-salarial-para-politicos-de-ilheus\/\" rel=\"bookmark\">ESTUDANTES SE MANIFESTAM CONTRA AUMENTO SALARIAL <\/a><\/span><\/strong><\/span><\/h3>\n<h3 style=\"text-align: center;\"><span style=\"color: #000000;\"><strong><span class=\"PostHeader\"><a style=\"color: #000000;\" title=\"Permanent Link to ESTUDANTES SE MANIFESTAM CONTRA AUMENTO SALARIAL PARA POL\u00cdTICOS DE ILH\u00c9US\" href=\"http:\/\/www.blogdogusmao.com.br\/v1\/2016\/10\/26\/estudantes-se-manifestam-contra-aumento-salarial-para-politicos-de-ilheus\/\" rel=\"bookmark\">PARA POL\u00cdTICOS DE ILH\u00c9US<\/a><\/span><\/strong><\/span><\/h3>\n<div style=\"width: 500px\" class=\"wp-caption aligncenter\"><img loading=\"lazy\" class=\"\" src=\"http:\/\/i0.wp.com\/www.blogdogusmao.com.br\/v1\/wp-content\/uploads\/2016\/10\/protesto-na-camara-ciro-zatele.jpg?resize=490%2C275\" alt=\"\" width=\"490\" height=\"275\" \/><p class=\"wp-caption-text\">Estudantes na C\u00e2mara de Vereadores de Ilh\u00e9us. Imagem: Ciro Zatele\/Cidade Informe.<\/p><\/div>\n<h4>Projetos de lei podem aumentar em at\u00e9 27,98% os sal\u00e1rios dos vereadores, prefeito e vice-prefeito de Ilh\u00e9us. Nessa ter\u00e7a-feira (25), na C\u00e2mara de Vereadores, estudantes se manifestaram contra o reajuste.<\/h4>\n<h4>O prefeito e o vice-prefeito eleitos de Ilh\u00e9us, M\u00e1rio Alexandre (Mar\u00e3o \u2013 PSD) e Jos\u00e9 Nazal (Rede Sustentabilidade), <strong><a href=\"http:\/\/www.blogdogusmao.com.br\/v1\/2016\/10\/24\/marao-e-nazal-se-posicionam-contra-aumento-de-salarios-do-executivo\/\" target=\"_blank\">posicionaram-se contra o aumento para o Executivo<\/a><\/strong>.<\/h4>\n<h4>Por meio de um abaixo-assinado na internet, mais de mil pessoas tamb\u00e9m repudiaram o aumento salarial para os pol\u00edticos de Ilh\u00e9us \u2013 <strong><a href=\"http:\/\/www.blogdogusmao.com.br\/v1\/2016\/10\/24\/ilheus-tem-abaixo-assinado-contra-aumento-salarial-de-politicos\/\" target=\"_blank\">veja aqui<\/a><\/strong>.<\/h4>\n<h4>Atualmente o vereador de Ilh\u00e9us recebe R$ 10.021,00, al\u00e9m do mesmo valor para contratar assessores. Se os projetos forem aprovados, o sal\u00e1rio dos parlamentares chegar\u00e1 a R$ 12.825,00. J\u00e1 os vencimentos do prefeito e do vice subir\u00e3o para R$20.487,50 e R$15.300,00.<\/h4>\n<h4>http:\/\/www.blogdogusmao.com.br\/v1\/2016\/10\/26\/estudantes-se-manifestam-contra-aumento-salarial-para-politicos-de-ilheus\/<\/h4>\n","protected":false},"excerpt":{"rendered":"<p>ESTUDANTES SE MANIFESTAM CONTRA AUMENTO SALARIAL PARA POL\u00cdTICOS DE ILH\u00c9US Projetos de lei podem aumentar em at\u00e9 27,98% os sal\u00e1rios dos vereadores, prefeito e vice-prefeito de Ilh\u00e9us. Nessa ter\u00e7a-feira (25), na C\u00e2mara de Vereadores, estudantes se manifestaram contra o reajuste. O prefeito e o vice-prefeito eleitos de Ilh\u00e9us, M\u00e1rio Alexandre (Mar\u00e3o \u2013 PSD) e Jos\u00e9 [&hellip;]<\/p>\n","protected":false},"author":2,"featured_media":0,"comment_status":"open","ping_status":"open","sticky":false,"template":"","format":"standard","meta":{"_links_to":"","_links_to_target":""},"categories":[13,22],"tags":[],"_links":{"self":[{"href":"https:\/\/www.r2cpress.com.br\/v1\/wp-json\/wp\/v2\/posts\/104078"}],"collection":[{"href":"https:\/\/www.r2cpress.com.br\/v1\/wp-json\/wp\/v2\/posts"}],"about":[{"href":"https:\/\/www.r2cpress.com.br\/v1\/wp-json\/wp\/v2\/types\/post"}],"author":[{"embeddable":true,"href":"https:\/\/www.r2cpress.com.br\/v1\/wp-json\/wp\/v2\/users\/2"}],"replies":[{"embeddable":true,"href":"https:\/\/www.r2cpress.com.br\/v1\/wp-json\/wp\/v2\/comments?post=104078"}],"version-history":[{"count":2,"href":"https:\/\/www.r2cpress.com.br\/v1\/wp-json\/wp\/v2\/posts\/104078\/revisions"}],"predecessor-version":[{"id":104080,"href":"https:\/\/www.r2cpress.com.br\/v1\/wp-json\/wp\/v2\/posts\/104078\/revisions\/104080"}],"wp:attachment":[{"href":"https:\/\/www.r2cpress.com.br\/v1\/wp-json\/wp\/v2\/media?parent=104078"}],"wp:term":[{"taxonomy":"category","embeddable":true,"href":"https:\/\/www.r2cpress.com.br\/v1\/wp-json\/wp\/v2\/categories?post=104078"},{"taxonomy":"post_tag","embeddable":true,"href":"https:\/\/www.r2cpress.com.br\/v1\/wp-json\/wp\/v2\/tags?post=104078"}],"curies":[{"name":"wp","href":"https:\/\/api.w.org\/{rel}","templated":true}]}}