{"id":104116,"date":"2016-10-28T11:00:06","date_gmt":"2016-10-28T14:00:06","guid":{"rendered":"http:\/\/www.r2cpress.com.br\/v1\/?p=104116"},"modified":"2016-10-28T11:00:06","modified_gmt":"2016-10-28T14:00:06","slug":"3o-encontro-de-filarmonicas-de-belmonte","status":"publish","type":"post","link":"https:\/\/www.r2cpress.com.br\/v1\/2016\/10\/28\/3o-encontro-de-filarmonicas-de-belmonte\/","title":{"rendered":"3\u00ba Encontro de Filarm\u00f4nicas  de Belmonte"},"content":{"rendered":"<blockquote>\n<div id=\"attachment_104117\" style=\"width: 435px\" class=\"wp-caption aligncenter\"><a href=\"http:\/\/www.r2cpress.com.br\/v1\/wp-content\/uploads\/2016\/10\/belmonte.jpg\"><img aria-describedby=\"caption-attachment-104117\" loading=\"lazy\" class=\"size-full wp-image-104117\" src=\"http:\/\/www.r2cpress.com.br\/v1\/wp-content\/uploads\/2016\/10\/belmonte.jpg\" alt=\"Encontro\" width=\"425\" height=\"600\" srcset=\"https:\/\/www.r2cpress.com.br\/v1\/wp-content\/uploads\/2016\/10\/belmonte.jpg 425w, https:\/\/www.r2cpress.com.br\/v1\/wp-content\/uploads\/2016\/10\/belmonte-212x300.jpg 212w\" sizes=\"(max-width: 425px) 100vw, 425px\" \/><\/a><p id=\"caption-attachment-104117\" class=\"wp-caption-text\"><\/strong> <strong>Encontro<\/strong><\/p><\/div>\n<p style=\"text-align: justify;\"><strong>Nos dois primeiros encontros, a participa\u00e7\u00e3o de filarm\u00f4nicas de diversas partes da Bahia e de outros estados da Federa\u00e7\u00e3o que possuem e mant\u00eam esta tradi\u00e7\u00e3o musical e, a proposta de realiza\u00e7\u00e3o desta 3\u00aa edi\u00e7\u00e3o, s\u00e3o evidentes sinais de \u00eaxito do \u201c<em>Encontro de Filarm\u00f4nicas de Belmonte<\/em>\u201d. \u00a0Ademais \u2013por se tratar de uma manifesta\u00e7\u00e3o cultural-musical da maior relev\u00e2ncia\u2013, \u00e9 um evento que deveria orgulhar n\u00e3o s\u00f3 os belmontenses, mas toda a comunidade da Regi\u00e3o Sul da Bahia.<\/strong><\/p>\n<p style=\"text-align: justify;\"><strong>Em Belmonte, tendo tudo a ver com o previsto acontecimento, existem duas centen\u00e1rias filarm\u00f4nicas: <em>Lyra Popular e Quinze de Setembro <\/em><\/strong><\/p>\n<p style=\"text-align: justify;\"><strong>Heckel Janu\u00e1rio<\/strong><\/p>\n<\/blockquote>\n","protected":false},"excerpt":{"rendered":"<p>Nos dois primeiros encontros, a participa\u00e7\u00e3o de filarm\u00f4nicas de diversas partes da Bahia e de outros estados da Federa\u00e7\u00e3o que possuem e mant\u00eam esta tradi\u00e7\u00e3o musical e, a proposta de realiza\u00e7\u00e3o desta 3\u00aa edi\u00e7\u00e3o, s\u00e3o evidentes sinais de \u00eaxito do \u201cEncontro de Filarm\u00f4nicas de Belmonte\u201d. \u00a0Ademais \u2013por se tratar de uma manifesta\u00e7\u00e3o cultural-musical da maior [&hellip;]<\/p>\n","protected":false},"author":2,"featured_media":0,"comment_status":"open","ping_status":"open","sticky":false,"template":"","format":"standard","meta":{"_links_to":"","_links_to_target":""},"categories":[5,10],"tags":[],"_links":{"self":[{"href":"https:\/\/www.r2cpress.com.br\/v1\/wp-json\/wp\/v2\/posts\/104116"}],"collection":[{"href":"https:\/\/www.r2cpress.com.br\/v1\/wp-json\/wp\/v2\/posts"}],"about":[{"href":"https:\/\/www.r2cpress.com.br\/v1\/wp-json\/wp\/v2\/types\/post"}],"author":[{"embeddable":true,"href":"https:\/\/www.r2cpress.com.br\/v1\/wp-json\/wp\/v2\/users\/2"}],"replies":[{"embeddable":true,"href":"https:\/\/www.r2cpress.com.br\/v1\/wp-json\/wp\/v2\/comments?post=104116"}],"version-history":[{"count":2,"href":"https:\/\/www.r2cpress.com.br\/v1\/wp-json\/wp\/v2\/posts\/104116\/revisions"}],"predecessor-version":[{"id":104119,"href":"https:\/\/www.r2cpress.com.br\/v1\/wp-json\/wp\/v2\/posts\/104116\/revisions\/104119"}],"wp:attachment":[{"href":"https:\/\/www.r2cpress.com.br\/v1\/wp-json\/wp\/v2\/media?parent=104116"}],"wp:term":[{"taxonomy":"category","embeddable":true,"href":"https:\/\/www.r2cpress.com.br\/v1\/wp-json\/wp\/v2\/categories?post=104116"},{"taxonomy":"post_tag","embeddable":true,"href":"https:\/\/www.r2cpress.com.br\/v1\/wp-json\/wp\/v2\/tags?post=104116"}],"curies":[{"name":"wp","href":"https:\/\/api.w.org\/{rel}","templated":true}]}}