{"id":104120,"date":"2016-10-28T20:00:46","date_gmt":"2016-10-28T23:00:46","guid":{"rendered":"http:\/\/www.r2cpress.com.br\/v1\/?p=104120"},"modified":"2016-10-28T12:01:26","modified_gmt":"2016-10-28T15:01:26","slug":"do-fundo-do-bau-de-jose-leite-260","status":"publish","type":"post","link":"https:\/\/www.r2cpress.com.br\/v1\/2016\/10\/28\/do-fundo-do-bau-de-jose-leite-260\/","title":{"rendered":"DO FUNDO DO BA\u00da DE JOS\u00c9 LEITE"},"content":{"rendered":"<p><center><img loading=\"lazy\" src=\"http:\/\/www.r2cpress.com.br\/v1\/wp-content\/uploads\/Novo-visual-do-Bau_400L21.jpg\" width=\"400\" height=\"320\" class=\"aligncenter\" \/><br \/>\n<strong>1)\tSEJA UM ARTISTA GLOBAL (PARTE 4).<br \/>\n2)\tJOS\u00c9 LEITE GOSTA DE VISITAR CEMIT\u00c9RIOS, E VOC\u00ca?<br \/>\n3)\tLEMBRANDO DOS FAMILIARES QUE J\u00c1 SE FORAM.<br \/>\n4)\tAS FOTOS DESTAQUES DA SEMANA.<\/strong><\/center><\/p>\n<p><!--more--><\/p>\n<p><b><center>*********************************************************************************<\/center><\/b><\/p>\n<p>\t<b><center> 1) SEJA UM ARTISTA GLOBAL (PARTE 4). <\/center><\/b><\/p>\n<p>V\u00e1rios artistas e Cantores da Televis\u00e3o Brasileira e outras autoridades e personalidades j\u00e1 foram clicadas com a imagem do PADRE C\u00cdCERO. Agora chegou sua vez, procure JOS\u00c9 LEITE na \u00d3TICA SAFIRA para tamb\u00e9m ser fotografado com MEU PADIM. Primeiro sua foto sai no BA\u00da e depois, quem sabe, tamb\u00e9m na Televis\u00e3o.<\/p>\n<div style=\"width: 610px\" class=\"wp-caption aligncenter\"><img loading=\"lazy\" src=\"https:\/\/lh3.googleusercontent.com\/ZL4WYboTi73OsMNhm0EXMDRGpObNOjBB2X7K3N6GO9aP19UBVYEXZ5Z2LfX2w4h46NxZ8D1PDIAFeAsnl3IlhwM2PMxTYuovbiEJ9pcKKnA3SmLj33dnh27Dzp5Ura8ExS7dhPJ4U-YPnNtZYmOVyLjLSOjvekFFPWsXDWfzILpaoz4kuY-c-67rPIoWhVXwLUZhFu7zYYWuwi8p7ZuVG19_dAj4JUNEXhqccT30t-DmFQSI04AEnxVJQ0qQvk4EgysTcCZXN0DOMc8ZiEWrMgIMtzb96qqdkT8u52wEQDT1qsKQpHxiv4lSQJ-q4Aff9HDhR3VgDNEIW-xhrhEv7npSgDf4R-gxHBtShs2BHs52oH9f78cLR3kdLVYi2ro6LoVIbmwSiHqdeTFWoWUEIfd6FdPHExKvaJI4DxmP4P6p9y0Tz5MC9BPUoDWxdHwuc2_1sIcpKhXj7dRQax1lfmDjFe_8e38mrqgiX4chYl2KoSsYJgLDUvcSUQ34MqaVnGNwK24esqNPUBHtW3ePVAylflJDDBbsd1ftv5GtxeKzV-94h33A4KD0GYCfZ0EC3WjReqQfY7U-ug_hOgKN6ChG1PX6muBKExOO_J7jc1U6qTR3UA=w600-h500-no\" width=\"600\" height=\"500\" class \/><p class=\"wp-caption-text\">O ator da TV GLOBO JOS\u00c9 MAYER (Atua na novela A LEI DO AMOR) grande devoto do PADRE C\u00cdCERO, falou: \u201cQue venha logo essa t\u00e3o esperada CANONIZA\u00c7\u00c3O\u201d. Na foto, ao lado do amigo MARCELO FRAGA.<\/p><\/div>\n<div style=\"width: 610px\" class=\"wp-caption aligncenter\"><img loading=\"lazy\" src=\"https:\/\/lh3.googleusercontent.com\/wHIlwBCL9WkXzESj9ymr8jtcFqlhE5k3csvd08RIPsOl-qpHy_2UbpHOFhJp4B7g2FgTjW2aO1DZO-MwNtI1qkE97KHEZy8YyND17FVs8BmUlbNUd3rRuED8l3yxr36GeBLZ1f0qWxKGbVrHEMqMnnPQq-5bTuyxz8V90Or_4SHw0RlYco6zEe4UNxtbZbXj8SEE-iCFXiVppAHsN4kCAkl1POYc0_11qdjZcTt7v7Qf8bzhOCanKTR9okivTvCAwaArr1BmMusAUINaNRDGMu5sBWy0MEZYh0bsA1fdlAyeH8xmv-jt-kp4FSxDFsNlSsth4YNRMxtE8FTPZoRORIXqOWgGgivpM9SnKzwK6KYJOVcNukNUKxHpoVvQeRIPxoBjNbLH7HjfC4QzhdsurWwX7FQgJwwTm2IOQsCwoWdYjGMt7xhkZXhGeFh1Ikif5e5E0KQBgZPMsnDgeZxq873XzcWfeDJG2d_-Ra5hr6k_XWYX3FgiNP_J-6qOB1UUo7a9Ys5sWgImpmcy9dg7UNobpfH9GfQvaoHxRrGhLnMeK0hiIMjm_kE5NA9wf8VWOEOjMyf5kKWEvwBDO_RoBp0jZ018ypj5x1Wj9RBDzIWAh7s55g=w600-h500-no\" width=\"600\" height=\"500\" class \/><p class=\"wp-caption-text\">O amigo Ilheense JEAN MENDON\u00c7A n\u00e3o esperou, \u00e0 15 dias atr\u00e1s foi visitar JUAZEIRO DO NORTE e voltou feliz. Na foto, JEAN ao lado de uma est\u00e1tua do PADRE C\u00cdCERO.<\/p><\/div>\n<div style=\"width: 610px\" class=\"wp-caption aligncenter\"><img loading=\"lazy\" src=\"https:\/\/lh3.googleusercontent.com\/FP5PSlYMp-1z_rF962Xub7g8ZKXLFHTVL2ZpAYVYpWnrLRIm77vx_dx0z2tjy7UBn0mIRzMp7uLyYAyVg-G17hfjJhtV_D0IDrLeh5TcNeF1LdHdxgVRF-kWgSh_k_IVp1IkjkScFkTvOeF1tTmLL-Ja7Jl3r4iEgqCRiZ3kHou22eeku1eT9qatlipl5ewEIT-jFdTIL6Pse9g2dRuUtTqe2mWQUxRDIpWZ0V2moxxA7o5A4l3h49OiIH8wsBBRG6BQKi6V55JL3VtO8EIYo7PhPI86EDAB_YLkaBmpBTW67AMDS3BtNb4vWPkaa4XHmYRHWIPN4to79KfPP06DZgGRCEDXv3cdE72JLJ2mdVlqERyRJz-Eb6v4gFSgyyGtKk8NgE2nIHE9kO19sY6gcY7ELM-wzmOj0rNKx-svZPcMfR4G4gGZJOTTaXSGP3euBwzIjonY5k5YuhX-yvw4P1f0lEOen8YTokDr21UuvA5L0JGp61nZW_TfTEjvYrPfpaKToYcTDwR0zbQx8orNl5DdczBW8wS-uMIvszWbg81jkSxylEzchrxJEuIy2lQ7KkewsvgohCeofNfiNDopRWyaM36vsxvC7OUjWsv0fc2ZLZ35XA=w600-h500-no\" width=\"600\" height=\"500\" class \/><p class=\"wp-caption-text\">O amigo Espanhol ABEL, comerciante a mais de 50 anos em ILH\u00c9US \u00e9 mais um devoto que pretende visitar JUAZEIRO DO NORTE.<\/p><\/div>\n<p>\t<b><center> 2) JOS\u00c9 LEITE GOSTA DE VISITAR CEMIT\u00c9RIOS, E VOC\u00ca? <\/center><\/b><\/p>\n<p>Aproxima-se o DIA DE FINADOS (02-11-2016) dia de visitar os t\u00famulos de familiares e amigos que j\u00e1 se foram. Muitas pessoas n\u00e3o gostam e algumas t\u00eam at\u00e9 medo, mas JOS\u00c9 LEITE ADORA VISITAR CEMIT\u00c9RIOS, mesmo n\u00e3o tendo parentes.<\/p>\n<div style=\"width: 610px\" class=\"wp-caption aligncenter\"><img loading=\"lazy\" src=\"https:\/\/lh3.googleusercontent.com\/riGn5OQ0NojY1ZGlP2Y3hF_gawfRA5vVqAoO8V5dZR7RQzqZOOPkx-gXG-OHIL5Bu9uzA7Vr6eFScxHBkvIP23c3z7bIFl9HG1DbyEd1RZC_hHYSpGABfQygJGibGyR_y5gL1EnMPbFXkCLyxjZlEXnQZEBufAniedKqkudZYIW0JxpQmCANXG-38gBOv-3LVeUnAjhlkgnfS0uCsOMweMFXUmgeXiKKfKHgQTCZH4k0wy3gG66pN2zVRyHrYWAukB7gtBSA5-Kd4avSVhKBW7TJbdPMSyiF57CPsJKUA3fQ8AgIXlgz7CZ_iafs0C4ib4lc9Xk-zmN2ZqlPkjl0ocB4jPEcE92x60a2xqb2esfso48ZoaEaT0pKsjpo4ZA6PmY0jaVoCdAi8NFdEtRudEjBhWydUZMUHBt49LxbeyCtglNxI8M44YOk1MCqPP2jL3SpSPybR7bLujVntdI4KgLudLat2ffxVrAftuX74fvol2xsCmWhAJN5AZJt_Yx4BSMSJRe8ZIo-lUgTk7D79Ns1Ga7gyw6p-yyGq79ifZTPXWliqa4FRJF16cZE0OPeftI_UR-y52WLOYZF768OnaacKjeeqMLh_VT-REnGnYUQgCxNeg=w600-h500-no\" width=\"600\" height=\"500\" class \/><p class=\"wp-caption-text\">Se no pr\u00f3ximo dia 2 DE NOVEMBRO voc\u00ea for ao CEMIT\u00c9RIO DA VIT\u00d3RIA EM ILH\u00c9US e na Sepultura da sua fam\u00edlia tem alguma imagem de Bronze, n\u00e3o fique surpreendido se n\u00e3o estiver no lugar, pois j\u00e1 levaram quase todas e esse ano de 2016 foi um dos piores. JOS\u00c9 LEITE sempre fala, O CEMIT\u00c9RIO DA VIT\u00d3RIA \u00c9 O MAIS ABANDONADO DO BRASIL EM SEGURAN\u00c7A. Na foto, t\u00famulo com uma imagem (S\u00c3O JOS\u00c9) que ainda resta.<\/p><\/div>\n<div style=\"width: 610px\" class=\"wp-caption aligncenter\"><img loading=\"lazy\" src=\"https:\/\/lh3.googleusercontent.com\/W2iEhQcWRQP97kQqMOep2bYKSobu-Z-L_oepWTxPbgwnTyx3ccn5CwHusow01NEWxIJp4LrNVF1b5M2Jf0Gc9RS_QspvuRmZlegvb2cjrkCmUtzv3gOrnJNJJdA36umO5WWIcLGnR8nK5SmJytByYJyxh1paE8r_b1dSWJ2R0irtKuG748XxJU4tcF13UEUxIpdDVDs34SXGbmtZVk99gzlIAxmCLQPy8SEQVbRvXDBzaVTR5IjuxFHaauPyr7yQfrsoWdjsJH_epS48zaXcVQQHpm5DDDNwKzcd41rywrjE5k4oVO8aP_lIUtgbryG9qVCH5P02QTx1GM_oK8twNFizCjmikGqUDSpB0uLV-cfFn1nWSV4CxLSw_xFlgLQuBqzSF3-ZJ8trK-pVZb-FvqwutpwfBXwIVOoXtIRxC7LeVlkKwXPdTTKhbDW1kfsv8bkF4WofprIbq4exKuvDKJKQTiMYgQ69Jmb_9X_ZWkL8yQnigMUiG5HHCcDoW_HXGg9Wg6PHKHMjS3XpDy7aDjqSbio_UhHBCbT94ntcPQ4vo6cesa96lKulxZbjVdnAaYcqWUC4jc6MqKS_Y-1XON9U1AVv4Gvu3Nx7vN14UpsQDbvuBg=w600-h406-no\" width=\"600\" height=\"406\" class \/><p class=\"wp-caption-text\">No dia 1\u00aa de Novembro, JOS\u00c9 LEITE viaja para JUAZEIRO DO NORTE e no dia 2 (DIA DE FINADOS) far\u00e1 uma visita ao t\u00famulo do seu inesquec\u00edvel amigo FRANCISCO JOS\u00c9 \u201cQUIRINO\u201d no CEMIT\u00c9RIO PARQUE DAS FLORES (foto) em JUAZEIRO DO NORTE.<\/p><\/div>\n<div style=\"width: 610px\" class=\"wp-caption aligncenter\"><img loading=\"lazy\" src=\"https:\/\/lh3.googleusercontent.com\/giZPH4g0mal7pdvX1_q8uF-E3zyemMrM3wBFj60-Hxss2pJqS7mjBsGNjGFMvM3KZrZMAC0bUSfX0AkfnzFevxsu-2MqJtd0YIbnW7LcVBXOflkSPDCRh7ogk2EXbLjj0KHMTLc63VC4FcFJ_0WHWfXqOrHNKCNVYLpaMJet5BOU5i4dqnATc6NsRL8ojfEVGAJOmG8Mh_DN7a3HfyklygwF9cI2tCLxqwFKfzWh2JqBelIvTcYyhdAZf2tF6zTmlron6c6KW05dR6u9TGxm_MKN6ki6zDo4njsP7FFeR37fAhlw_KLwlHnwuT4-43Irgfwp2Hhsif8lUiYyzlyfadhnyxFHIfpETBsxwNJ1k2qJPqNrE84YvLlUclGM5WjiLGj0XE0Wm9mJEC5wk8vcq9wP8hlH4cmL6ADOxH--S9r01C3Q87V1a_IKb8haiMOMK7i8o-7ac4esUJr0g4aJRAWHkl_plbfhbW73MGgP3R7tDQDhWxEPNNyp9-c6Vq3f6M4aN8dYdF8dOso0q0qfb0vZqYwFe2QGVgviYLMwWQBJdi_0UKBrW0qj1g3GZ4CuQugDPFmdEv17NUhtiUDzfcVBpxVplUDjTjTaAlYmHw44simwUg=w600-h500-no\" width=\"600\" height=\"500\" class \/><p class=\"wp-caption-text\">Tamb\u00e9m visitar\u00e1 o CEMIT\u00c9RIO ANJO DA GUARDA de JUAZEIRO onde tem alguns parentes e amigos sepultados. ALGU\u00c9M PODE ME RESPONDER? QUANDO SER\u00c1 QUE ILH\u00c9US TER\u00c1 UM NOVO CEMIT\u00c9RIO IGUAL A ESSE DA FOTO ACIMA?<\/p><\/div>\n<div style=\"width: 610px\" class=\"wp-caption aligncenter\"><img loading=\"lazy\" src=\"https:\/\/lh3.googleusercontent.com\/6IOHuNGxK8dqJXeDpkhneRcv3-q9qGeRjS5vHDLz5CGQl419xqoNqcF78W69EGHCHDwH0KMLTovFHr2Oy7sOfa449wvLmz-9HuZNGxklYVMtU2rcqiOTOBRnHJsvm0YBbLR936_yz_yzqVs_zhAqWH-DrAeNKZQ-AENB5Ff7LInq1HyqUMHt1lOAunIpbeR9AkqEZEOCc_Zw4DOP1dJnfzDsQTaYiRuzfBbmJ5OnegoQg4C5WPEvxXw8bRTrLKUft9z0VoyMSRwS8_lFhGvI0putzkUWb83kaYtVq043MaA9OwVKHGuAPObFy7xa5RQYaAgkULvJ3PeC_H0Pz5CWpwS4FdIu6K0rhxICCTJBqYD1oTvrX7dslAKKyLvY0w5GqSpCW-dcUc8aY_sLtQ5C0yBGfwfBpkMonbbOfRSg77FqlioSv6PBfJ-cnEMJgKWmbtKUZJlUpvjgwxtyc6aCXNBSIX4F9CDSCS9iDEatEGH8T-a1wo-CTAP5sTyf5xfl1LdqN8Axt7bKz-UkLeJ0weyFf7Bcas-slQPlnW9SqI-diFJRufly0-XrdATGHzJc0tUMmxBdAPh-CAJeY3Bnoeni0jztb747UoR6r2XsPqbHKk07UA=w600-h500-no\" width=\"600\" height=\"500\" class \/><p class=\"wp-caption-text\">Na foto acima, o CEMIT\u00c9RIO DO SOCORRO, o mais antigo de JUAZEIRO. JOS\u00c9 LEITE estar\u00e1 fazendo uma visita a esse Cemit\u00e9rio na noite do DIA DE FINADOS. Uma curiosidade: At\u00e9 \u00e0 meia noite do DIA DE FINADOS voc\u00ea encontra muitas pessoas em visita \u00e0quele CEMIT\u00c9RIO onde s\u00e3o ouvidos CANTOS DE SENTINELAS e LADAINHAS mantendo as TRADI\u00c7\u00d5ES SECULARES que acontecem nesse NORDESTE BRASILEIRO. Mesmo porque \u00e0 noite a temperatura \u00e9 mais agrad\u00e1vel e o Cemit\u00e9rio \u00e9 bem iluminado. Na foto acima, membros de uma irmandade rezando ao meio dia com o sol escaldante no CEMIT\u00c9RIO DO SOCORRO.<\/p><\/div>\n<p>\t<b><center> 3) LEMBRANDO DOS FAMILIARES QUE J\u00c1 SE FORAM. <\/center><\/b><\/p>\n<div style=\"width: 610px\" class=\"wp-caption aligncenter\"><img loading=\"lazy\" src=\"https:\/\/lh3.googleusercontent.com\/0QHDccu-d8GIfv4AG_NHQl9iayMCe4rKa3X6oIPcvE-keT3t-8sslrJ4Z7B91vnHOHVXJBzf_8nN1zOt-58J6-jNlyzrOkQUTlNo08OyUOnlt2VXu4Jop58k0Ve0_62EgQ5toU5L8NZB1NVgIlJLlCirxxsUiny45aqTk8SinSYlMmJ_Q245FPem1DIMkwzgZCFx99hf_uXdOpSGQz3BbheW8M2ibmw7rZfmUJxan63ewcRBVbP7Jl0VIHnB0ZYAtmjnYwgmDogCf-v120Id9_cOh8Cjo1w6j1qj2xlpGKe1TT2SfFABwRrCzmbhIAXzRMkAFo2yBS5PEVyDK4H_-pctlD7FZZp1rtB6G4cM-lM_KbDoqEzpxKud1V3ixcupGWQSMNG3HuQu3Bqw53g4uTc8idQctW3rG67mD6lZyAOPs2o6-asuzKlZp7IHyZgxsQxS5u6QrsabQhNaG7-zpnXUZvRIMwitjeSeuXIopec-j-jNHquxf6PZW5j9BYw5nS5p5MvZTeQkQ10D4q0UbCwS_hHXRlQ2ahcALalGg-DvujgMHzJ0DAXJt_9dj9X_8-nTm45NjyZWRKbvkgRIsiInmCIloiYWry43J-ZRmIcQE8q76g=w600-h500-no\" width=\"600\" height=\"500\" class \/><p class=\"wp-caption-text\">O saudoso PAI DE JOS\u00c9 LEITE, JO\u00c3O LEITE conhecido por SEU JOCA, na foto cumprimentando o saudoso Prefeito de ILH\u00c9US JO\u00c3O L\u00cdRIO. (Foto: 01-01-1989) dia da inaugura\u00e7\u00e3o do HOTEL CACAU D\u2019OURO.<\/p><\/div>\n<div style=\"width: 610px\" class=\"wp-caption aligncenter\"><img loading=\"lazy\" src=\"https:\/\/lh3.googleusercontent.com\/Dhl-4n3lSky0lXBxmo9azRPuiHGfM4PfeM6prgVSvaoS4wETmn_i_IrLpOhSAMmpLTmgo7s_2-2rLeQzWiIWtF01LRES3DRFPAtv_e7XBNOWANL9wtriCMogq0GL62FE5VaGdizp6mPKTgQN1hxcHo0mAcMQ6QkwGxXnFoV80EahOefzjcNHQPBYytIos_ylgn1vaXTEApA4pS8lruBkUS5UyHSDvVck2k2gvjDi3nowG5YyBQFTvD5cCoUSsgY6KXxWlTVoFvGkCfn0aMCDdRIeiQMMZ5YydMsm0BfPaR6GXDJVyuvtwR8gYcuLnXUTKJmlHr1PCCgWUlzoQQlKE08PmOT2BkyLajbQ6AFi4-gCShFnBhNZjp29jM1Pp6GdH7RDxbfaQyXfPplx-_U_nYoVSLsPM6-TPv0Y6O1bX3ViDBR7DHEyKuNA5-szhfNbudQXst2swiURezXbo1WhQODjDAd6dWzhRaYTmw4fMwk0UZEF4gSjIzf74oG_fkSR4ybUO-97Jjswd-17ixXg3mt5naVrwe7183VZiEa10WYByoe-wXIpMexp8mTAP72NrTPIJ_QAPHk7g3maY6hYFcs9nlbYxpXv9QIUlG7J4_N0SzFy2Q=w600-h500-no\" width=\"600\" height=\"500\" class \/><p class=\"wp-caption-text\">Foto da M\u00c3E DE JOS\u00c9 LEITE, a saudosa JOSEFA DO ESP\u00cdRITO SANTO, conhecida por DONA PRETA ao lado do seu neto \u00c2NGELO. (Foto: Junho\/1991).<\/p><\/div>\n<div style=\"width: 610px\" class=\"wp-caption aligncenter\"><img loading=\"lazy\" src=\"https:\/\/lh3.googleusercontent.com\/q9fl54r8lRkz2QdQUxJppPQyIWQGm8wC-dvFBjVnJasoJDCovFEOdrI3DcT0mRj7rldsrOPMS1WmJuGRJaVi7kATl8T7p4kMxN0Ko2TcnZTMw3GdoAyeouaqW1QI59LpbUyzCW7uSbRodIjyPBfVpw4sFcXc0dFwPWPc54MGUXaOvSqMKAZ9GtgIjNpmHwffzoc_x8NsEFBBbBqbXtMwTroMpEQop1vjz75cNnVC4Mkhp68olOMSqUZ34gBdCVGWg0nsWXDwKMn5h6fzC0eKd1fedIs8RZjPCp0jfPCtSJzyUjgf547g9oDMT_iuQCugdEZ3rTQ6QtFEOGDmWKMN76AonnpaYKlTE30xxyabtiNiiMK1k1bP5QpgMflI-ypsfAGj1KnCd2NZr0DbYuB8sXrJdhNS5RtX6jqLhqFIVgmWH-ef8ir-59vYEiANavBrAc5Av3uu_KyTxE5Vy3s3X8u0L33m3SjPl6j7jArp3XBtr6CrOgUYnr-RNB0s1drjRlnuSSOfw7Jg5oNU-U1uv_T7ILrKYoa0L8EBR2iK6wUw010hSQp6C7qwTxyM-jbQx36jyk_TCsZZ2NutmtVGPmBi9zihi_9V5i-rbYdxJ1bs8Of1Sg=w600-h500-no\" width=\"600\" height=\"500\" class \/><p class=\"wp-caption-text\">Na foto, o saudoso C\u00cdCERO LEITE, IRM\u00c3O DE JOS\u00c9 LEITE. Na foto ao lado da sua esposa ELISA.<\/p><\/div>\n<div style=\"width: 610px\" class=\"wp-caption aligncenter\"><img loading=\"lazy\" src=\"https:\/\/lh3.googleusercontent.com\/iyt5DVX-5zj2DBDt-kwGsyekBQUbiVk5pY00Jvp7bs7M3ONuV89OStSDG2M0ohAXVPG4B1l4SPUtKz5gbNN9CSX91QMYgZPYVo0X8pRR6mNM02alciHT9I-2vlYtPaSubv-zi8IY242sujCzbYcpDCyiv4B0EBOocsDNl8vzTPcesuDEFwoMHtxiPIQVzTpQhis68pfXkG5nQ7Uw7lKJnUzVeDXp8RulRY8TYVSSxBJyubI72SlnkIc8nNQY1jOZ1OMt-1KkqqCIyTO2hknQVVQ6uTrEb-yKMW0q4gPDQRyLo7Koe9bIaoVYAOpdpUkLFUqakS-nCI9xX4jgc7JwcsGSjvtZmpYEsSnG19Jff9x3tDRoZjctxgkhOfgjA206T4JFxaKrcx1eQ8wbr69LeiyCr80OPMxRzmD6qx-ILQN2hDtPqQqh6bcruBb2aa8soPNTIxxi_3XQlP0s31jG6YJEDKlP7dNAk0RKKteu23_IQj8QOi2GIqAEjvtUKnsrhxqq2x7zcApGfLYTdZ9AFr6EaUmYgbsJemcrVIbmk82ofLD2myNepMNPZXYnSx0JlHr7Ohw0-t3zvy1ws7wUysZk9BRbPAF_FQa7XL6MUjIf48B4zQ=w600-h500-no\" width=\"600\" height=\"500\" class \/><p class=\"wp-caption-text\">Palavras de JOS\u00c9 LEITE: \u201cCOMO ESQUECER DA MINHA QUERIDA VOV\u00d3 QUE S\u00d3 VIVIA REZANDO PARA EU SER FELIZ?\u201d Na foto: A saudosa MARIA LEITE, AV\u00d3 DE JOS\u00c9 LEITE.<\/p><\/div>\n<p>\t<b><center> 4) AS FOTOS DESTAQUES DA SEMANA. <\/center><\/b><\/p>\n<div style=\"width: 610px\" class=\"wp-caption aligncenter\"><img loading=\"lazy\" src=\"https:\/\/lh3.googleusercontent.com\/Vw4ladqK5_qBz10QpRmiQTw-cepJ9263xL_IbYQV7dUnomuRMNEIHWg71Nli9JXkmODtASpsjVQyerfDuNWWXz7o5VBU7uLjyK_Hs-LQmffSLwb53HnpH_obtag0hmpgsI8DCcJw0EAOfL8HR_8t67phmvngVP44TsJJivDcALc2wWJKs-fwGQcSbebfNu0BBK0p9dIJNxYXYLHWwdqqUl1KPuKv23cLerNsIysc-uCMJKBn_UBhRMKoiPVLy1GTrk9UJ1p0MU6Os8sIxdiBImmh0A-f9FrGJmrgKGynsQdZaOQV0gddeh9bhkwb-zQkCQTfWS-ntQQRa_U09cdM0jQAS4DLRkMo7EeC5FDkq95n3WvOei47ZwyFcVPgAu8xS77Nm_NfmyGlHjOEHvTdr0fcOURoNVtIo8DnMrTKaeayEoOCgwHdClWnxjlM3yNH0vtvt-UqJmXwbF-HAhGW5aPfI93y8CnWvnPbzlNkgdCv7_Wny6xOdbgKmW5H9LsZfypkgvcYKWCyK6w4CP7Fd1-G-W_cfdG8T7KIjhMBOfF_kDHq8HpnpFjMpdlhEImMOZpv0HfXUiGrZLQhGhRKPSoPzW_6AuGYt3fWz-X9Wt9iWsp3mg=w600-h500-no\" width=\"600\" height=\"500\" class \/><p class=\"wp-caption-text\">JOS\u00c9 LEITE presenteando um CD ao seu amigo JOS\u00c9 REZENDE. Esse CD tem uma linda Can\u00e7\u00e3o com o t\u00edtulo de \u201cPONTAL\u201d de autoria do amigo NORMAND MOURA, nascido no PONTAL a mais de 80 anos atr\u00e1s, e hoje reside em SALVADOR. NORMAND presenteou um CD a JOS\u00c9 LEITE que mandou gravar algumas c\u00f3pias. (Foto: 17-10-2016).<\/p><\/div>\n<div style=\"width: 610px\" class=\"wp-caption aligncenter\"><img loading=\"lazy\" src=\"https:\/\/lh3.googleusercontent.com\/CTtcIezgsanLcYqgtEVOd0wIUE1oUISlQneS0s-kcw6xFR2gNwWybb1vgszitT7iJKMEKk3TYhrmDHYBIoeSM579rvaCFYarJq8Sfwfqt_OPOym5WVOzaB7QTChbOLQJLcW548joQl6LqV-YbHGn24n-zcrnZgttvIVrKsuwFYC_rxZgZhnClMnL9ik_Cu8klyefWw3ly41gAsrGZUQnmEkiY6x96rt9e9TgY35MKLVeR1QgIhoLU8lt6njwNMN5RufzaQ7KFMBrk1cAveS75bo5pQFzdLwIzRKjj2YWXJtGl85lybFJqiVnAvE_XCGZzDtdGgIvk6_X-AFa1Bxr5MUQhk95wnkWeck9Z_c8X2e7bdOttZhuTLaQLuDh-X2P6ltadBH7klJ108U4B363ytFFbDe4QQcHyPUOyuRrDh5P3MVF7fYjOoaGe7d3GUwLcZ00ce6Bs5MjMQ2vOquHJ5Fk8b9M21Oe7p6R7NWNPrW-Va3c3k9s5AzgvIW320KBn4jQLc8zI89d3-Cqkh800se5toix4KKLAxAkPc97KTVpPJq0YIUuNwdf1MUKvsdGY4AazFzos47MD2hBeyOuSFugxRk3gwn0uBFp0rDTOrvBaZtw3Q=w600-h500-no\" width=\"600\" height=\"500\" class \/><p class=\"wp-caption-text\">Depois do PASSEIO CICL\u00cdSTICO promovido pelo ROTARY CLUB, JOS\u00c9 LEITE e RANDOLFO descansando, que ningu\u00e9m \u00e9 de ferro. (Foto: 23-10-2016).<\/p><\/div>\n<div style=\"width: 610px\" class=\"wp-caption aligncenter\"><img loading=\"lazy\" src=\"https:\/\/lh3.googleusercontent.com\/OEZNr1UlC9owACjtLcrOPbP8-qN827QHDTscdCF75Rp-keFtMZdS6mTHG8Nl-VmMDQYwHLhE39j2eWu7KSsWz5ugcZSEFHd26l3xR_an1_MYh6CjJk5Gv58prrkTi38JQ7VXklhHvSe3N0-uss_-qFC8Z4227xApSmLXP8D6i8YhusAPUrUIFE4303JuTcsih3rLYKcAr7DS2AJ_-WBcO_MboSlRO2vwOdTB6cpJejNd_gd-rxOUL28KTCUGE75TKlsAelKwhYmjGLIYvu9H0NQaF3YUTheBj9de7l3lO71fDKRsYTQ0J3Khu_c3lBjpZEL03zynPm5J9o_qKbVoTU9ILbNQaLbH7dqfgQN_B4_R4BK29ABV-Y_fdW5axNWW21Pbs7YDZMnf0G8ERIiyk5rhfMvdjbmogki37WyGhDUvvOb2RJTnD_14iMjtQQdzQYYjshwPVS22z2sk7Ib77lvih_zov2BUkckdwIucMtItQc7MkcSkKoOgrEGCSBoyG0vf0qXFAZLUGUT5MwmFKaSjHPFn28zo4ErJFHglH-lAPPhjARZfnYVupWeX5JQy045rZwSV7zgTnj-8ti7v2YE0yN8v9HFUCuPQbP4KTRoMByKu-w=w600-h500-no\" width=\"600\" height=\"500\" class \/><p class=\"wp-caption-text\">JOS\u00c9 LEITE sempre em boas companhias, na foto ladeado pelos amigos MAJOR (PM) MARCELO BARRETO e Dr. (Adv.) RUBINHO PATURY.<\/p><\/div>\n<div style=\"width: 610px\" class=\"wp-caption aligncenter\"><img loading=\"lazy\" src=\"https:\/\/lh3.googleusercontent.com\/QGTuP53LYIQ6CxVRroR4clhtOzI253QmHlYrjlBmZpDUitHQIdRWAfDca6_YEN80_yMyNGizMWheSu-Lvm8LGURZdMLav-nkowzRWUDtZILPMwSJ8cC4o2iSZPDMWuZ91KcZfWMk6ihVhS69Q16FGrGYoS0roJF4JMHe6hT2v8VrDXXHf8qRC3tzp-BhSCU4h8A443b-UDhoLEjjO_b5JRXBh-A7CqtE56eErryxKY0G43P06rGNiGUT0rCEPkGQmwHXxDMza_SCgiKvGGg9rrhAMxYxvKbjPNviIsJqjvTxd7wSWj_vWNUZ86d3RU2hjKU8F1A_cLf28_3XkWewSOq8iNxKwLM77MMTrdbKzhwxXXSEoaU1Z3zDZAfmSmPRIzOXkrrGLCez8jCleYhBruA4TlZ1IKCrXFqpzCuc2gekw3BqmJqdgQPLXV1lL_gogH75YxqD-x4HLhlB8FLE5sBHOekVs2vJv04HkViWpM0RMXy580PyQg4W_fPR0onn6-5F_9OkqdE4SCdRbxo93M-KEu9HpkTHffUVN5Cwdp42hdJLwSBIBH4WfgL32xN-DFVKd9yLJ45w4SeJ0yJzKolvP9PddjlbWnFRpwty-dYJCypc2w=w600-h500-no\" width=\"600\" height=\"500\" class \/><p class=\"wp-caption-text\">An\u00fancio do Jornal A \u00c9POCA edi\u00e7\u00e3o de 6 de Janeiro de 1945 que circulava na vizinha cidade de ITABUNA. E falam que hoje matam mais ANIMAIS SILVESTRES que naquela \u00e9poca.<\/p><\/div>\n<p><b><center> E NO MAIS&#8230; <\/center><\/b><\/p>\n<div style=\"width: 610px\" class=\"wp-caption aligncenter\"><img loading=\"lazy\" src=\"https:\/\/lh3.googleusercontent.com\/OoZRmc44kWZWkAlYcziwWX_zajp1XZDwpej2L5z38TXweGVXy7ctQzjqYB4FCVeDL4wRcmstnP32-RLcgLh6Og-p-HX7ZQ-uNvQgyPiZMh9-apcquPqmQaCqODMH_QRnDt_CylqNoYOYmNawbRpT52YEHwFEUbc8_i2ZUPkR6GjdeBci4qHMLA0VGm8HevLIy7A7DBvAvaajGJVdmIGMdvwDQxYj_crtHUAJ9WOot_wp-3pTRimzZ4-fd8GroWcOMsoRKIuWpJcOAA6lnc-XoY7_Fily9mrQHrFMhEfZjweh1V9Bz_FP4JgMCprkg5TEwHCE5WI0_MX1k4xaCGnt7hNQMNqif4XxUzWHYYdzXH02dUSZHKcOIn3YvIheL-aPBydqrj-K7SBc-6-LJkvET6mfQDPKC-0wVOQ4wm0clBLI6IfwUoJnKoE9KcvF5mjYNDEGUd1zRYnB4GYUbRHdXImD9FFFC2N25Dc0c1CfLml20BFdkN7StvpnrCRVudKAcd1C7o6MkY3Ao2XO_RSuyBs4uR3kb1WqyijoDEJbwkNIcrG_QxLC_UczCISRe-1FSHb-d4-5iywonoL3dZYy5-h0qEr-TdhpznukjMFCzyZvf-B8Kw=w600-h500-no\" width=\"600\" height=\"500\" class \/><p class=\"wp-caption-text\">Nesse DIA DE FINADOS, JOS\u00c9 LEITE estar\u00e1 em JUAZEIRO DO NORTE a TERRA DO PADRE C\u00cdCERO revendo os FAMILIARES e AMIGOS mais uma vez.<\/p><\/div>\n<p>&#8212;<br \/>\n<span style=\"color: blue;\"><b>Para ver o BA\u00da da semana passada clique<\/b><a href=\"http:\/\/www.r2cpress.com.br\/v1\/2016\/10\/21\/do-fundo-do-bau-de-jose-leite-259\/\" target=\"_news\"><b> AQUI.<\/b><\/a><\/span><\/p>\n<p>&#8212;<br \/>\nTexto e fotos: Jos\u00e9 Leite de Souza.<br \/>\njleitesouza@hotmail.com<br \/>\n(73) 3634-3134<\/p>\n","protected":false},"excerpt":{"rendered":"<p>1) SEJA UM ARTISTA GLOBAL (PARTE 4). 2) JOS\u00c9 LEITE GOSTA DE VISITAR CEMIT\u00c9RIOS, E VOC\u00ca? 3) LEMBRANDO DOS FAMILIARES QUE J\u00c1 SE FORAM. 4) AS FOTOS DESTAQUES DA SEMANA.<\/p>\n","protected":false},"author":2,"featured_media":0,"comment_status":"open","ping_status":"open","sticky":false,"template":"","format":"standard","meta":{"_links_to":"","_links_to_target":""},"categories":[10],"tags":[],"_links":{"self":[{"href":"https:\/\/www.r2cpress.com.br\/v1\/wp-json\/wp\/v2\/posts\/104120"}],"collection":[{"href":"https:\/\/www.r2cpress.com.br\/v1\/wp-json\/wp\/v2\/posts"}],"about":[{"href":"https:\/\/www.r2cpress.com.br\/v1\/wp-json\/wp\/v2\/types\/post"}],"author":[{"embeddable":true,"href":"https:\/\/www.r2cpress.com.br\/v1\/wp-json\/wp\/v2\/users\/2"}],"replies":[{"embeddable":true,"href":"https:\/\/www.r2cpress.com.br\/v1\/wp-json\/wp\/v2\/comments?post=104120"}],"version-history":[{"count":1,"href":"https:\/\/www.r2cpress.com.br\/v1\/wp-json\/wp\/v2\/posts\/104120\/revisions"}],"predecessor-version":[{"id":104121,"href":"https:\/\/www.r2cpress.com.br\/v1\/wp-json\/wp\/v2\/posts\/104120\/revisions\/104121"}],"wp:attachment":[{"href":"https:\/\/www.r2cpress.com.br\/v1\/wp-json\/wp\/v2\/media?parent=104120"}],"wp:term":[{"taxonomy":"category","embeddable":true,"href":"https:\/\/www.r2cpress.com.br\/v1\/wp-json\/wp\/v2\/categories?post=104120"},{"taxonomy":"post_tag","embeddable":true,"href":"https:\/\/www.r2cpress.com.br\/v1\/wp-json\/wp\/v2\/tags?post=104120"}],"curies":[{"name":"wp","href":"https:\/\/api.w.org\/{rel}","templated":true}]}}