{"id":104206,"date":"2016-11-01T17:13:22","date_gmt":"2016-11-01T20:13:22","guid":{"rendered":"http:\/\/www.r2cpress.com.br\/v1\/?p=104206"},"modified":"2016-11-01T17:13:22","modified_gmt":"2016-11-01T20:13:22","slug":"opus-dei-103","status":"publish","type":"post","link":"https:\/\/www.r2cpress.com.br\/v1\/2016\/11\/01\/opus-dei-103\/","title":{"rendered":"OPUS DEI"},"content":{"rendered":"<table border=\"0\" width=\"100%\" cellspacing=\"0\" cellpadding=\"0\" align=\"center\" bgcolor=\"#ffffff\">\n<tbody>\n<tr>\n<td valign=\"top\" width=\"100%\">\n<table border=\"0\" width=\"92%\" cellspacing=\"0\" cellpadding=\"0\" align=\"center\">\n<tbody>\n<tr>\n<td valign=\"middle\" bgcolor=\"#efede7\" width=\"100%\" height=\"70\">\n<table border=\"0\" width=\"92%\" cellspacing=\"0\" cellpadding=\"0\" align=\"center\" bgcolor=\"#efede7\">\n<tbody>\n<tr>\n<td align=\"left\" valign=\"middle\" bgcolor=\"#efede7\" width=\"60%\"><a href=\"http:\/\/opusdei.us7.list-manage1.com\/track\/click?u=1af5d7b530cb590152589eba5&amp;id=58a4c57eaf&amp;e=f88f8593e5\" target=\"_blank\" rel=\"noreferrer\"><img src=\"http:\/\/odnmedia.s3.amazonaws.com\/static\/images\/newsletter\/logo.gif\" alt=\"Opus Dei\" border=\"0\" \/><\/a><\/td>\n<td bgcolor=\"#efede7\" width=\"4%\"><\/td>\n<td align=\"right\" valign=\"middle\" bgcolor=\"#efede7\" width=\"36%\"><a href=\"http:\/\/opusdei.us7.list-manage1.com\/track\/click?u=1af5d7b530cb590152589eba5&amp;id=b28c1865d4&amp;e=f88f8593e5\" target=\"_blank\" rel=\"noreferrer\"><img src=\"http:\/\/odnmedia.s3.amazonaws.com\/static\/images\/newsletter\/facebook.gif\" alt=\"facebook\" border=\"0\" \/><\/a> <a href=\"http:\/\/opusdei.us7.list-manage.com\/track\/click?u=1af5d7b530cb590152589eba5&amp;id=48e0c40679&amp;e=f88f8593e5\" target=\"_blank\" rel=\"noreferrer\"><img src=\"http:\/\/odnmedia.s3.amazonaws.com\/static\/images\/newsletter\/twitter.gif\" alt=\"twitter\" border=\"0\" \/><\/a> <a href=\"http:\/\/opusdei.us7.list-manage.com\/track\/click?u=1af5d7b530cb590152589eba5&amp;id=aa54688360&amp;e=f88f8593e5\" target=\"_blank\" rel=\"noreferrer\"><img src=\"http:\/\/odnmedia.s3.amazonaws.com\/static\/images\/newsletter\/youtube.gif\" alt=\"youtube\" border=\"0\" \/><\/a> <a href=\"http:\/\/opusdei.us7.list-manage.com\/track\/click?u=1af5d7b530cb590152589eba5&amp;id=b440bc9445&amp;e=f88f8593e5\" target=\"_blank\" rel=\"noreferrer\"><img src=\"http:\/\/odnmedia.s3.amazonaws.com\/static\/images\/newsletter\/flickr.gif\" alt=\"flickr\" border=\"0\" \/><\/a><\/td>\n<\/tr>\n<\/tbody>\n<\/table>\n<\/td>\n<\/tr>\n<tr>\n<td valign=\"top\" width=\"100%\">\n<table border=\"0\" width=\"92%\" cellspacing=\"0\" cellpadding=\"0\" align=\"center\">\n<tbody>\n<tr>\n<td valign=\"top\" width=\"100%\"><i>1 de Novembro de 2016<\/i><\/td>\n<\/tr>\n<tr>\n<td height=\"29\"><\/td>\n<\/tr>\n<tr>\n<td valign=\"top\" width=\"100%\">\n<table border=\"0\" width=\"100%\" cellspacing=\"0\" cellpadding=\"0\">\n<tbody>\n<tr>\n<td align=\"right\" valign=\"top\" width=\"30%\"><a href=\"http:\/\/opusdei.us7.list-manage.com\/track\/click?u=1af5d7b530cb590152589eba5&amp;id=2320db0f72&amp;e=f88f8593e5\" target=\"_blank\" rel=\"noreferrer\"><img loading=\"lazy\" class=\"aligncenter\" src=\"http:\/\/odnmedia.s3.amazonaws.com\/image\/modelo-600x370-(35)_20161031212052863305.png\" alt=\"\" width=\"145\" height=\"89\" border=\"0\" \/><\/a><\/td>\n<td width=\"4%\"><\/td>\n<td valign=\"top\" width=\"66%\">\n<table border=\"0\" width=\"100%\" cellspacing=\"0\" cellpadding=\"0\">\n<tbody>\n<tr>\n<td valign=\"top\"><a href=\"http:\/\/opusdei.us7.list-manage1.com\/track\/click?u=1af5d7b530cb590152589eba5&amp;id=bf27858cd4&amp;e=f88f8593e5\" target=\"_blank\" rel=\"noreferrer\"><b>ANO LIT\u00daRGICO<\/b><\/a><\/td>\n<\/tr>\n<tr>\n<td valign=\"top\"><a href=\"http:\/\/opusdei.us7.list-manage.com\/track\/click?u=1af5d7b530cb590152589eba5&amp;id=376d00fa26&amp;e=f88f8593e5\" target=\"_blank\" rel=\"noreferrer\"><b>\u200bOra\u00e7\u00f5es pelos defuntos<\/b><\/a><\/td>\n<\/tr>\n<tr>\n<td style=\"text-align: justify;\" valign=\"top\">No m\u00eas de Novembro a Igreja recorda de forma especial os fi\u00e9is defuntos. Oferecemos o texto do &#8220;Responso&#8221;, uma ora\u00e7\u00e3o tradicional pelos falecidos.<\/td>\n<\/tr>\n<\/tbody>\n<\/table>\n<\/td>\n<\/tr>\n<\/tbody>\n<\/table>\n<\/td>\n<\/tr>\n<tr>\n<td height=\"18\"><\/td>\n<\/tr>\n<tr>\n<td valign=\"top\" width=\"100%\">\n<table border=\"0\" width=\"100%\" cellspacing=\"0\" cellpadding=\"0\">\n<tbody>\n<tr>\n<td align=\"right\" valign=\"top\" width=\"30%\"><a href=\"http:\/\/opusdei.us7.list-manage.com\/track\/click?u=1af5d7b530cb590152589eba5&amp;id=0bbb4a08e2&amp;e=f88f8593e5\" target=\"_blank\" rel=\"noreferrer\"><img loading=\"lazy\" class=\"aligncenter\" src=\"http:\/\/odnmedia.s3.amazonaws.com\/image\/modelo-600x370-(33)_20161031172352769952.png\" alt=\"\" width=\"169\" height=\"104\" border=\"0\" \/><\/a><\/td>\n<td width=\"4%\"><\/td>\n<td valign=\"top\" width=\"66%\">\n<table border=\"0\" width=\"100%\" cellspacing=\"0\" cellpadding=\"0\">\n<tbody>\n<tr>\n<td valign=\"top\"><a href=\"http:\/\/opusdei.us7.list-manage.com\/track\/click?u=1af5d7b530cb590152589eba5&amp;id=278270e18c&amp;e=f88f8593e5\" target=\"_blank\" rel=\"noreferrer\"><b>FAVORES<\/b><\/a><\/td>\n<\/tr>\n<tr>\n<td valign=\"top\"><a href=\"http:\/\/opusdei.us7.list-manage.com\/track\/click?u=1af5d7b530cb590152589eba5&amp;id=ef99ea8a01&amp;e=f88f8593e5\" target=\"_blank\" rel=\"noreferrer\"><b>Para n\u00e3o fraquejar na f\u00e9<\/b><\/a><\/td>\n<\/tr>\n<tr>\n<td style=\"text-align: justify;\" valign=\"top\">Recorri \u00e0 intercess\u00e3o do Dr. Eduardo para que meus parentes n\u00e3o fossem afetados por uma epidemia que acontecia no meu pa\u00eds, pois al\u00e9m de estar preocupada com a sa\u00fade, sabia que a f\u00e9 deles poderia ser abalada tamb\u00e9m.<\/td>\n<\/tr>\n<\/tbody>\n<\/table>\n<\/td>\n<\/tr>\n<\/tbody>\n<\/table>\n<\/td>\n<\/tr>\n<tr>\n<td height=\"18\"><\/td>\n<\/tr>\n<tr>\n<td valign=\"top\" width=\"100%\">\n<table border=\"0\" width=\"100%\" cellspacing=\"0\" cellpadding=\"0\">\n<tbody>\n<tr>\n<td align=\"right\" valign=\"top\" width=\"30%\"><a href=\"http:\/\/opusdei.us7.list-manage.com\/track\/click?u=1af5d7b530cb590152589eba5&amp;id=f9fb5570d8&amp;e=f88f8593e5\" target=\"_blank\" rel=\"noreferrer\"><img loading=\"lazy\" class=\"aligncenter\" src=\"http:\/\/odnmedia.s3.amazonaws.com\/image\/cappella_sistina_opusdei_20151029101717831002_20161031184413336547.jpg\" alt=\"\" width=\"219\" height=\"123\" border=\"0\" \/><\/a><\/td>\n<td width=\"4%\"><\/td>\n<td valign=\"top\" width=\"66%\">\n<table border=\"0\" width=\"100%\" cellspacing=\"0\" cellpadding=\"0\">\n<tbody>\n<tr>\n<td valign=\"top\"><a href=\"http:\/\/opusdei.us7.list-manage.com\/track\/click?u=1af5d7b530cb590152589eba5&amp;id=7cefa2eb1f&amp;e=f88f8593e5\" target=\"_blank\" rel=\"noreferrer\"><b>ANO LIT\u00daRGICO<\/b><\/a><\/td>\n<\/tr>\n<tr>\n<td valign=\"top\"><a href=\"http:\/\/opusdei.us7.list-manage.com\/track\/click?u=1af5d7b530cb590152589eba5&amp;id=e443854807&amp;e=f88f8593e5\" target=\"_blank\" rel=\"noreferrer\"><b>O c\u00e9u, a morte, o purgat\u00f3rio&#8230; O que s\u00e3o os Nov\u00edssimos?<\/b><\/a><\/td>\n<\/tr>\n<tr>\n<td style=\"text-align: justify;\" valign=\"top\">Nos Livros Santos chamam-se Nov\u00edssimos \u00e0s coisas que suceder\u00e3o ao homem no fim da vida: a morte, o ju\u00edzo, o destino eterno: o c\u00e9u ou o inferno. A Igreja apresenta-os de modo especial durante o m\u00eas de novembro. Atrav\u00e9s da liturgia, convidam-se os&#8230;<\/td>\n<\/tr>\n<\/tbody>\n<\/table>\n<\/td>\n<\/tr>\n<\/tbody>\n<\/table>\n<\/td>\n<\/tr>\n<tr>\n<td height=\"18\"><\/td>\n<\/tr>\n<tr>\n<td valign=\"top\" width=\"100%\">\n<table border=\"0\" width=\"100%\" cellspacing=\"0\" cellpadding=\"0\">\n<tbody>\n<tr>\n<td align=\"right\" valign=\"top\" width=\"30%\"><a href=\"http:\/\/opusdei.us7.list-manage.com\/track\/click?u=1af5d7b530cb590152589eba5&amp;id=0d34395e83&amp;e=f88f8593e5\" target=\"_blank\" rel=\"noreferrer\"><img loading=\"lazy\" class=\"aligncenter\" src=\"http:\/\/odnmedia.s3.amazonaws.com\/image\/modelo-600x370-(29)_20161025172921731868.png\" alt=\"\" width=\"176\" height=\"108\" border=\"0\" \/><\/a><\/td>\n<td width=\"4%\"><\/td>\n<td valign=\"top\" width=\"66%\">\n<table border=\"0\" width=\"100%\" cellspacing=\"0\" cellpadding=\"0\">\n<tbody>\n<tr>\n<td valign=\"top\"><a href=\"http:\/\/opusdei.us7.list-manage.com\/track\/click?u=1af5d7b530cb590152589eba5&amp;id=c44e48e4ea&amp;e=f88f8593e5\" target=\"_blank\" rel=\"noreferrer\"><b>TEXTOS<\/b><\/a><\/td>\n<\/tr>\n<tr>\n<td valign=\"top\"><a href=\"http:\/\/opusdei.us7.list-manage.com\/track\/click?u=1af5d7b530cb590152589eba5&amp;id=c20ee096be&amp;e=f88f8593e5\" target=\"_blank\" rel=\"noreferrer\"><b>Sentido de responsabilidade<\/b><\/a><\/td>\n<\/tr>\n<tr>\n<td style=\"text-align: justify;\" valign=\"top\">Recolhemos alguns textos de Dom \u00c1lvaro, nos quais o Bem-aventurado comenta sobre como devemos nos comportar como filhos de Deus em todos os lugares que estivermos, e com todas as pessoas que convivemos.<\/td>\n<\/tr>\n<\/tbody>\n<\/table>\n<\/td>\n<\/tr>\n<\/tbody>\n<\/table>\n<\/td>\n<\/tr>\n<tr>\n<td height=\"18\"><\/td>\n<\/tr>\n<tr>\n<td valign=\"top\" width=\"100%\">\n<table border=\"0\" width=\"100%\" cellspacing=\"0\" cellpadding=\"0\">\n<tbody>\n<tr>\n<td align=\"right\" valign=\"top\" width=\"30%\"><a href=\"http:\/\/opusdei.us7.list-manage.com\/track\/click?u=1af5d7b530cb590152589eba5&amp;id=1a3f28c33d&amp;e=f88f8593e5\" target=\"_blank\" rel=\"noreferrer\"><img loading=\"lazy\" class=\"aligncenter\" src=\"https:\/\/img.youtube.com\/vi\/lM71G8pt3XU\/maxresdefault.jpg\" alt=\"\" width=\"192\" height=\"108\" border=\"0\" \/><\/a><\/td>\n<td width=\"4%\"><\/td>\n<td valign=\"top\" width=\"66%\">\n<table border=\"0\" width=\"100%\" cellspacing=\"0\" cellpadding=\"0\">\n<tbody>\n<tr>\n<td valign=\"top\"><a href=\"http:\/\/opusdei.us7.list-manage1.com\/track\/click?u=1af5d7b530cb590152589eba5&amp;id=afc3e79f35&amp;e=f88f8593e5\" target=\"_blank\" rel=\"noreferrer\"><b>V\u00cdDEOS<\/b><\/a><\/td>\n<\/tr>\n<tr>\n<td valign=\"top\"><a href=\"http:\/\/opusdei.us7.list-manage.com\/track\/click?u=1af5d7b530cb590152589eba5&amp;id=12c9ced440&amp;e=f88f8593e5\" target=\"_blank\" rel=\"noreferrer\"><b>Construir &#8220;Lares Luminosos e Alegres&#8221;<\/b><\/a><\/td>\n<\/tr>\n<tr>\n<td style=\"text-align: justify;\" valign=\"top\">O fil\u00f3sofo Tom\u00e1s Melendo &#8211; autor do livro &#8220;Lares Luminosos e Alegres&#8221; &#8211; comenta neste v\u00eddeo a sua vis\u00e3o da fam\u00edlia, inspirada nos ensinamentos de S\u00e3o Josemaria Escriv\u00e1 e fundamentada no magist\u00e9rio de S\u00e3o Jo\u00e3o Paulo II.<\/td>\n<\/tr>\n<\/tbody>\n<\/table>\n<\/td>\n<\/tr>\n<\/tbody>\n<\/table>\n<\/td>\n<\/tr>\n<\/tbody>\n<\/table>\n<\/td>\n<\/tr>\n<\/tbody>\n<\/table>\n<\/td>\n<\/tr>\n<\/tbody>\n<\/table>\n","protected":false},"excerpt":{"rendered":"<p>1 de Novembro de 2016 ANO LIT\u00daRGICO \u200bOra\u00e7\u00f5es pelos defuntos No m\u00eas de Novembro a Igreja recorda de forma especial os fi\u00e9is defuntos. Oferecemos o texto do &#8220;Responso&#8221;, uma ora\u00e7\u00e3o tradicional pelos falecidos. FAVORES Para n\u00e3o fraquejar na f\u00e9 Recorri \u00e0 intercess\u00e3o do Dr. Eduardo para que meus parentes n\u00e3o fossem afetados por uma epidemia [&hellip;]<\/p>\n","protected":false},"author":2,"featured_media":0,"comment_status":"open","ping_status":"open","sticky":false,"template":"","format":"standard","meta":{"_links_to":"","_links_to_target":""},"categories":[28],"tags":[],"_links":{"self":[{"href":"https:\/\/www.r2cpress.com.br\/v1\/wp-json\/wp\/v2\/posts\/104206"}],"collection":[{"href":"https:\/\/www.r2cpress.com.br\/v1\/wp-json\/wp\/v2\/posts"}],"about":[{"href":"https:\/\/www.r2cpress.com.br\/v1\/wp-json\/wp\/v2\/types\/post"}],"author":[{"embeddable":true,"href":"https:\/\/www.r2cpress.com.br\/v1\/wp-json\/wp\/v2\/users\/2"}],"replies":[{"embeddable":true,"href":"https:\/\/www.r2cpress.com.br\/v1\/wp-json\/wp\/v2\/comments?post=104206"}],"version-history":[{"count":2,"href":"https:\/\/www.r2cpress.com.br\/v1\/wp-json\/wp\/v2\/posts\/104206\/revisions"}],"predecessor-version":[{"id":104208,"href":"https:\/\/www.r2cpress.com.br\/v1\/wp-json\/wp\/v2\/posts\/104206\/revisions\/104208"}],"wp:attachment":[{"href":"https:\/\/www.r2cpress.com.br\/v1\/wp-json\/wp\/v2\/media?parent=104206"}],"wp:term":[{"taxonomy":"category","embeddable":true,"href":"https:\/\/www.r2cpress.com.br\/v1\/wp-json\/wp\/v2\/categories?post=104206"},{"taxonomy":"post_tag","embeddable":true,"href":"https:\/\/www.r2cpress.com.br\/v1\/wp-json\/wp\/v2\/tags?post=104206"}],"curies":[{"name":"wp","href":"https:\/\/api.w.org\/{rel}","templated":true}]}}