{"id":104211,"date":"2016-11-02T08:44:12","date_gmt":"2016-11-02T11:44:12","guid":{"rendered":"http:\/\/www.r2cpress.com.br\/v1\/?p=104211"},"modified":"2016-11-02T08:44:12","modified_gmt":"2016-11-02T11:44:12","slug":"no-gotas-de-paz-766","status":"publish","type":"post","link":"https:\/\/www.r2cpress.com.br\/v1\/2016\/11\/02\/no-gotas-de-paz-766\/","title":{"rendered":"No GOTAS DE PAZ"},"content":{"rendered":"<h1 class=\"entry-title post-title\" style=\"text-align: center;\"><strong><span style=\"color: #0000ff;\">Finados<\/span><\/strong><\/h1>\n<article><\/article>\n<p style=\"text-align: center;\"><span style=\"color: #000000;\">N\u00e3o fale dos mortos, sen\u00e3o para deles falar bem.<\/span><br \/>\n<span style=\"color: #000000;\">Disse um conhecido escritor:<\/span><br \/>\n<span style=\"color: #000000;\">\u201cO louvor aos mortos \u00e9 um modo de orar por eles\u201d.<\/span><br \/>\n<span style=\"color: #000000;\">\u00c9 isso. Aos mortos devemos ora\u00e7\u00f5es e palavras carinhosas;<\/span><br \/>\n<span style=\"color: #000000;\">e ainda mais que palavras, vibra\u00e7\u00f5es de respeito e amor,<\/span><br \/>\n<span style=\"color: #000000;\">uma terna saudade, uma l\u00e1grima, quem sabe.<\/span><br \/>\n<span style=\"color: #000000;\">Nunca, por\u00e9m, tristeza e inconforma\u00e7\u00e3o.<\/span><br \/>\n<span style=\"color: #000000;\">Nossos mortos n\u00e3o morreram: partiram antes de n\u00f3s,<\/span><br \/>\n<span style=\"color: #000000;\">e onde est\u00e3o nos esperam para o reencontro feliz.<\/span><br \/>\n<span style=\"color: #000000;\">Que n\u00e3o haja d\u00favida em seu cora\u00e7\u00e3o sobre a imortalidade.<\/span><br \/>\n<span style=\"color: #000000;\">A morte n\u00e3o existe; o que h\u00e1 s\u00e3o mudan\u00e7as de estado:<\/span><br \/>\n<span style=\"color: #000000;\">hoje estamos na mat\u00e9ria pesada do nosso corpo f\u00edsico;<\/span><br \/>\n<span style=\"color: #000000;\">amanh\u00e3 estaremos na mat\u00e9ria leve<\/span><br \/>\n<span style=\"color: #000000;\">e luminosa do nosso corpo espiritual.<\/span><\/p>\n<p><span style=\"color: #0000ff;\"><em><strong>https:\/\/www.gotasdepaz.com.br\/finados\/<\/strong><\/em><\/span><\/p>\n","protected":false},"excerpt":{"rendered":"<p>Finados N\u00e3o fale dos mortos, sen\u00e3o para deles falar bem. Disse um conhecido escritor: \u201cO louvor aos mortos \u00e9 um modo de orar por eles\u201d. \u00c9 isso. Aos mortos devemos ora\u00e7\u00f5es e palavras carinhosas; e ainda mais que palavras, vibra\u00e7\u00f5es de respeito e amor, uma terna saudade, uma l\u00e1grima, quem sabe. Nunca, por\u00e9m, tristeza e [&hellip;]<\/p>\n","protected":false},"author":2,"featured_media":0,"comment_status":"open","ping_status":"open","sticky":false,"template":"","format":"standard","meta":{"_links_to":"","_links_to_target":""},"categories":[17],"tags":[],"_links":{"self":[{"href":"https:\/\/www.r2cpress.com.br\/v1\/wp-json\/wp\/v2\/posts\/104211"}],"collection":[{"href":"https:\/\/www.r2cpress.com.br\/v1\/wp-json\/wp\/v2\/posts"}],"about":[{"href":"https:\/\/www.r2cpress.com.br\/v1\/wp-json\/wp\/v2\/types\/post"}],"author":[{"embeddable":true,"href":"https:\/\/www.r2cpress.com.br\/v1\/wp-json\/wp\/v2\/users\/2"}],"replies":[{"embeddable":true,"href":"https:\/\/www.r2cpress.com.br\/v1\/wp-json\/wp\/v2\/comments?post=104211"}],"version-history":[{"count":2,"href":"https:\/\/www.r2cpress.com.br\/v1\/wp-json\/wp\/v2\/posts\/104211\/revisions"}],"predecessor-version":[{"id":104213,"href":"https:\/\/www.r2cpress.com.br\/v1\/wp-json\/wp\/v2\/posts\/104211\/revisions\/104213"}],"wp:attachment":[{"href":"https:\/\/www.r2cpress.com.br\/v1\/wp-json\/wp\/v2\/media?parent=104211"}],"wp:term":[{"taxonomy":"category","embeddable":true,"href":"https:\/\/www.r2cpress.com.br\/v1\/wp-json\/wp\/v2\/categories?post=104211"},{"taxonomy":"post_tag","embeddable":true,"href":"https:\/\/www.r2cpress.com.br\/v1\/wp-json\/wp\/v2\/tags?post=104211"}],"curies":[{"name":"wp","href":"https:\/\/api.w.org\/{rel}","templated":true}]}}