{"id":104244,"date":"2016-11-03T11:04:09","date_gmt":"2016-11-03T14:04:09","guid":{"rendered":"http:\/\/www.r2cpress.com.br\/v1\/?p=104244"},"modified":"2016-11-03T11:04:09","modified_gmt":"2016-11-03T14:04:09","slug":"sim-o-lixao-continua-la","status":"publish","type":"post","link":"https:\/\/www.r2cpress.com.br\/v1\/2016\/11\/03\/sim-o-lixao-continua-la\/","title":{"rendered":"SIM, O LIX\u00c3O CONTINUA L\u00c1"},"content":{"rendered":"<p><img loading=\"lazy\" class=\"alignleft\" src=\"http:\/\/www.r2cpress.com.br\/v1\/wp-content\/uploads\/NILSON-PESSOA_MODIFICADA.jpg\" alt=\"\" width=\"300\" height=\"209\" \/>Faz tempo que n\u00e3o toco nesse assunto. Quem pensa que foi resolvido, se engana. Quem pensa que caiu no meu esquecimento, est\u00e1 equivocado. Cansei, \u00e9 verdade, mas n\u00e3o desisti.<\/p>\n<p>A vergonha do bairro Hernani S\u00e1 (e, por que n\u00e3o dizer, a vergonha de Ilh\u00e9us) continua l\u00e1, firme, forte e imbat\u00edvel, vizinho ao Col\u00e9gio CAIC. Se grande parte da popula\u00e7\u00e3o est\u00e1 anos-luz aqu\u00e9m do m\u00ednimo de civilidade, a\u00e7\u00f5es conscientizadoras &#8211; desde orienta\u00e7\u00e3o at\u00e9 puni\u00e7\u00e3o &#8211; poderiam e deveriam ter sido adotadas pelo Munic\u00edpio ao longo desses vinte anos, mas n\u00e3o o foram.<br \/>\nSucessivas gest\u00f5es n\u00e3o se importaram em acabar de vez com o problema do ac\u00famulo de lixo ao lado do col\u00e9gio e bem no meio de uma \u00e1rea residencial. Quando alguma coisa fizeram, n\u00e3o passou de medida paliativa sem efeito diante das in\u00fameras possibilidades de doen\u00e7as que o lugar carrega, inclusive as transmitidas pelo mosquito aedes aegypti. Ao inv\u00e9s de debelar e\u00a0 extinguir o lix\u00e3o do local, colocam caixas coletoras (\u00e0s vezes uma, \u00e0s vezes duas) sem considerar que, quanto mais caixas coletoras, mais lixo dentro e fora delas.<\/p>\n<p>Parece ir\u00f4nico, mas est\u00e1 sendo anunciado para o pr\u00f3ximo dia 12 de novembro um mutir\u00e3o de combate ao aedes aegypti. Desse jeito, fica evidente que sairemos derrotados de mais essa batalha na guerra contra o mosquito, a come\u00e7ar pela paradoxal permissividade \u00e0 exist\u00eancia desse lix\u00e3o encravado em zona habitada, criadouro potencial de larvas que se transformam em mosquitos e alastram mais e mais a epidemia.<\/p>\n<div id=\"attachment_104245\" style=\"width: 610px\" class=\"wp-caption aligncenter\"><a href=\"http:\/\/www.r2cpress.com.br\/v1\/wp-content\/uploads\/2016\/11\/NP-01.jpg\"><img aria-describedby=\"caption-attachment-104245\" loading=\"lazy\" class=\"size-full wp-image-104245\" src=\"http:\/\/www.r2cpress.com.br\/v1\/wp-content\/uploads\/2016\/11\/NP-01.jpg\" alt=\"NP 01 \" width=\"600\" height=\"450\" srcset=\"https:\/\/www.r2cpress.com.br\/v1\/wp-content\/uploads\/2016\/11\/NP-01.jpg 600w, https:\/\/www.r2cpress.com.br\/v1\/wp-content\/uploads\/2016\/11\/NP-01-300x225.jpg 300w\" sizes=\"(max-width: 600px) 100vw, 600px\" \/><\/a><p id=\"caption-attachment-104245\" class=\"wp-caption-text\">NP 01<\/p><\/div>\n<div id=\"attachment_104246\" style=\"width: 610px\" class=\"wp-caption aligncenter\"><a href=\"http:\/\/www.r2cpress.com.br\/v1\/wp-content\/uploads\/2016\/11\/NP-02.jpg\"><img aria-describedby=\"caption-attachment-104246\" loading=\"lazy\" class=\"size-full wp-image-104246\" src=\"http:\/\/www.r2cpress.com.br\/v1\/wp-content\/uploads\/2016\/11\/NP-02.jpg\" alt=\"NP 02\" width=\"600\" height=\"450\" srcset=\"https:\/\/www.r2cpress.com.br\/v1\/wp-content\/uploads\/2016\/11\/NP-02.jpg 600w, https:\/\/www.r2cpress.com.br\/v1\/wp-content\/uploads\/2016\/11\/NP-02-300x225.jpg 300w\" sizes=\"(max-width: 600px) 100vw, 600px\" \/><\/a><p id=\"caption-attachment-104246\" class=\"wp-caption-text\">NP 02<\/p><\/div>\n<div id=\"attachment_104247\" style=\"width: 610px\" class=\"wp-caption aligncenter\"><a href=\"http:\/\/www.r2cpress.com.br\/v1\/wp-content\/uploads\/2016\/11\/NP-03.jpg\"><img aria-describedby=\"caption-attachment-104247\" loading=\"lazy\" class=\"size-full wp-image-104247\" src=\"http:\/\/www.r2cpress.com.br\/v1\/wp-content\/uploads\/2016\/11\/NP-03.jpg\" alt=\"NP 03\" width=\"600\" height=\"450\" srcset=\"https:\/\/www.r2cpress.com.br\/v1\/wp-content\/uploads\/2016\/11\/NP-03.jpg 600w, https:\/\/www.r2cpress.com.br\/v1\/wp-content\/uploads\/2016\/11\/NP-03-300x225.jpg 300w\" sizes=\"(max-width: 600px) 100vw, 600px\" \/><\/a><p id=\"caption-attachment-104247\" class=\"wp-caption-text\">NP 03<\/p><\/div>\n<p>Pensando logo \u00e0 frente, na pr\u00f3xima gest\u00e3o municipal, imagino ser uma quest\u00e3o de honra para o prefeito eleito dar um basta nessa situa\u00e7\u00e3o absurda, por se tratar de algu\u00e9m cuja trajet\u00f3ria est\u00e1 ligada \u00e0 sa\u00fade. \u00c9 o m\u00ednimo que posso esperar.<\/p>\n<p><b><i>Nilson Pessoa<\/i><\/b><\/p>\n","protected":false},"excerpt":{"rendered":"<p>Faz tempo que n\u00e3o toco nesse assunto. Quem pensa que foi resolvido, se engana. Quem pensa que caiu no meu esquecimento, est\u00e1 equivocado. Cansei, \u00e9 verdade, mas n\u00e3o desisti. A vergonha do bairro Hernani S\u00e1 (e, por que n\u00e3o dizer, a vergonha de Ilh\u00e9us) continua l\u00e1, firme, forte e imbat\u00edvel, vizinho ao Col\u00e9gio CAIC. Se [&hellip;]<\/p>\n","protected":false},"author":2,"featured_media":0,"comment_status":"open","ping_status":"open","sticky":false,"template":"","format":"standard","meta":{"_links_to":"","_links_to_target":""},"categories":[10],"tags":[],"_links":{"self":[{"href":"https:\/\/www.r2cpress.com.br\/v1\/wp-json\/wp\/v2\/posts\/104244"}],"collection":[{"href":"https:\/\/www.r2cpress.com.br\/v1\/wp-json\/wp\/v2\/posts"}],"about":[{"href":"https:\/\/www.r2cpress.com.br\/v1\/wp-json\/wp\/v2\/types\/post"}],"author":[{"embeddable":true,"href":"https:\/\/www.r2cpress.com.br\/v1\/wp-json\/wp\/v2\/users\/2"}],"replies":[{"embeddable":true,"href":"https:\/\/www.r2cpress.com.br\/v1\/wp-json\/wp\/v2\/comments?post=104244"}],"version-history":[{"count":1,"href":"https:\/\/www.r2cpress.com.br\/v1\/wp-json\/wp\/v2\/posts\/104244\/revisions"}],"predecessor-version":[{"id":104248,"href":"https:\/\/www.r2cpress.com.br\/v1\/wp-json\/wp\/v2\/posts\/104244\/revisions\/104248"}],"wp:attachment":[{"href":"https:\/\/www.r2cpress.com.br\/v1\/wp-json\/wp\/v2\/media?parent=104244"}],"wp:term":[{"taxonomy":"category","embeddable":true,"href":"https:\/\/www.r2cpress.com.br\/v1\/wp-json\/wp\/v2\/categories?post=104244"},{"taxonomy":"post_tag","embeddable":true,"href":"https:\/\/www.r2cpress.com.br\/v1\/wp-json\/wp\/v2\/tags?post=104244"}],"curies":[{"name":"wp","href":"https:\/\/api.w.org\/{rel}","templated":true}]}}