{"id":104250,"date":"2016-11-03T17:13:26","date_gmt":"2016-11-03T20:13:26","guid":{"rendered":"http:\/\/www.r2cpress.com.br\/v1\/?p=104250"},"modified":"2016-11-03T17:13:26","modified_gmt":"2016-11-03T20:13:26","slug":"rui-assina-convenio-do-fundo-de-cultura-que-contempla-372-projetos-em-todo-o-estado","status":"publish","type":"post","link":"https:\/\/www.r2cpress.com.br\/v1\/2016\/11\/03\/rui-assina-convenio-do-fundo-de-cultura-que-contempla-372-projetos-em-todo-o-estado\/","title":{"rendered":"Rui assina conv\u00eanio do Fundo de Cultura que contempla 372 projetos em todo o estado"},"content":{"rendered":"<div>O governador Rui Costa, juntamente com o secret\u00e1rio de Cultura do Estado, Jorge Portugal, assinou, na manh\u00e3 desta quinta-feira (3), no Pal\u00e1cio Rio Branco, em Salvador, o Termo de Acordo e Compromisso (TAC) dos Editais Setoriais 2016, que contam com um investimento de mais de R$ 30 milh\u00f5es, proveniente do Fundo de Cultura da Bahia. Do total de 3.265 projetos culturais inscritos, 372 foram aprovados na etapa de an\u00e1lise de m\u00e9rito. O destaque do ano foi o volume de recursos direcionado ao Audiovisual, que chegou a R$ 14,5 milh\u00f5es, incluindo outras fontes de financiamento captadas pelo governo. <div id=\"attachment_104251\" style=\"width: 610px\" class=\"wp-caption aligncenter\"><a href=\"http:\/\/www.r2cpress.com.br\/v1\/wp-content\/uploads\/2016\/11\/By-Pedro-Moraes-GOVBA.jpg\"><img aria-describedby=\"caption-attachment-104251\" loading=\"lazy\" class=\"size-full wp-image-104251\" src=\"http:\/\/www.r2cpress.com.br\/v1\/wp-content\/uploads\/2016\/11\/By-Pedro-Moraes-GOVBA.jpg\" alt=\"By Pedro Moraes\/GOVBA \" width=\"600\" height=\"400\" srcset=\"https:\/\/www.r2cpress.com.br\/v1\/wp-content\/uploads\/2016\/11\/By-Pedro-Moraes-GOVBA.jpg 600w, https:\/\/www.r2cpress.com.br\/v1\/wp-content\/uploads\/2016\/11\/By-Pedro-Moraes-GOVBA-300x200.jpg 300w\" sizes=\"(max-width: 600px) 100vw, 600px\" \/><\/a><p id=\"caption-attachment-104251\" class=\"wp-caption-text\">By Pedro Moraes\/GOVBA<\/p><\/div> De acordo com o governador, o conv\u00eanio significa um ato importante para a vida e os valores da Bahia. &#8220;\u00c9 um ato de afirma\u00e7\u00e3o da cultura, de forma transparente e democr\u00e1tica, j\u00e1 que nenhum governo ou governante interfere na escolha dos projetos selecionados que receber\u00e3o financiamento p\u00fablico. Fico contente em saber que conseguimos contemplar projetos dos quatro cantos do estado&#8221;, destacou Rui.<\/p>\n<p>Foram selecionados projetos culturais dos 27 territ\u00f3rios de identidade da Bahia, distribu\u00eddos entre o M\u00e9dio Sudoeste, que teve a maior quantidade de propostas aprovadas no comparativo por territ\u00f3rio (27,8%), al\u00e9m de regi\u00f5es como o Setor Produtivo do Sert\u00e3o, Velho Chico, Semi\u00e1rido Nordeste II e Regi\u00e3o Metropolitana de Salvador.<\/p>\n<p><b>Editais<\/b><\/p>\n<p><!--more--><\/p>\n<p>Com 23 segmentos art\u00edstico-culturais contemplados, os Editais Setoriais j\u00e1 representam a maior ferramenta de fomento cultural da hist\u00f3ria da Bahia. A sele\u00e7\u00e3o foi iniciada em julho e recebeu 3.265 propostas, das quais 2.690 atendiam aos crit\u00e9rios estabelecidos e, destas, 372 foram selecionados por comiss\u00f5es espec\u00edficas que envolveram o trabalho de 173 pessoas. A lista com os projetos aprovados foi divulgada no dia 29 de setembro e est\u00e1 dispon\u00edvel no <b><\/b><a href=\"http:\/\/www.cultura.ba.gov.br\/modules\/conteudo\/conteudo.php?conteudo=128\" target=\"_blank\" rel=\"noreferrer\"><b>site da Secult<\/b><\/a>.<\/p>\n<p>&#8220;Quero cumprimentar os artistas e os produtores que, a partir de hoje, come\u00e7am a tocar seus projetos, e parabenizar as equipes da Secult e da Sefaz, que conseguiram manter o melhor fluxo de execu\u00e7\u00e3o desde que o Fundo foi criado. Isso mostra a nossa determina\u00e7\u00e3o e nosso trabalho di\u00e1rio para que possamos usar melhor os recursos p\u00fablicos. Consideramos estruturantes as pol\u00edticas e a\u00e7\u00f5es na \u00e1rea da cultura&#8221;, afirmou Rui Costa.<\/p>\n<p>Nesta edi\u00e7\u00e3o, os setores de Capoeira e Leitura receberam verbas espec\u00edficas, R$ 500 mil e R$ 200 mil, respectivamente. Capoeira teve 13 dos 106 inscritos aprovados e Leitura 11 das 55 propostas avaliadas. Outro destaque foi o edital de Cultura Popular \u2013 Vers\u00e3o Simplificada, considerado um marco nas pol\u00edticas p\u00fablicas por permitir que os proponentes possam descrever o seu projeto em \u00e1udio e v\u00eddeo. O segmento de M\u00fasica concentrou o maior n\u00famero de inscritos (401), sendo 15 selecionados com o investimento de R$ 1,5 milh\u00e3o.<\/p>\n<p><b>Fundo de Cultura<\/b><\/p>\n<p>Criado em 2005 para incentivar e estimular as produ\u00e7\u00f5es art\u00edstico-culturais baianas, o Fundo de Cultura do Estado da Bahia \u00e9 gerido pelas Secretarias da Cultura e da Fazenda. O mecanismo custeia, total ou parcialmente, projetos estritamente culturais de iniciativa de pessoas f\u00edsicas ou jur\u00eddicas de direito p\u00fablico ou privado. Est\u00e1 estruturado em quatro linhas de apoio, modelo de refer\u00eancia para outros estados da federa\u00e7\u00e3o \u2013 A\u00e7\u00f5es Continuadas de Institui\u00e7\u00f5es Culturais sem fins lucrativos; Eventos Culturais Calendarizados; Mobilidade Art\u00edstica e Cultural e Editais Setoriais.<\/p><\/div>\n","protected":false},"excerpt":{"rendered":"<p>O governador Rui Costa, juntamente com o secret\u00e1rio de Cultura do Estado, Jorge Portugal, assinou, na manh\u00e3 desta quinta-feira (3), no Pal\u00e1cio Rio Branco, em Salvador, o Termo de Acordo e Compromisso (TAC) dos Editais Setoriais 2016, que contam com um investimento de mais de R$ 30 milh\u00f5es, proveniente do Fundo de Cultura da Bahia. [&hellip;]<\/p>\n","protected":false},"author":2,"featured_media":0,"comment_status":"open","ping_status":"open","sticky":false,"template":"","format":"standard","meta":{"_links_to":"","_links_to_target":""},"categories":[5,29],"tags":[],"_links":{"self":[{"href":"https:\/\/www.r2cpress.com.br\/v1\/wp-json\/wp\/v2\/posts\/104250"}],"collection":[{"href":"https:\/\/www.r2cpress.com.br\/v1\/wp-json\/wp\/v2\/posts"}],"about":[{"href":"https:\/\/www.r2cpress.com.br\/v1\/wp-json\/wp\/v2\/types\/post"}],"author":[{"embeddable":true,"href":"https:\/\/www.r2cpress.com.br\/v1\/wp-json\/wp\/v2\/users\/2"}],"replies":[{"embeddable":true,"href":"https:\/\/www.r2cpress.com.br\/v1\/wp-json\/wp\/v2\/comments?post=104250"}],"version-history":[{"count":3,"href":"https:\/\/www.r2cpress.com.br\/v1\/wp-json\/wp\/v2\/posts\/104250\/revisions"}],"predecessor-version":[{"id":104254,"href":"https:\/\/www.r2cpress.com.br\/v1\/wp-json\/wp\/v2\/posts\/104250\/revisions\/104254"}],"wp:attachment":[{"href":"https:\/\/www.r2cpress.com.br\/v1\/wp-json\/wp\/v2\/media?parent=104250"}],"wp:term":[{"taxonomy":"category","embeddable":true,"href":"https:\/\/www.r2cpress.com.br\/v1\/wp-json\/wp\/v2\/categories?post=104250"},{"taxonomy":"post_tag","embeddable":true,"href":"https:\/\/www.r2cpress.com.br\/v1\/wp-json\/wp\/v2\/tags?post=104250"}],"curies":[{"name":"wp","href":"https:\/\/api.w.org\/{rel}","templated":true}]}}