{"id":104275,"date":"2016-11-04T20:00:21","date_gmt":"2016-11-04T23:00:21","guid":{"rendered":"http:\/\/www.r2cpress.com.br\/v1\/?p=104275"},"modified":"2016-11-04T11:13:38","modified_gmt":"2016-11-04T14:13:38","slug":"do-fundo-do-bau-de-jose-leite-261","status":"publish","type":"post","link":"https:\/\/www.r2cpress.com.br\/v1\/2016\/11\/04\/do-fundo-do-bau-de-jose-leite-261\/","title":{"rendered":"DO FUNDO DO BA\u00da DE JOS\u00c9 LEITE."},"content":{"rendered":"<p><center><img loading=\"lazy\" src=\"http:\/\/www.r2cpress.com.br\/v1\/wp-content\/uploads\/Novo-visual-do-Bau_400L21.jpg\" width=\"400\" height=\"320\" class=\"aligncenter\" \/><br \/>\n<strong>1)\tSEJA UM ARTISTA GLOBAL (PARTE 5).<br \/>\n2)\tUM ILHEENSE DE DESTAQUE NA PESCARIA.<br \/>\n3)\tAS FOTOS DESTAQUES DA SEMANA.<\/strong><\/p>\n<p><!--more--><\/p>\n<p><b><center>**************************************************************************<\/center><\/b><\/center><\/p>\n<p><b><center> 1) SEJA UM ARTISTA GLOBAL (PARTE 5). <\/center><\/b><\/p>\n<p>V\u00e1rios artistas e Cantores da Televis\u00e3o Brasileira e outras autoridades e personalidades j\u00e1 foram clicadas com a imagem do PADRE C\u00cdCERO. Agora chegou sua vez, procure JOS\u00c9 LEITE na \u00d3TICA SAFIRA para tamb\u00e9m ser fotografado com MEU PADIM. Primeiro sua foto sai no BA\u00da e depois, quem sabe, tamb\u00e9m na Televis\u00e3o.<\/p>\n<div id=\"attachment_104276\" style=\"width: 610px\" class=\"wp-caption aligncenter\"><a href=\"http:\/\/www.r2cpress.com.br\/v1\/wp-content\/uploads\/2016\/11\/11.jpg\"><img aria-describedby=\"caption-attachment-104276\" loading=\"lazy\" src=\"http:\/\/www.r2cpress.com.br\/v1\/wp-content\/uploads\/2016\/11\/11.jpg\" alt=\"A rep\u00f3rter do programa VIDEO SHOW (TV GLOBO) MARCELA MONTEIRO guarda com muito carinho a imagem do PADRE C\u00cdCERO que lhe foi presenteada e quer ser uma das primeiras rep\u00f3rteres a anunciar a CANONIZA\u00c7\u00c3O DO MEU PADIM.\" width=\"600\" height=\"500\" class=\"size-full wp-image-104276\" srcset=\"https:\/\/www.r2cpress.com.br\/v1\/wp-content\/uploads\/2016\/11\/11.jpg 600w, https:\/\/www.r2cpress.com.br\/v1\/wp-content\/uploads\/2016\/11\/11-300x250.jpg 300w\" sizes=\"(max-width: 600px) 100vw, 600px\" \/><\/a><p id=\"caption-attachment-104276\" class=\"wp-caption-text\">A rep\u00f3rter do programa VIDEO SHOW (TV GLOBO) MARCELA MONTEIRO guarda com muito carinho a imagem do PADRE C\u00cdCERO que lhe foi presenteada e quer ser uma das primeiras rep\u00f3rteres a anunciar a CANONIZA\u00c7\u00c3O DO MEU PADIM.<\/p><\/div>\n<div id=\"attachment_104277\" style=\"width: 610px\" class=\"wp-caption aligncenter\"><a href=\"http:\/\/www.r2cpress.com.br\/v1\/wp-content\/uploads\/2016\/11\/21.jpg\"><img aria-describedby=\"caption-attachment-104277\" loading=\"lazy\" src=\"http:\/\/www.r2cpress.com.br\/v1\/wp-content\/uploads\/2016\/11\/21.jpg\" alt=\"ROQUE FRAGA, esse n\u00e3o precisa falar nada, grande devoto do MEU PADIM, j\u00e1 viajou para JUAZEIRO DO NORTE v\u00e1rias vezes. S\u00f3 acompanhado com JOS\u00c9 LEITE foram 3 viagens.\" width=\"600\" height=\"500\" class=\"size-full wp-image-104277\" srcset=\"https:\/\/www.r2cpress.com.br\/v1\/wp-content\/uploads\/2016\/11\/21.jpg 600w, https:\/\/www.r2cpress.com.br\/v1\/wp-content\/uploads\/2016\/11\/21-300x250.jpg 300w\" sizes=\"(max-width: 600px) 100vw, 600px\" \/><\/a><p id=\"caption-attachment-104277\" class=\"wp-caption-text\">ROQUE FRAGA, esse n\u00e3o precisa falar nada, grande devoto do MEU PADIM, j\u00e1 viajou para JUAZEIRO DO NORTE v\u00e1rias vezes. S\u00f3 acompanhado com JOS\u00c9 LEITE foram 3 viagens.<\/p><\/div>\n<div id=\"attachment_104278\" style=\"width: 610px\" class=\"wp-caption aligncenter\"><a href=\"http:\/\/www.r2cpress.com.br\/v1\/wp-content\/uploads\/2016\/11\/31.jpg\"><img aria-describedby=\"caption-attachment-104278\" loading=\"lazy\" src=\"http:\/\/www.r2cpress.com.br\/v1\/wp-content\/uploads\/2016\/11\/31.jpg\" alt=\"O amigo e devoto JOS\u00c9 REZENDE j\u00e1 conhece JUAZEIRO DO NORTE e no \u00faltimo m\u00eas de Outubro, quem foi conhecer foi seu filho JEAN MENDON\u00c7A.\" width=\"600\" height=\"500\" class=\"size-full wp-image-104278\" srcset=\"https:\/\/www.r2cpress.com.br\/v1\/wp-content\/uploads\/2016\/11\/31.jpg 600w, https:\/\/www.r2cpress.com.br\/v1\/wp-content\/uploads\/2016\/11\/31-300x250.jpg 300w\" sizes=\"(max-width: 600px) 100vw, 600px\" \/><\/a><p id=\"caption-attachment-104278\" class=\"wp-caption-text\">O amigo e devoto JOS\u00c9 REZENDE j\u00e1 conhece JUAZEIRO DO NORTE e no \u00faltimo m\u00eas de Outubro, quem foi conhecer foi seu filho JEAN MENDON\u00c7A.<\/p><\/div>\n<div id=\"attachment_104279\" style=\"width: 610px\" class=\"wp-caption aligncenter\"><a href=\"http:\/\/www.r2cpress.com.br\/v1\/wp-content\/uploads\/2016\/11\/41.jpg\"><img aria-describedby=\"caption-attachment-104279\" loading=\"lazy\" src=\"http:\/\/www.r2cpress.com.br\/v1\/wp-content\/uploads\/2016\/11\/41.jpg\" alt=\"O amigo JOS\u00c9 CARLOS J\u00daNIOR fez uma promessa: Se o VASCO for campe\u00e3o, visita JUAZEIRO DO NORTE ainda esse ano para agradecer a MEU PADIM. \" width=\"600\" height=\"500\" class=\"size-full wp-image-104279\" srcset=\"https:\/\/www.r2cpress.com.br\/v1\/wp-content\/uploads\/2016\/11\/41.jpg 600w, https:\/\/www.r2cpress.com.br\/v1\/wp-content\/uploads\/2016\/11\/41-300x250.jpg 300w\" sizes=\"(max-width: 600px) 100vw, 600px\" \/><\/a><p id=\"caption-attachment-104279\" class=\"wp-caption-text\">O amigo JOS\u00c9 CARLOS J\u00daNIOR fez uma promessa: Se o VASCO for campe\u00e3o, visita JUAZEIRO DO NORTE ainda esse ano para agradecer a MEU PADIM.<\/p><\/div>\n<p><b><center> 2) UM ILHEENSE DE DESTAQUE NA PESCARIA. <\/center><\/b><\/p>\n<p>Um dos esportes que JOS\u00c9 LEITE gostaria de praticar \u00e9 o de PESCARIA, mas apenas duas coisas atrapalham, a primeira \u00e9 que o homem n\u00e3o sabe nadar e a segunda \u00e9 que n\u00e3o tem anzol. O jeito \u00e9 ficar admirando seus amigos pescadores como o \u00c2NGELO BRITTO PRISCO TEIXEIRA (30 anos) de fam\u00edlia tradicional de ILH\u00c9US, filho do amigo Dr. \u00c2NGELO MAIA e neto do meu amigo e saudoso Vener\u00e1vel da Loja Ma\u00e7\u00f4nica Regenera\u00e7\u00e3o Sulbaiana, DAVI MAIA.<\/p>\n<div id=\"attachment_104280\" style=\"width: 610px\" class=\"wp-caption aligncenter\"><a href=\"http:\/\/www.r2cpress.com.br\/v1\/wp-content\/uploads\/2016\/11\/5.jpg\"><img aria-describedby=\"caption-attachment-104280\" loading=\"lazy\" src=\"http:\/\/www.r2cpress.com.br\/v1\/wp-content\/uploads\/2016\/11\/5.jpg\" alt=\"\u00c2NGELO BRITTO Pescando sempre na Costa do Litoral Ilheense.\" width=\"600\" height=\"500\" class=\"size-full wp-image-104280\" srcset=\"https:\/\/www.r2cpress.com.br\/v1\/wp-content\/uploads\/2016\/11\/5.jpg 600w, https:\/\/www.r2cpress.com.br\/v1\/wp-content\/uploads\/2016\/11\/5-300x250.jpg 300w\" sizes=\"(max-width: 600px) 100vw, 600px\" \/><\/a><p id=\"caption-attachment-104280\" class=\"wp-caption-text\">\u00c2NGELO BRITTO Pescando sempre na Costa do Litoral Ilheense.<\/p><\/div>\n<div id=\"attachment_104281\" style=\"width: 610px\" class=\"wp-caption aligncenter\"><a href=\"http:\/\/www.r2cpress.com.br\/v1\/wp-content\/uploads\/2016\/11\/6.jpg\"><img aria-describedby=\"caption-attachment-104281\" loading=\"lazy\" src=\"http:\/\/www.r2cpress.com.br\/v1\/wp-content\/uploads\/2016\/11\/6.jpg\" alt=\"Como JOS\u00c9 LEITE gostaria de pescar um desse.\" width=\"600\" height=\"500\" class=\"size-full wp-image-104281\" srcset=\"https:\/\/www.r2cpress.com.br\/v1\/wp-content\/uploads\/2016\/11\/6.jpg 600w, https:\/\/www.r2cpress.com.br\/v1\/wp-content\/uploads\/2016\/11\/6-300x250.jpg 300w\" sizes=\"(max-width: 600px) 100vw, 600px\" \/><\/a><p id=\"caption-attachment-104281\" class=\"wp-caption-text\">Como JOS\u00c9 LEITE gostaria de pescar um desse.<\/p><\/div>\n<div id=\"attachment_104282\" style=\"width: 610px\" class=\"wp-caption aligncenter\"><a href=\"http:\/\/www.r2cpress.com.br\/v1\/wp-content\/uploads\/2016\/11\/7.jpg\"><img aria-describedby=\"caption-attachment-104282\" loading=\"lazy\" src=\"http:\/\/www.r2cpress.com.br\/v1\/wp-content\/uploads\/2016\/11\/7.jpg\" alt=\"PARAB\u00c9NS \u00c2NGELO! N\u00e3o se esque\u00e7a de convidar seu amigo para saborear uma deliciosa MOQUECA.\" width=\"600\" height=\"500\" class=\"size-full wp-image-104282\" srcset=\"https:\/\/www.r2cpress.com.br\/v1\/wp-content\/uploads\/2016\/11\/7.jpg 600w, https:\/\/www.r2cpress.com.br\/v1\/wp-content\/uploads\/2016\/11\/7-300x250.jpg 300w\" sizes=\"(max-width: 600px) 100vw, 600px\" \/><\/a><p id=\"caption-attachment-104282\" class=\"wp-caption-text\">PARAB\u00c9NS \u00c2NGELO! N\u00e3o se esque\u00e7a de convidar seu amigo para saborear uma deliciosa MOQUECA.<\/p><\/div>\n<p><b><center> 3) AS FOTOS DESTAQUES DA SEMANA. <\/center><\/b><\/p>\n<div id=\"attachment_104283\" style=\"width: 610px\" class=\"wp-caption aligncenter\"><a href=\"http:\/\/www.r2cpress.com.br\/v1\/wp-content\/uploads\/2016\/11\/8.jpg\"><img aria-describedby=\"caption-attachment-104283\" loading=\"lazy\" src=\"http:\/\/www.r2cpress.com.br\/v1\/wp-content\/uploads\/2016\/11\/8.jpg\" alt=\"Na foto acima, inicia\u00e7\u00e3o como MA\u00c7OM de cinco irm\u00e3os no dia 27 de Outubro de 1972 na LOJA MA\u00c7\u00d4NICA REGENERA\u00c7\u00c3O SULBAIANA. Da esquerda para direita: ANT\u00d4NIO GUIMAR\u00c3ES, ANT\u00d4NIO OCK\u00c9, JOS\u00c9 LEITE, HEITOR CONCEI\u00c7\u00c3O e NORALDO MENDON\u00c7A.\" width=\"600\" height=\"500\" class=\"size-full wp-image-104283\" srcset=\"https:\/\/www.r2cpress.com.br\/v1\/wp-content\/uploads\/2016\/11\/8.jpg 600w, https:\/\/www.r2cpress.com.br\/v1\/wp-content\/uploads\/2016\/11\/8-300x250.jpg 300w\" sizes=\"(max-width: 600px) 100vw, 600px\" \/><\/a><p id=\"caption-attachment-104283\" class=\"wp-caption-text\">Na foto acima, inicia\u00e7\u00e3o como MA\u00c7OM de cinco irm\u00e3os no dia 27 de Outubro de 1972 na LOJA MA\u00c7\u00d4NICA REGENERA\u00c7\u00c3O SULBAIANA. Da esquerda para direita: ANT\u00d4NIO GUIMAR\u00c3ES, ANT\u00d4NIO OCK\u00c9, JOS\u00c9 LEITE, HEITOR CONCEI\u00c7\u00c3O e NORALDO MENDON\u00c7A.<\/p><\/div>\n<div id=\"attachment_104284\" style=\"width: 610px\" class=\"wp-caption aligncenter\"><a href=\"http:\/\/www.r2cpress.com.br\/v1\/wp-content\/uploads\/2016\/11\/9.jpg\"><img aria-describedby=\"caption-attachment-104284\" loading=\"lazy\" src=\"http:\/\/www.r2cpress.com.br\/v1\/wp-content\/uploads\/2016\/11\/9.jpg\" alt=\"Na \u00faltima quinta feira de Outubro (27-10-2016) foi comemorado os 44 anos como Ma\u00e7om dos CINCO IRM\u00c3OS naquela respeit\u00e1vel LOJA MA\u00c7\u00d4NICA. Somente 2 irm\u00e3os dos cinco estavam presentes, os outros, por motivo de for\u00e7a maior, n\u00e3o puderam comparecer. Na foto acima: JOS\u00c9 LEITE DE SOUZA, SILVIO SOUZA SANTOS (Vener\u00e1vel da Loja Ma\u00e7\u00f4nica REGENERA\u00c7\u00c3O SULBAIANA) e ANT\u00d4NIO OCK\u00c9. (Foto: 27-10-2016).\" width=\"600\" height=\"500\" class=\"size-full wp-image-104284\" srcset=\"https:\/\/www.r2cpress.com.br\/v1\/wp-content\/uploads\/2016\/11\/9.jpg 600w, https:\/\/www.r2cpress.com.br\/v1\/wp-content\/uploads\/2016\/11\/9-300x250.jpg 300w\" sizes=\"(max-width: 600px) 100vw, 600px\" \/><\/a><p id=\"caption-attachment-104284\" class=\"wp-caption-text\">Na \u00faltima quinta feira de Outubro (27-10-2016) foi comemorado os 44 anos como Ma\u00e7om dos CINCO IRM\u00c3OS naquela respeit\u00e1vel LOJA MA\u00c7\u00d4NICA. Somente 2 irm\u00e3os dos cinco estavam presentes, os outros, por motivo de for\u00e7a maior, n\u00e3o puderam comparecer. Na foto acima: JOS\u00c9 LEITE DE SOUZA, SILVIO SOUZA SANTOS (Vener\u00e1vel da Loja Ma\u00e7\u00f4nica REGENERA\u00c7\u00c3O SULBAIANA) e ANT\u00d4NIO OCK\u00c9. (Foto: 27-10-2016).<\/p><\/div>\n<div id=\"attachment_104285\" style=\"width: 610px\" class=\"wp-caption aligncenter\"><a href=\"http:\/\/www.r2cpress.com.br\/v1\/wp-content\/uploads\/2016\/11\/10.jpg\"><img aria-describedby=\"caption-attachment-104285\" loading=\"lazy\" src=\"http:\/\/www.r2cpress.com.br\/v1\/wp-content\/uploads\/2016\/11\/10.jpg\" alt=\"No \u00faltimo dia 26 de Outubro, LUCIENE LOPES SILVEIRA (Blusa branca de listras pretas) comemorou mais um Anivers\u00e1rio junto com os (as) colegas de trabalho com um farto CAF\u00c9 DA MANH\u00c3 na \u00d3TICA SAFIRA. PARAB\u00c9NS! \" width=\"600\" height=\"500\" class=\"size-full wp-image-104285\" srcset=\"https:\/\/www.r2cpress.com.br\/v1\/wp-content\/uploads\/2016\/11\/10.jpg 600w, https:\/\/www.r2cpress.com.br\/v1\/wp-content\/uploads\/2016\/11\/10-300x250.jpg 300w\" sizes=\"(max-width: 600px) 100vw, 600px\" \/><\/a><p id=\"caption-attachment-104285\" class=\"wp-caption-text\">No \u00faltimo dia 26 de Outubro, LUCIENE LOPES SILVEIRA (Blusa branca de listras pretas) comemorou mais um Anivers\u00e1rio junto com os (as) colegas de trabalho com um farto CAF\u00c9 DA MANH\u00c3 na \u00d3TICA SAFIRA. PARAB\u00c9NS!<\/p><\/div>\n<div id=\"attachment_104286\" style=\"width: 610px\" class=\"wp-caption aligncenter\"><a href=\"http:\/\/www.r2cpress.com.br\/v1\/wp-content\/uploads\/2016\/11\/111.jpg\"><img aria-describedby=\"caption-attachment-104286\" loading=\"lazy\" src=\"http:\/\/www.r2cpress.com.br\/v1\/wp-content\/uploads\/2016\/11\/111.jpg\" alt=\"Numa importante reuni\u00e3o realizada na ASSOCIA\u00c7\u00c3O COMERCIAL DE ILH\u00c9US na \u00faltima sexta feira (28-10-2016) com as representa\u00e7\u00f5es do Com\u00e9rcio, Ind\u00fastria e Agricultura, o Prefeito Eleito MAR\u00c3O e o Vice Prefeito JOS\u00c9 NAZAL falaram que o seu Governo ser\u00e1 um Governo de parceria com todas as Entidades de Ilh\u00e9us, sempre ouvindo todos e contando com o apoio e a ajuda dessas Entidades.\" width=\"600\" height=\"500\" class=\"size-full wp-image-104286\" srcset=\"https:\/\/www.r2cpress.com.br\/v1\/wp-content\/uploads\/2016\/11\/111.jpg 600w, https:\/\/www.r2cpress.com.br\/v1\/wp-content\/uploads\/2016\/11\/111-300x250.jpg 300w\" sizes=\"(max-width: 600px) 100vw, 600px\" \/><\/a><p id=\"caption-attachment-104286\" class=\"wp-caption-text\">Numa importante reuni\u00e3o realizada na ASSOCIA\u00c7\u00c3O COMERCIAL DE ILH\u00c9US na \u00faltima sexta feira (28-10-2016) com as representa\u00e7\u00f5es do Com\u00e9rcio, Ind\u00fastria e Agricultura, o Prefeito Eleito MAR\u00c3O e o Vice Prefeito JOS\u00c9 NAZAL falaram que o seu Governo ser\u00e1 um Governo de parceria com todas as Entidades de Ilh\u00e9us, sempre ouvindo todos e contando com o apoio e a ajuda dessas Entidades.<\/p><\/div>\n<div id=\"attachment_104287\" style=\"width: 610px\" class=\"wp-caption aligncenter\"><a href=\"http:\/\/www.r2cpress.com.br\/v1\/wp-content\/uploads\/2016\/11\/12.jpg\"><img aria-describedby=\"caption-attachment-104287\" loading=\"lazy\" src=\"http:\/\/www.r2cpress.com.br\/v1\/wp-content\/uploads\/2016\/11\/12.jpg\" alt=\"Falam mal da REVOLU\u00c7\u00c3O quem n\u00e3o conhece a HIST\u00d3RIA, mas as duas obras mais importantes constru\u00eddas na cidade de ILH\u00c9US foram feitas pelo GOVERNO DA REVOLU\u00c7\u00c3O, PONTE e PORTO. TENHO DITO! Na foto acima, edi\u00e7\u00e3o do Jornal DI\u00c1RIO DE ITABUNA de 1\u00ba de Novembro de 1972.\" width=\"600\" height=\"500\" class=\"size-full wp-image-104287\" srcset=\"https:\/\/www.r2cpress.com.br\/v1\/wp-content\/uploads\/2016\/11\/12.jpg 600w, https:\/\/www.r2cpress.com.br\/v1\/wp-content\/uploads\/2016\/11\/12-300x250.jpg 300w\" sizes=\"(max-width: 600px) 100vw, 600px\" \/><\/a><p id=\"caption-attachment-104287\" class=\"wp-caption-text\">Falam mal da REVOLU\u00c7\u00c3O quem n\u00e3o conhece a HIST\u00d3RIA, mas as duas obras mais importantes constru\u00eddas na cidade de ILH\u00c9US foram feitas pelo GOVERNO DA REVOLU\u00c7\u00c3O, PONTE e PORTO. TENHO DITO! Na foto acima, edi\u00e7\u00e3o do Jornal DI\u00c1RIO DE ITABUNA de 1\u00ba de Novembro de 1972.<\/p><\/div>\n<div id=\"attachment_104288\" style=\"width: 610px\" class=\"wp-caption aligncenter\"><a href=\"http:\/\/www.r2cpress.com.br\/v1\/wp-content\/uploads\/2016\/11\/13.jpg\"><img aria-describedby=\"caption-attachment-104288\" loading=\"lazy\" src=\"http:\/\/www.r2cpress.com.br\/v1\/wp-content\/uploads\/2016\/11\/13.jpg\" alt=\"SAUDADES DE UM AMIGO! SEU GILBERTO SANTOS BONFIM, dono do BAR PILOTO na Rua Davi Maia, pertinho do Aeroporto de ILH\u00c9US. SEU GILBERTO faleceu em 01-05-2015 com 83 anos. \" width=\"600\" height=\"500\" class=\"size-full wp-image-104288\" srcset=\"https:\/\/www.r2cpress.com.br\/v1\/wp-content\/uploads\/2016\/11\/13.jpg 600w, https:\/\/www.r2cpress.com.br\/v1\/wp-content\/uploads\/2016\/11\/13-300x250.jpg 300w\" sizes=\"(max-width: 600px) 100vw, 600px\" \/><\/a><p id=\"caption-attachment-104288\" class=\"wp-caption-text\">SAUDADES DE UM AMIGO!<br \/>SEU GILBERTO SANTOS BONFIM, dono do BAR PILOTO na Rua Davi Maia, pertinho do Aeroporto de ILH\u00c9US. SEU GILBERTO faleceu em 01-05-2015 com 83 anos.<br \/><\/p><\/div>\n<div id=\"attachment_104289\" style=\"width: 610px\" class=\"wp-caption aligncenter\"><a href=\"http:\/\/www.r2cpress.com.br\/v1\/wp-content\/uploads\/2016\/11\/14.jpeg\"><img aria-describedby=\"caption-attachment-104289\" loading=\"lazy\" src=\"http:\/\/www.r2cpress.com.br\/v1\/wp-content\/uploads\/2016\/11\/14.jpeg\" alt=\"Na \u00faltima semana, mais uma vez, JOS\u00c9 LEITE manda colar num Mural, um cartaz do tamanho de um Outdoor na Rua S\u00c3O PEDRO, esquina com a Avenida Dr. FLORO em JUAZEIRO DO NORTE, a foto do PADRE C\u00cdCERO e o PAPA FRANCISCO onde milhares de pessoas transitam por esse local.\" width=\"600\" height=\"500\" class=\"size-full wp-image-104289\" srcset=\"https:\/\/www.r2cpress.com.br\/v1\/wp-content\/uploads\/2016\/11\/14.jpeg 600w, https:\/\/www.r2cpress.com.br\/v1\/wp-content\/uploads\/2016\/11\/14-300x250.jpeg 300w\" sizes=\"(max-width: 600px) 100vw, 600px\" \/><\/a><p id=\"caption-attachment-104289\" class=\"wp-caption-text\">Na \u00faltima semana, mais uma vez, JOS\u00c9 LEITE manda colar num Mural, um cartaz do tamanho de um Outdoor na Rua S\u00c3O PEDRO, esquina com a Avenida Dr. FLORO em JUAZEIRO DO NORTE, a foto do PADRE C\u00cdCERO e o PAPA FRANCISCO onde milhares de pessoas transitam por esse local.<\/p><\/div>\n<p><b><center> E NO MAIS&#8230; <\/center><\/b><\/p>\n<p> <center <a href=\"http:\/\/www.r2cpress.com.br\/v1\/wp-content\/uploads\/2016\/11\/15.jpg\"><img loading=\"lazy\" src=\"http:\/\/www.r2cpress.com.br\/v1\/wp-content\/uploads\/2016\/11\/15.jpg\" alt=\"15\" width=\"600\" height=\"500\" class=\"aligncenter size-full wp-image-104290\" srcset=\"https:\/\/www.r2cpress.com.br\/v1\/wp-content\/uploads\/2016\/11\/15.jpg 600w, https:\/\/www.r2cpress.com.br\/v1\/wp-content\/uploads\/2016\/11\/15-300x250.jpg 300w\" sizes=\"(max-width: 600px) 100vw, 600px\" \/>   <\/center><\/p>\n<p>&#8212;<br \/>\n<span style=\"color: blue;\"><b>Para ver o BA\u00da da semana passada clique<\/b><a href=\"http:\/\/www.r2cpress.com.br\/v1\/2016\/10\/28\/do-fundo-do-bau-de-jose-leite-260\/\" target=\"_news\"><b> AQUI.<\/b><\/a><\/span><\/p>\n<p>&#8212;<br \/>\nTexto e fotos: Jos\u00e9 Leite de Souza<br \/>\njleitesouza@hotmail.com<br \/>\n(73) 3634-3134<\/p>\n","protected":false},"excerpt":{"rendered":"<p>1) SEJA UM ARTISTA GLOBAL (PARTE 5). 2) UM ILHEENSE DE DESTAQUE NA PESCARIA. 3) AS FOTOS DESTAQUES DA SEMANA.<\/p>\n","protected":false},"author":2,"featured_media":0,"comment_status":"open","ping_status":"open","sticky":false,"template":"","format":"standard","meta":{"_links_to":"","_links_to_target":""},"categories":[10],"tags":[],"_links":{"self":[{"href":"https:\/\/www.r2cpress.com.br\/v1\/wp-json\/wp\/v2\/posts\/104275"}],"collection":[{"href":"https:\/\/www.r2cpress.com.br\/v1\/wp-json\/wp\/v2\/posts"}],"about":[{"href":"https:\/\/www.r2cpress.com.br\/v1\/wp-json\/wp\/v2\/types\/post"}],"author":[{"embeddable":true,"href":"https:\/\/www.r2cpress.com.br\/v1\/wp-json\/wp\/v2\/users\/2"}],"replies":[{"embeddable":true,"href":"https:\/\/www.r2cpress.com.br\/v1\/wp-json\/wp\/v2\/comments?post=104275"}],"version-history":[{"count":1,"href":"https:\/\/www.r2cpress.com.br\/v1\/wp-json\/wp\/v2\/posts\/104275\/revisions"}],"predecessor-version":[{"id":104291,"href":"https:\/\/www.r2cpress.com.br\/v1\/wp-json\/wp\/v2\/posts\/104275\/revisions\/104291"}],"wp:attachment":[{"href":"https:\/\/www.r2cpress.com.br\/v1\/wp-json\/wp\/v2\/media?parent=104275"}],"wp:term":[{"taxonomy":"category","embeddable":true,"href":"https:\/\/www.r2cpress.com.br\/v1\/wp-json\/wp\/v2\/categories?post=104275"},{"taxonomy":"post_tag","embeddable":true,"href":"https:\/\/www.r2cpress.com.br\/v1\/wp-json\/wp\/v2\/tags?post=104275"}],"curies":[{"name":"wp","href":"https:\/\/api.w.org\/{rel}","templated":true}]}}