{"id":104297,"date":"2016-11-04T12:07:03","date_gmt":"2016-11-04T15:07:03","guid":{"rendered":"http:\/\/www.r2cpress.com.br\/v1\/?p=104297"},"modified":"2016-11-04T12:07:03","modified_gmt":"2016-11-04T15:07:03","slug":"bahia-e-canada-estudam-convenio-na-educacao-e-outras-areas","status":"publish","type":"post","link":"https:\/\/www.r2cpress.com.br\/v1\/2016\/11\/04\/bahia-e-canada-estudam-convenio-na-educacao-e-outras-areas\/","title":{"rendered":"Bahia e Canad\u00e1 estudam conv\u00eanio na educa\u00e7\u00e3o e outras \u00e1reas"},"content":{"rendered":"<p>Em reuni\u00e3o no gabinete do governador Rui Costa, uma comitiva da embaixada do Canad\u00e1 no Brasil apresentou interesse de firmar conv\u00eanio e trocar experi\u00eancias principalmente em \u00e1reas como educa\u00e7\u00e3o, sa\u00fade e neg\u00f3cios. No encontro, al\u00e9m de oportunidades de parcerias, cada pa\u00eds p\u00f4de tamb\u00e9m compartilhar experi\u00eancias de sucesso e conhecer o que vem sendo produzido em solo brasileiro e canadense. Com uma das maiores e mais desenvolvidas economias do mundo, o Canad\u00e1 \u00e9 tamb\u00e9m o principal destino de investimento brasileiro no exterior e j\u00e1 mant\u00e9m neg\u00f3cios em solo brasileiro.<\/p>\n<div id=\"Signature\">\n<div id=\"divtagdefaultwrapper\">\n<div>\n<div id=\"story_text\">\n<div id=\"attachment_104298\" style=\"width: 610px\" class=\"wp-caption aligncenter\"><a href=\"http:\/\/www.r2cpress.com.br\/v1\/wp-content\/uploads\/2016\/11\/BY-Amanda-Oliveira-GOVBA.jpg\"><img aria-describedby=\"caption-attachment-104298\" loading=\"lazy\" class=\"size-full wp-image-104298\" src=\"http:\/\/www.r2cpress.com.br\/v1\/wp-content\/uploads\/2016\/11\/BY-Amanda-Oliveira-GOVBA.jpg\" alt=\"Amanda Oliveira\/GOVBA \" width=\"600\" height=\"400\" srcset=\"https:\/\/www.r2cpress.com.br\/v1\/wp-content\/uploads\/2016\/11\/BY-Amanda-Oliveira-GOVBA.jpg 600w, https:\/\/www.r2cpress.com.br\/v1\/wp-content\/uploads\/2016\/11\/BY-Amanda-Oliveira-GOVBA-300x200.jpg 300w\" sizes=\"(max-width: 600px) 100vw, 600px\" \/><\/a><p id=\"caption-attachment-104298\" class=\"wp-caption-text\">Amanda Oliveira\/GOVBA<\/p><\/div>\n<p>Para o embaixador do Canad\u00e1 no Brasil, Riccardo Savone, a expectativa \u00e9 que desse encontro, realizado na tarde de quinta-feira (3), saiam futuras parcerias. &#8220;Discutimos as prioridades que t\u00eam o Brasil e o Canad\u00e1 juntos na \u00e1rea da economia, da educa\u00e7\u00e3o, da sa\u00fade e da diversidade. Acredito que demos o primeiro passo para trabalharmos juntos nas pr\u00f3ximas semanas e nos pr\u00f3ximos meses e, especialmente,\u00a0na \u00e1rea de educa\u00e7\u00e3o e sa\u00fade. Certamente vamos continuar discutindo e trocando experi\u00eancias&#8221;.<\/p>\n<p>H\u00e1 pouco mais de um m\u00eas, outra comitiva esteve no estado avaliando oportunidades de neg\u00f3cios. Dessa vez, foi a educa\u00e7\u00e3o e a possibilidade de parcerias no setor um dos temas principais da reuni\u00e3o. Para o secret\u00e1rio estadual da Educa\u00e7\u00e3o, Walter Pinheiro, a aproxima\u00e7\u00e3o dos dois pa\u00edses pode render bons frutos para os estudantes baianos. &#8220;J\u00e1 v\u00ednhamos mantendo contato com universidades canadenses e com experi\u00eancias adotadas no Ensino M\u00e9dio atrav\u00e9s do uso de tecnologia, rob\u00f3tica, game, para o ensino das Ci\u00eancias Exatas&#8221;.<\/p>\n<p>Segundo ainda Pinheiro, esse encontro abre uma perspectiva muito clara. &#8220;A ideia \u00e9 que possamos nos aproximar cada vez mais, debater as condi\u00e7\u00f5es, e tratar a possibilidade de interc\u00e2mbio, al\u00e9m de uma visita tanto do embaixador do Canad\u00e1 \u00e0s nossas escolas, assim como tamb\u00e9m uma miss\u00e3o baiana ao Canad\u00e1, para que possamos estabelecer de uma vez por todas as tratativas desse conv\u00eanio&#8221;.<\/p><\/div>\n<p><span class=\"Apple-style-span\" style=\"font-family: Times;\"><\/p>\n<p><\/span><\/div>\n<\/div>\n<\/div>\n","protected":false},"excerpt":{"rendered":"<p>Em reuni\u00e3o no gabinete do governador Rui Costa, uma comitiva da embaixada do Canad\u00e1 no Brasil apresentou interesse de firmar conv\u00eanio e trocar experi\u00eancias principalmente em \u00e1reas como educa\u00e7\u00e3o, sa\u00fade e neg\u00f3cios. No encontro, al\u00e9m de oportunidades de parcerias, cada pa\u00eds p\u00f4de tamb\u00e9m compartilhar experi\u00eancias de sucesso e conhecer o que vem sendo produzido em [&hellip;]<\/p>\n","protected":false},"author":2,"featured_media":0,"comment_status":"open","ping_status":"open","sticky":false,"template":"","format":"standard","meta":{"_links_to":"","_links_to_target":""},"categories":[8,29],"tags":[],"_links":{"self":[{"href":"https:\/\/www.r2cpress.com.br\/v1\/wp-json\/wp\/v2\/posts\/104297"}],"collection":[{"href":"https:\/\/www.r2cpress.com.br\/v1\/wp-json\/wp\/v2\/posts"}],"about":[{"href":"https:\/\/www.r2cpress.com.br\/v1\/wp-json\/wp\/v2\/types\/post"}],"author":[{"embeddable":true,"href":"https:\/\/www.r2cpress.com.br\/v1\/wp-json\/wp\/v2\/users\/2"}],"replies":[{"embeddable":true,"href":"https:\/\/www.r2cpress.com.br\/v1\/wp-json\/wp\/v2\/comments?post=104297"}],"version-history":[{"count":1,"href":"https:\/\/www.r2cpress.com.br\/v1\/wp-json\/wp\/v2\/posts\/104297\/revisions"}],"predecessor-version":[{"id":104299,"href":"https:\/\/www.r2cpress.com.br\/v1\/wp-json\/wp\/v2\/posts\/104297\/revisions\/104299"}],"wp:attachment":[{"href":"https:\/\/www.r2cpress.com.br\/v1\/wp-json\/wp\/v2\/media?parent=104297"}],"wp:term":[{"taxonomy":"category","embeddable":true,"href":"https:\/\/www.r2cpress.com.br\/v1\/wp-json\/wp\/v2\/categories?post=104297"},{"taxonomy":"post_tag","embeddable":true,"href":"https:\/\/www.r2cpress.com.br\/v1\/wp-json\/wp\/v2\/tags?post=104297"}],"curies":[{"name":"wp","href":"https:\/\/api.w.org\/{rel}","templated":true}]}}