{"id":104302,"date":"2016-11-04T21:24:31","date_gmt":"2016-11-05T00:24:31","guid":{"rendered":"http:\/\/www.r2cpress.com.br\/v1\/?p=104302"},"modified":"2016-11-04T21:24:31","modified_gmt":"2016-11-05T00:24:31","slug":"judocas-de-22-estados-estao-em-salvador-para-o-campeonato-brasileiro-de-veteranos","status":"publish","type":"post","link":"https:\/\/www.r2cpress.com.br\/v1\/2016\/11\/04\/judocas-de-22-estados-estao-em-salvador-para-o-campeonato-brasileiro-de-veteranos\/","title":{"rendered":"Judocas de 22 estados est\u00e3o em Salvador para o Campeonato Brasileiro de Veteranos"},"content":{"rendered":"<p>Neste s\u00e1bado (5) e domingo (6) a pra\u00e7a central do Shopping Paralela, em Salvador, vai virar uma grande \u00e1rea de competi\u00e7\u00e3o, para receber, o Campeonato Brasileiro de Veteranos e de Kata, onde deve reunir cerca de 700 atletas de 22 estados brasileiros. O torneiro \u00e9 promovido pela Federa\u00e7\u00e3o Baiana de Jud\u00f4 (Febaju), com apoio do Governo do Estado, por meio da Superintend\u00eancia dos Desportos do Estado da Bahia (Sudesb), autarquia da Secretaria do Trabalho, Emprego e Esporte (Setre).<\/p>\n<div id=\"attachment_104303\" style=\"width: 610px\" class=\"wp-caption aligncenter\"><a href=\"http:\/\/www.r2cpress.com.br\/v1\/wp-content\/uploads\/2016\/11\/SUDESB.jpg\"><img aria-describedby=\"caption-attachment-104303\" loading=\"lazy\" class=\"size-full wp-image-104303\" src=\"http:\/\/www.r2cpress.com.br\/v1\/wp-content\/uploads\/2016\/11\/SUDESB.jpg\" alt=\"SUDESB\" width=\"600\" height=\"400\" srcset=\"https:\/\/www.r2cpress.com.br\/v1\/wp-content\/uploads\/2016\/11\/SUDESB.jpg 600w, https:\/\/www.r2cpress.com.br\/v1\/wp-content\/uploads\/2016\/11\/SUDESB-300x200.jpg 300w\" sizes=\"(max-width: 600px) 100vw, 600px\" \/><\/a><p id=\"caption-attachment-104303\" class=\"wp-caption-text\">SUDESB<\/p><\/div>\n<p>O brasileiro de Veteranos retorna a Salvador depois de quatro anos, antes realizados em S\u00e3o Paulo. \u201c\u00c9 uma honra para a Febaju, que j\u00e1 vem trabalhando diretamente com a CBJ (Confedera\u00e7\u00e3o Brasileira de Jud\u00f4) na realiza\u00e7\u00e3o dos campeonatos do calend\u00e1rio nacional\u201d, comemora o presidente da federa\u00e7\u00e3o baiana, Marcelo Ornelas.<\/p>\n<p>O Campeonato Brasileiro de kata servir\u00e1 como seletiva para o mundial de jud\u00f4 2017, com local e data ainda a ser definido. Essa \u00e9 a primeira vez que uma competi\u00e7\u00e3o nacional acontece dentro de um shopping. A Sudesb disponibilizou um \u00f4nibus para o traslado dos atletas durante a competi\u00e7\u00e3o.<\/p>\n<p>&nbsp;<\/p>\n","protected":false},"excerpt":{"rendered":"<p>Neste s\u00e1bado (5) e domingo (6) a pra\u00e7a central do Shopping Paralela, em Salvador, vai virar uma grande \u00e1rea de competi\u00e7\u00e3o, para receber, o Campeonato Brasileiro de Veteranos e de Kata, onde deve reunir cerca de 700 atletas de 22 estados brasileiros. O torneiro \u00e9 promovido pela Federa\u00e7\u00e3o Baiana de Jud\u00f4 (Febaju), com apoio do [&hellip;]<\/p>\n","protected":false},"author":2,"featured_media":0,"comment_status":"open","ping_status":"open","sticky":false,"template":"","format":"standard","meta":{"_links_to":"","_links_to_target":""},"categories":[11,29],"tags":[],"_links":{"self":[{"href":"https:\/\/www.r2cpress.com.br\/v1\/wp-json\/wp\/v2\/posts\/104302"}],"collection":[{"href":"https:\/\/www.r2cpress.com.br\/v1\/wp-json\/wp\/v2\/posts"}],"about":[{"href":"https:\/\/www.r2cpress.com.br\/v1\/wp-json\/wp\/v2\/types\/post"}],"author":[{"embeddable":true,"href":"https:\/\/www.r2cpress.com.br\/v1\/wp-json\/wp\/v2\/users\/2"}],"replies":[{"embeddable":true,"href":"https:\/\/www.r2cpress.com.br\/v1\/wp-json\/wp\/v2\/comments?post=104302"}],"version-history":[{"count":1,"href":"https:\/\/www.r2cpress.com.br\/v1\/wp-json\/wp\/v2\/posts\/104302\/revisions"}],"predecessor-version":[{"id":104304,"href":"https:\/\/www.r2cpress.com.br\/v1\/wp-json\/wp\/v2\/posts\/104302\/revisions\/104304"}],"wp:attachment":[{"href":"https:\/\/www.r2cpress.com.br\/v1\/wp-json\/wp\/v2\/media?parent=104302"}],"wp:term":[{"taxonomy":"category","embeddable":true,"href":"https:\/\/www.r2cpress.com.br\/v1\/wp-json\/wp\/v2\/categories?post=104302"},{"taxonomy":"post_tag","embeddable":true,"href":"https:\/\/www.r2cpress.com.br\/v1\/wp-json\/wp\/v2\/tags?post=104302"}],"curies":[{"name":"wp","href":"https:\/\/api.w.org\/{rel}","templated":true}]}}