{"id":104324,"date":"2016-11-06T07:24:52","date_gmt":"2016-11-06T10:24:52","guid":{"rendered":"http:\/\/www.r2cpress.com.br\/v1\/?p=104324"},"modified":"2016-11-06T07:24:52","modified_gmt":"2016-11-06T10:24:52","slug":"missa-em-acao-de-gracas-pelos-radialistas-ilheenses-dia-10-na-catedral","status":"publish","type":"post","link":"https:\/\/www.r2cpress.com.br\/v1\/2016\/11\/06\/missa-em-acao-de-gracas-pelos-radialistas-ilheenses-dia-10-na-catedral\/","title":{"rendered":"Missa em A\u00e7\u00e3o de Gra\u00e7as pelos radialistas ilheenses, dia 10, na Catedral"},"content":{"rendered":"<div>Ser\u00e1 \u00a0celebrada no dia\u00a010 de novembro, uma Missa em A\u00e7\u00e3o de Gra\u00e7as\u00a0pelos profissionais\u00a0ilheenses, em alus\u00e3o ao dia do radialista, a ser comemorado dia 7, em todo o pa\u00eds.<\/div>\n<div>\n<p>A missa\u00a0ser\u00e1 presidida pelo Padre Aldemiro Sena, a partir do meio-dia do dia 10\/11, na Catedral de S\u00e3o Sebasti\u00e3o.\u00a0O celebrante estar\u00e1 louvando ao Senhor da\u00a0Messe e agradecendo pela passagem de mais um anivers\u00e1rio da classe radiof\u00f4nica, bem como pela sa\u00fade de todos e seus familiares. O tema da celebra\u00e7\u00e3o ser\u00e1 &#8220;Pela paz e unidade na categoria&#8221;.<\/p>\n<p>Na oportunidade ser\u00e3o narrados\u00a0um hist\u00f3rico das emissoras de r\u00e1dios do munic\u00edpio de Ilh\u00e9us, do sindicato e suas a\u00e7\u00f5es.<\/p>\n<p>O SINDICATO DOS RADIALISTAS DE ILH\u00c9US CONTA COM A PRESEN\u00c7A DE TODOS OS SEUS DIRETORES\/ASSOCIADOS e convida todos os amigos, ouvintes e admiradores.<\/p>\n<\/div>\n","protected":false},"excerpt":{"rendered":"<p>Ser\u00e1 \u00a0celebrada no dia\u00a010 de novembro, uma Missa em A\u00e7\u00e3o de Gra\u00e7as\u00a0pelos profissionais\u00a0ilheenses, em alus\u00e3o ao dia do radialista, a ser comemorado dia 7, em todo o pa\u00eds. A missa\u00a0ser\u00e1 presidida pelo Padre Aldemiro Sena, a partir do meio-dia do dia 10\/11, na Catedral de S\u00e3o Sebasti\u00e3o.\u00a0O celebrante estar\u00e1 louvando ao Senhor da\u00a0Messe e agradecendo [&hellip;]<\/p>\n","protected":false},"author":2,"featured_media":0,"comment_status":"open","ping_status":"open","sticky":false,"template":"","format":"standard","meta":{"_links_to":"","_links_to_target":""},"categories":[10,28],"tags":[],"_links":{"self":[{"href":"https:\/\/www.r2cpress.com.br\/v1\/wp-json\/wp\/v2\/posts\/104324"}],"collection":[{"href":"https:\/\/www.r2cpress.com.br\/v1\/wp-json\/wp\/v2\/posts"}],"about":[{"href":"https:\/\/www.r2cpress.com.br\/v1\/wp-json\/wp\/v2\/types\/post"}],"author":[{"embeddable":true,"href":"https:\/\/www.r2cpress.com.br\/v1\/wp-json\/wp\/v2\/users\/2"}],"replies":[{"embeddable":true,"href":"https:\/\/www.r2cpress.com.br\/v1\/wp-json\/wp\/v2\/comments?post=104324"}],"version-history":[{"count":2,"href":"https:\/\/www.r2cpress.com.br\/v1\/wp-json\/wp\/v2\/posts\/104324\/revisions"}],"predecessor-version":[{"id":104326,"href":"https:\/\/www.r2cpress.com.br\/v1\/wp-json\/wp\/v2\/posts\/104324\/revisions\/104326"}],"wp:attachment":[{"href":"https:\/\/www.r2cpress.com.br\/v1\/wp-json\/wp\/v2\/media?parent=104324"}],"wp:term":[{"taxonomy":"category","embeddable":true,"href":"https:\/\/www.r2cpress.com.br\/v1\/wp-json\/wp\/v2\/categories?post=104324"},{"taxonomy":"post_tag","embeddable":true,"href":"https:\/\/www.r2cpress.com.br\/v1\/wp-json\/wp\/v2\/tags?post=104324"}],"curies":[{"name":"wp","href":"https:\/\/api.w.org\/{rel}","templated":true}]}}