{"id":104330,"date":"2016-11-06T09:54:00","date_gmt":"2016-11-06T12:54:00","guid":{"rendered":"http:\/\/www.r2cpress.com.br\/v1\/?p=104330"},"modified":"2016-11-06T09:54:00","modified_gmt":"2016-11-06T12:54:00","slug":"conselho-nacional-de-justica-cnj-supremo-tribunal-federal-stf","status":"publish","type":"post","link":"https:\/\/www.r2cpress.com.br\/v1\/2016\/11\/06\/conselho-nacional-de-justica-cnj-supremo-tribunal-federal-stf\/","title":{"rendered":"Conselho Nacional de Justi\u00e7a (CNJ) \/ Supremo Tribunal Federal (STF)"},"content":{"rendered":"<h3 style=\"text-align: center;\"><strong><span style=\"color: #000000;\">Presidente do CNJ participa de lan\u00e7amento do <\/span><\/strong><\/h3>\n<h3 style=\"text-align: center;\"><strong><span style=\"color: #000000;\">M\u00eas Nacional do J\u00fari em Bras\u00edlia<\/span><\/strong><\/h3>\n<div class=\"row\">\n<div class=\"col-sm-8\">\n<div id=\"system-message-container\">A presidente do Conselho Nacional de Justi\u00e7a (CNJ) e do Supremo Tribunal Federal (STF), ministra C\u00e1rmem L\u00facia, participa da cerim\u00f4nia de lan\u00e7amento do M\u00eas Nacional do J\u00fari, segunda-feira (7\/11), no F\u00f3rum de Bras\u00edlia, \u00e0s 17h. O CNJ e Tribunais de Justi\u00e7a de todo o Brasil realizam a mobiliza\u00e7\u00e3o at\u00e9 o fim de novembro para levar a julgamento os respons\u00e1veis por crimes dolosos contra a vida, principalmente homic\u00eddios e tentativas de homic\u00eddio. Est\u00e3o agendadas cerca de cinco mil sess\u00f5es do Tribunal do J\u00fari at\u00e9 o fim do m\u00eas em comarcas de todo o Brasil. Acompanham a ministra na solenidade de lan\u00e7amento do M\u00eas Nacional do J\u00fari os conselheiros do CNJ Arnaldo Hossepian e Fernando Mattos.<\/div>\n<\/div>\n<\/div>\n<p>Hossepian e Mattos s\u00e3o os representantes do CNJ no Comit\u00ea gestor da Estrat\u00e9gia Nacional de Justi\u00e7a e Seguran\u00e7a P\u00fablica (Enasp). A iniciativa promove desde 2010 a integra\u00e7\u00e3o de esfor\u00e7os institucionais do CNJ, do Conselho Nacional do Minist\u00e9rio P\u00fablico (CNMP) e do Minist\u00e9rio da Justi\u00e7a (MJ) para combater a viol\u00eancia e formular pol\u00edticas p\u00fablicas nas \u00e1reas da justi\u00e7a e seguran\u00e7a p\u00fablica. O M\u00eas Nacional do J\u00fari \u00e9 uma das a\u00e7\u00f5es concebidas pela Enasp e foi formalizada na <a href=\"http:\/\/www.cnj.jus.br\/busca-atos-adm?documento=3193\" target=\"_blank\" rel=\"alternate\">Recomenda\u00e7\u00e3o CNJ 53\/2016<\/a>. At\u00e9 o ano passado, o CNJ e as demais institui\u00e7\u00f5es do sistema de Justi\u00e7a (Minist\u00e9rio e Defensoria P\u00fablicos, por exemplo) realizaram a Semana Nacional do J\u00fari. Nas edi\u00e7\u00f5es de 2014 e 2015, foram julgados cerca de 5 mil crimes dolosos contra a vida.<\/p>\n<p>Para este ano, por orienta\u00e7\u00e3o do CNJ, o comit\u00ea gestor da Enasp recomendou aos tribunais que fossem priorizados, durante o M\u00eas Nacional do J\u00fari, os julgamentos processos que envolvessem tr\u00eas tipos de crimes: os respons\u00e1veis por homic\u00eddios ou tentativas de assassinato que envolvam viol\u00eancia dom\u00e9stica, viol\u00eancia policial e aqueles acusados de crimes originados em confrontos dentro ou nos arredores de bares ou casas noturnas dever\u00e3o ser levados a julgamento em novembro, sempre que poss\u00edvel.<\/p>\n<p>Um dos objetivos de priorizar determinados tipos de a\u00e7\u00f5es \u00e9 julgar processos relacionados a delitos previstos na Lei Maria da Penha ou que possam representar feminic\u00eddio (homic\u00eddio praticado contra mulheres). A viol\u00eancia policial que interessa ao M\u00eas Nacional do J\u00fari julgar abrange tanto os crimes realizados no exerc\u00edcio das fun\u00e7\u00f5es do policial quanto aqueles que tenham ocorrido durante per\u00edodos de folga. Embora o foco da mobiliza\u00e7\u00e3o nacional inclua ainda as mortes provocadas por conflitos iniciados na vida noturna, outros tipos de crimes dolosos contra a vida n\u00e3o devem deixar de ser julgados em novembro.<\/p>\n<p><strong>Inst\u00e2ncia \u2013<\/strong> O Tribunal do J\u00fari existe no ordenamento jur\u00eddico brasileiro desde 1822. Atualmente, \u00e9 a inst\u00e2ncia em que s\u00e3o julgados crimes dolosos contra a vida, tanto aqueles cometidos como os tentados. Em uma sess\u00e3o do Tribunal do J\u00fari, um colegiado de cidad\u00e3os escolhidos por meio de sorteio julga se o crime em quest\u00e3o ocorreu de fato e se o r\u00e9u \u00e9 ou n\u00e3o culpado. Cabe ao magistrado ler a senten\u00e7a e fixar a pena, em caso de condena\u00e7\u00e3o, conforme a vontade popular.<br \/>\n<em>Manuel Carlos Montenegro<\/em><br \/>\n<em>Ag\u00eancia CNJ de Not\u00edcias<\/em><\/p>\n","protected":false},"excerpt":{"rendered":"<p>Presidente do CNJ participa de lan\u00e7amento do M\u00eas Nacional do J\u00fari em Bras\u00edlia A presidente do Conselho Nacional de Justi\u00e7a (CNJ) e do Supremo Tribunal Federal (STF), ministra C\u00e1rmem L\u00facia, participa da cerim\u00f4nia de lan\u00e7amento do M\u00eas Nacional do J\u00fari, segunda-feira (7\/11), no F\u00f3rum de Bras\u00edlia, \u00e0s 17h. O CNJ e Tribunais de Justi\u00e7a de [&hellip;]<\/p>\n","protected":false},"author":2,"featured_media":0,"comment_status":"open","ping_status":"open","sticky":false,"template":"","format":"standard","meta":{"_links_to":"","_links_to_target":""},"categories":[16,18],"tags":[],"_links":{"self":[{"href":"https:\/\/www.r2cpress.com.br\/v1\/wp-json\/wp\/v2\/posts\/104330"}],"collection":[{"href":"https:\/\/www.r2cpress.com.br\/v1\/wp-json\/wp\/v2\/posts"}],"about":[{"href":"https:\/\/www.r2cpress.com.br\/v1\/wp-json\/wp\/v2\/types\/post"}],"author":[{"embeddable":true,"href":"https:\/\/www.r2cpress.com.br\/v1\/wp-json\/wp\/v2\/users\/2"}],"replies":[{"embeddable":true,"href":"https:\/\/www.r2cpress.com.br\/v1\/wp-json\/wp\/v2\/comments?post=104330"}],"version-history":[{"count":2,"href":"https:\/\/www.r2cpress.com.br\/v1\/wp-json\/wp\/v2\/posts\/104330\/revisions"}],"predecessor-version":[{"id":104332,"href":"https:\/\/www.r2cpress.com.br\/v1\/wp-json\/wp\/v2\/posts\/104330\/revisions\/104332"}],"wp:attachment":[{"href":"https:\/\/www.r2cpress.com.br\/v1\/wp-json\/wp\/v2\/media?parent=104330"}],"wp:term":[{"taxonomy":"category","embeddable":true,"href":"https:\/\/www.r2cpress.com.br\/v1\/wp-json\/wp\/v2\/categories?post=104330"},{"taxonomy":"post_tag","embeddable":true,"href":"https:\/\/www.r2cpress.com.br\/v1\/wp-json\/wp\/v2\/tags?post=104330"}],"curies":[{"name":"wp","href":"https:\/\/api.w.org\/{rel}","templated":true}]}}