{"id":104357,"date":"2016-11-07T12:03:29","date_gmt":"2016-11-07T15:03:29","guid":{"rendered":"http:\/\/www.r2cpress.com.br\/v1\/?p=104357"},"modified":"2016-11-07T12:03:29","modified_gmt":"2016-11-07T15:03:29","slug":"o-coral-da-ceplac-apresenta-o-musical-nordeste-em-festa","status":"publish","type":"post","link":"https:\/\/www.r2cpress.com.br\/v1\/2016\/11\/07\/o-coral-da-ceplac-apresenta-o-musical-nordeste-em-festa\/","title":{"rendered":"O Coral da Ceplac apresenta o musical Nordeste em Festa"},"content":{"rendered":"<p>O musical <strong>Nordeste em Festa<\/strong> ser\u00e1 no dia 12 de novembro \u00e0s 20 horas na Tenda do Teatro Popular de Ilh\u00e9us, localizada na Avenida Soares Lopes.<\/p>\n<p>O <strong>\u201cNordeste em Festa\u201d <\/strong>far\u00e1 um passeio pelos diversos ritmos nordestinos. Pelo Bai\u00e3o, pelo xaxado, pelo xote, homenageando a m\u00fasica genuinamente nordestina. \u00a0O verdadeiro forr\u00f3 p\u00e9 de serra.<\/p>\n<p>O <strong>Musical<\/strong> ter\u00e1 uma produ\u00e7\u00e3o, de boa qualidade, com dire\u00e7\u00e3o art\u00edstica e musical, programa\u00e7\u00e3o visual e coreografia. Ter\u00e1 inclusive al\u00e9m do Canto Coral, todo um cen\u00e1rio, figurino e caracteriza\u00e7\u00e3o do ambiente de uma Festa Nordestina.<\/p>\n<p>Quem n\u00e3o se lembra \u201ceu vou mostrar pra voc\u00eas como se dan\u00e7a o bai\u00e3o\u201d, \u201cs\u00f3 deixo o meu cariri no \u00faltimo pau de arara\u201d, \u201cmorena tropicana eu quero o teu sabor\u201d, \u201cela s\u00f3 quer s\u00f3 pensa em namorar\u201d, \u201cespero a chuva cair de novo pra mim voltar pro meu sert\u00e3o\u201d, \u201cque falta me faz um xod\u00f3\u201d, \u201cPara\u00edba masculina mui\u00e9 macho sim senhor\u201d, \u201cminha vida \u00e9 andar por esse pa\u00eds pra ver se um dia descanso feliz\u201d.<\/p>\n<p>\u00c9 nesse contexto que o Coral dos Servidores da Ceplac ir\u00e1 se apresentar com um elenco de 25 Coristas de uma forma diferente, com uma nova proposta, com bastante movimenta\u00e7\u00e3o, mas, contudo sem perder a ess\u00eancia do Canto Coral.<\/p>\n<p>A Coordena\u00e7\u00e3o geral do musical est\u00e1 a cargo da pianista e regente Deyse Gois e de Nylson Valen\u00e7a diretor social do Coral. Coreografia de Rose Monteiro. Na produ\u00e7\u00e3o, os Coristas Alberto Bichara, K\u00e1tia Machado, Ant\u00f4nio Braz e Marise Santos.<\/p>\n<p>Vale a pena prestigiar e conferir. Os ingressos est\u00e3o com valores bastante acess\u00edveis. Informa\u00e7\u00f5es com a Tenda ou com Nylson (73) 98828 0209 ou K\u00e1tia (73) 98828 2202.<\/p>\n<div id=\"attachment_104358\" style=\"width: 432px\" class=\"wp-caption aligncenter\"><a href=\"http:\/\/www.r2cpress.com.br\/v1\/wp-content\/uploads\/2016\/11\/Panfleto-coral-da-ceplac-festa-nordestina.jpg\"><img aria-describedby=\"caption-attachment-104358\" loading=\"lazy\" class=\"size-full wp-image-104358\" src=\"http:\/\/www.r2cpress.com.br\/v1\/wp-content\/uploads\/2016\/11\/Panfleto-coral-da-ceplac-festa-nordestina.jpg\" alt=\" Coral da CEPLAC Festa Nordestina\" width=\"422\" height=\"600\" srcset=\"https:\/\/www.r2cpress.com.br\/v1\/wp-content\/uploads\/2016\/11\/Panfleto-coral-da-ceplac-festa-nordestina.jpg 422w, https:\/\/www.r2cpress.com.br\/v1\/wp-content\/uploads\/2016\/11\/Panfleto-coral-da-ceplac-festa-nordestina-211x300.jpg 211w\" sizes=\"(max-width: 422px) 100vw, 422px\" \/><\/a><p id=\"caption-attachment-104358\" class=\"wp-caption-text\">Coral da CEPLAC Festa Nordestina<\/p><\/div>\n","protected":false},"excerpt":{"rendered":"<p>O musical Nordeste em Festa ser\u00e1 no dia 12 de novembro \u00e0s 20 horas na Tenda do Teatro Popular de Ilh\u00e9us, localizada na Avenida Soares Lopes. O \u201cNordeste em Festa\u201d far\u00e1 um passeio pelos diversos ritmos nordestinos. Pelo Bai\u00e3o, pelo xaxado, pelo xote, homenageando a m\u00fasica genuinamente nordestina. \u00a0O verdadeiro forr\u00f3 p\u00e9 de serra. O [&hellip;]<\/p>\n","protected":false},"author":2,"featured_media":0,"comment_status":"open","ping_status":"open","sticky":false,"template":"","format":"standard","meta":{"_links_to":"","_links_to_target":""},"categories":[5,10,28],"tags":[],"_links":{"self":[{"href":"https:\/\/www.r2cpress.com.br\/v1\/wp-json\/wp\/v2\/posts\/104357"}],"collection":[{"href":"https:\/\/www.r2cpress.com.br\/v1\/wp-json\/wp\/v2\/posts"}],"about":[{"href":"https:\/\/www.r2cpress.com.br\/v1\/wp-json\/wp\/v2\/types\/post"}],"author":[{"embeddable":true,"href":"https:\/\/www.r2cpress.com.br\/v1\/wp-json\/wp\/v2\/users\/2"}],"replies":[{"embeddable":true,"href":"https:\/\/www.r2cpress.com.br\/v1\/wp-json\/wp\/v2\/comments?post=104357"}],"version-history":[{"count":1,"href":"https:\/\/www.r2cpress.com.br\/v1\/wp-json\/wp\/v2\/posts\/104357\/revisions"}],"predecessor-version":[{"id":104359,"href":"https:\/\/www.r2cpress.com.br\/v1\/wp-json\/wp\/v2\/posts\/104357\/revisions\/104359"}],"wp:attachment":[{"href":"https:\/\/www.r2cpress.com.br\/v1\/wp-json\/wp\/v2\/media?parent=104357"}],"wp:term":[{"taxonomy":"category","embeddable":true,"href":"https:\/\/www.r2cpress.com.br\/v1\/wp-json\/wp\/v2\/categories?post=104357"},{"taxonomy":"post_tag","embeddable":true,"href":"https:\/\/www.r2cpress.com.br\/v1\/wp-json\/wp\/v2\/tags?post=104357"}],"curies":[{"name":"wp","href":"https:\/\/api.w.org\/{rel}","templated":true}]}}