{"id":104382,"date":"2016-11-08T09:48:34","date_gmt":"2016-11-08T12:48:34","guid":{"rendered":"http:\/\/www.r2cpress.com.br\/v1\/?p=104382"},"modified":"2016-11-08T09:48:34","modified_gmt":"2016-11-08T12:48:34","slug":"interior-do-estado-da-bahia-disque-denuncia-181-passa-a-funcionar-no-centro-de-operacoes","status":"publish","type":"post","link":"https:\/\/www.r2cpress.com.br\/v1\/2016\/11\/08\/interior-do-estado-da-bahia-disque-denuncia-181-passa-a-funcionar-no-centro-de-operacoes\/","title":{"rendered":"INTERIOR DO ESTADO DA BAHIA \/ \u00a0Disque-Den\u00fancia 181 passa a funcionar no Centro de Opera\u00e7\u00f5es"},"content":{"rendered":"<p><a href=\"http:\/\/www.r2cpress.com.br\/v1\/wp-content\/uploads\/2016\/11\/INTERIOR.jpg\"><img loading=\"lazy\" class=\"alignleft  wp-image-104383\" src=\"http:\/\/www.r2cpress.com.br\/v1\/wp-content\/uploads\/2016\/11\/INTERIOR.jpg\" alt=\"interior\" width=\"263\" height=\"175\" srcset=\"https:\/\/www.r2cpress.com.br\/v1\/wp-content\/uploads\/2016\/11\/INTERIOR.jpg 310w, https:\/\/www.r2cpress.com.br\/v1\/wp-content\/uploads\/2016\/11\/INTERIOR-300x200.jpg 300w\" sizes=\"(max-width: 263px) 100vw, 263px\" \/><\/a>O servi\u00e7o de chamadas 181, que atende ao Disque-Den\u00fancia no interior do estado, j\u00e1 est\u00e1 em pleno funcionamento. As liga\u00e7\u00f5es ficaram suspensas temporariamente para o deslocamento da central telef\u00f4nica do servi\u00e7o para o Centro de Opera\u00e7\u00f5es e Intelig\u00eancia da Secretaria da Seguran\u00e7a P\u00fablica.<\/p>\n<p>A partir de agora, a central funciona no mesmo espa\u00e7o da Superintend\u00eancia de Intelig\u00eancia, tamb\u00e9m instalada no Centro de Opera\u00e7\u00f5es. Para o coordenador do Disque-Den\u00fancia, Lu\u00eds Melo, o funcionamento do servi\u00e7o junto ao SI agiliza o repasse das informa\u00e7\u00f5es prestadas pela popula\u00e7\u00e3o.<\/p>\n","protected":false},"excerpt":{"rendered":"<p>O servi\u00e7o de chamadas 181, que atende ao Disque-Den\u00fancia no interior do estado, j\u00e1 est\u00e1 em pleno funcionamento. As liga\u00e7\u00f5es ficaram suspensas temporariamente para o deslocamento da central telef\u00f4nica do servi\u00e7o para o Centro de Opera\u00e7\u00f5es e Intelig\u00eancia da Secretaria da Seguran\u00e7a P\u00fablica. A partir de agora, a central funciona no mesmo espa\u00e7o da Superintend\u00eancia [&hellip;]<\/p>\n","protected":false},"author":2,"featured_media":0,"comment_status":"open","ping_status":"open","sticky":false,"template":"","format":"standard","meta":{"_links_to":"","_links_to_target":""},"categories":[29,25],"tags":[],"_links":{"self":[{"href":"https:\/\/www.r2cpress.com.br\/v1\/wp-json\/wp\/v2\/posts\/104382"}],"collection":[{"href":"https:\/\/www.r2cpress.com.br\/v1\/wp-json\/wp\/v2\/posts"}],"about":[{"href":"https:\/\/www.r2cpress.com.br\/v1\/wp-json\/wp\/v2\/types\/post"}],"author":[{"embeddable":true,"href":"https:\/\/www.r2cpress.com.br\/v1\/wp-json\/wp\/v2\/users\/2"}],"replies":[{"embeddable":true,"href":"https:\/\/www.r2cpress.com.br\/v1\/wp-json\/wp\/v2\/comments?post=104382"}],"version-history":[{"count":3,"href":"https:\/\/www.r2cpress.com.br\/v1\/wp-json\/wp\/v2\/posts\/104382\/revisions"}],"predecessor-version":[{"id":104386,"href":"https:\/\/www.r2cpress.com.br\/v1\/wp-json\/wp\/v2\/posts\/104382\/revisions\/104386"}],"wp:attachment":[{"href":"https:\/\/www.r2cpress.com.br\/v1\/wp-json\/wp\/v2\/media?parent=104382"}],"wp:term":[{"taxonomy":"category","embeddable":true,"href":"https:\/\/www.r2cpress.com.br\/v1\/wp-json\/wp\/v2\/categories?post=104382"},{"taxonomy":"post_tag","embeddable":true,"href":"https:\/\/www.r2cpress.com.br\/v1\/wp-json\/wp\/v2\/tags?post=104382"}],"curies":[{"name":"wp","href":"https:\/\/api.w.org\/{rel}","templated":true}]}}