{"id":104387,"date":"2016-11-08T12:22:20","date_gmt":"2016-11-08T15:22:20","guid":{"rendered":"http:\/\/www.r2cpress.com.br\/v1\/?p=104387"},"modified":"2016-11-08T12:24:08","modified_gmt":"2016-11-08T15:24:08","slug":"jogos-regionais-da-aabb-reune-400-atletas-aposentados-em-salvador","status":"publish","type":"post","link":"https:\/\/www.r2cpress.com.br\/v1\/2016\/11\/08\/jogos-regionais-da-aabb-reune-400-atletas-aposentados-em-salvador\/","title":{"rendered":"Jogos Regionais da AABB re\u00fane 400 atletas aposentados em Salvador"},"content":{"rendered":"<p><span style=\"font-size: large;\">At\u00e9 domingo, dia 13, a Associa\u00e7\u00e3o Atl\u00e9tica Banco do Brasil (AABB) de Salvador sedia os Jogos Regionais de Integra\u00e7\u00e3o dos Funcion\u00e1rios Aposentados do Banco do Brasil \u2013 JINFABB.<\/span><\/p>\n<div style=\"width: 612px\" class=\"wp-caption aligncenter\"><img loading=\"lazy\" class=\"\" src=\"https:\/\/lh3.googleusercontent.com\/Pzbl9sg1VoHRbHC7gTKcIH2Z7X1vVYBjbAALvJW1bGulI4B85_3Lhztntc_IwpkuUwI_fpJeEs6BXuPk-dgt9pNvoBrFTgrsQlAoZ3wsN1mztI7SwEcdASwNhZhEghBi-OAIfzMI8hfAA4isKTvt15GLJzQpSsIS8cBmxDCNUOELVuOEYYn-dckjkdSQ1xPdgSjoIle0Gysyz-J56aArCXHhHERC5-dkctCB6dQaGQPN0t75ekyOdPVloo7uBn39RLuDXDp7z2meFUIW38HYdLeAN3B3KLrWLPY2g0YPMKyziuCNtlpS5ap_osobSqJxIamFniNLTebmCQ6_eloAUOa-TPUX2OlGCntZ0nesjCAVnr83xB-lg46okm4wiegBJWXn_4chw1r3mjQOCyYNJ9aRHMtfWekwc5KfwI2_kqNRwm2XMP9V6v2RtvCzXy36Ais7Xvs7A1JTatn5aTWdtkGShrSKmBXM3KC_FQMuOWgl5pwlt-P3nRbWra27utl82YeeY7WbtXDa7Vdj0RPd_bPWo_OYyZkL1NGJCaGZyKedEjXyKP94ng6ZiHap1CC8o6rEeAiiMugTLM7e6e6_48eUsCAWqD3KBpmNdL48M-A2sWJb7g=w600-h321-no\" alt=\"\" width=\"602\" height=\"322\" \/><p class=\"wp-caption-text\">07-11-2016 &#8211; Jogos Regionais AABB- fotos Reinaldo Alc\u00e2ntara<\/p><\/div>\n<p><span style=\"font-size: large;\">O evento, aberto nesta segunda-feira 7, re\u00fane 400 atletas, al\u00e9m de familiares e convidados, totalizando cerca de 1.500 pessoas. Participam dos Jogos as AABBs de Salvador, Aracaju, Bel\u00e9m, Fortaleza, Macei\u00f3, Natal, S\u00e3o Lu\u00eds, Teresina e Recife.<\/span><\/p>\n<p>Ser\u00e3o disputadas as modalidades de futebol, t\u00eanis de quadra, buraco, voleibol, domin\u00f3, sinuca, t\u00eanis de mesa masculino e feminino, nata\u00e7\u00e3o e atletismo.<\/p>\n<div>\n<p>&#8220;Mais do que uma competi\u00e7\u00e3o, que estimula a pr\u00e1tica esportiva, esse \u00e9 um momento de congra\u00e7amento para a fam\u00edlia dos funcion\u00e1rios do Banco do Brasil, quando revemos nossos amigos e colegas&#8221;, destaca o presidente da AABB Salvador, Zaki Ocke, anfitri\u00e3o da festa.<\/p>\n<p>Convidado para solenidade de abertura, secret\u00e1rio do Trabalho e Emprego, \u00c1lvaro Gomes afirmou que &#8220;a realiza\u00e7\u00e3o do evento \u00e9 um exemplo concreto que o esporte socializa, e precisa cada vez mais ser estimulado e priorizado na vida das pessoas&#8221;.<\/p>\n<\/div>\n","protected":false},"excerpt":{"rendered":"<p>At\u00e9 domingo, dia 13, a Associa\u00e7\u00e3o Atl\u00e9tica Banco do Brasil (AABB) de Salvador sedia os Jogos Regionais de Integra\u00e7\u00e3o dos Funcion\u00e1rios Aposentados do Banco do Brasil \u2013 JINFABB. O evento, aberto nesta segunda-feira 7, re\u00fane 400 atletas, al\u00e9m de familiares e convidados, totalizando cerca de 1.500 pessoas. Participam dos Jogos as AABBs de Salvador, Aracaju, [&hellip;]<\/p>\n","protected":false},"author":2,"featured_media":0,"comment_status":"open","ping_status":"open","sticky":false,"template":"","format":"standard","meta":{"_links_to":"","_links_to_target":""},"categories":[11,29],"tags":[],"_links":{"self":[{"href":"https:\/\/www.r2cpress.com.br\/v1\/wp-json\/wp\/v2\/posts\/104387"}],"collection":[{"href":"https:\/\/www.r2cpress.com.br\/v1\/wp-json\/wp\/v2\/posts"}],"about":[{"href":"https:\/\/www.r2cpress.com.br\/v1\/wp-json\/wp\/v2\/types\/post"}],"author":[{"embeddable":true,"href":"https:\/\/www.r2cpress.com.br\/v1\/wp-json\/wp\/v2\/users\/2"}],"replies":[{"embeddable":true,"href":"https:\/\/www.r2cpress.com.br\/v1\/wp-json\/wp\/v2\/comments?post=104387"}],"version-history":[{"count":4,"href":"https:\/\/www.r2cpress.com.br\/v1\/wp-json\/wp\/v2\/posts\/104387\/revisions"}],"predecessor-version":[{"id":104391,"href":"https:\/\/www.r2cpress.com.br\/v1\/wp-json\/wp\/v2\/posts\/104387\/revisions\/104391"}],"wp:attachment":[{"href":"https:\/\/www.r2cpress.com.br\/v1\/wp-json\/wp\/v2\/media?parent=104387"}],"wp:term":[{"taxonomy":"category","embeddable":true,"href":"https:\/\/www.r2cpress.com.br\/v1\/wp-json\/wp\/v2\/categories?post=104387"},{"taxonomy":"post_tag","embeddable":true,"href":"https:\/\/www.r2cpress.com.br\/v1\/wp-json\/wp\/v2\/tags?post=104387"}],"curies":[{"name":"wp","href":"https:\/\/api.w.org\/{rel}","templated":true}]}}