{"id":104403,"date":"2016-11-08T17:03:56","date_gmt":"2016-11-08T20:03:56","guid":{"rendered":"http:\/\/www.r2cpress.com.br\/v1\/?p=104403"},"modified":"2016-11-08T17:03:56","modified_gmt":"2016-11-08T20:03:56","slug":"trabalhadores-portuarios-e-caminhoneiros-do-porto-de-salvador-tem-oportunidade-de-cuidar-da-saude","status":"publish","type":"post","link":"https:\/\/www.r2cpress.com.br\/v1\/2016\/11\/08\/trabalhadores-portuarios-e-caminhoneiros-do-porto-de-salvador-tem-oportunidade-de-cuidar-da-saude\/","title":{"rendered":"Trabalhadores portu\u00e1rios e caminhoneiros do Porto de Salvador t\u00eam oportunidade de cuidar da sa\u00fade"},"content":{"rendered":"<p><em>Projeto do SEST SENAT em parceria com o Minist\u00e9rio dos Transportes, Portos e Avia\u00e7\u00e3o Civil acontece nesta semana<\/em><\/p>\n<p>Trabalhadores portu\u00e1rios e caminhoneiros que atuam nas \u00e1reas pr\u00f3ximas ao Porto de Salvador t\u00eam a oportunidade de cuidar da sa\u00fade gratuitamente nesta semana. O projeto Sa\u00fade nos Portos, organizado pelo SEST SENAT em parceria com o Minist\u00e9rio dos Transportes, Portos e Avia\u00e7\u00e3o Civil tem como objetivo oferecer bem-estar e melhores condi\u00e7\u00f5es de sa\u00fade aos trabalhadores do transporte, contribuindo para um tr\u00e2nsito mais seguro.<\/p>\n<p>Amanh\u00e3 e quinta-feira (dias 9 e 10 de novembro), das 8h \u00e0s 12h, os trabalhadores ter\u00e3o atendimentos de nutri\u00e7\u00e3o (com c\u00e1lculo de IMC e orienta\u00e7\u00e3o sobre alimenta\u00e7\u00e3o saud\u00e1vel), de fisioterapia (com a realiza\u00e7\u00e3o de exerc\u00edcios de ergonomia e alongamento) e orienta\u00e7\u00e3o sobre sa\u00fade bucal. Os profissionais ainda participar\u00e3o de a\u00e7\u00f5es socioeducativas de enfrentamento \u00e0 explora\u00e7\u00e3o sexual de crian\u00e7as e adolescentes em conjunto com o projeto Proteger, tamb\u00e9m desenvolvido pelo SEST SENAT.<\/p>\n<p>Em parceria com a PRF (Pol\u00edcia Rodovi\u00e1ria Federal) ser\u00e3o realizados testes de etil\u00f4metros e profissionais da Secretaria Municipal de Sa\u00fade organizar\u00e3o rodas de conversa sobre sa\u00fade mental e oferecer\u00e3o testes r\u00e1pidos de HIV e hepatite B e C.<\/p>\n<p>At\u00e9 dezembro, outros tr\u00eas terminais receber\u00e3o a iniciativa: Natal (RN), Itaja\u00ed\/SC e S\u00e3o Sebasti\u00e3o (SP). Desde maio, o projeto j\u00e1 passou pelos portos de Santos (SP), Paranagu\u00e1 (PR), Itaqui (MA), Suape (PE), Rio de Janeiro (RJ), Recife (PE), Vit\u00f3ria (ES) e Rio Grande (RS). Lan\u00e7ado em 2015, o Sa\u00fade nos Portos realizou mais de 30 mil atendimentos nos portos organizados do Brasil.<\/p>\n<p><strong>SERVI\u00c7O<\/strong><\/p>\n<p><strong>Sa\u00fade nos Portos \u2013 Porto de Salvador<\/strong><\/p>\n<p>Dias 9 e 10 novembro, das 8h \u00e0s 12h<\/p>\n<p><strong>Assessoria de Imprensa do SEST SENAT:<\/strong> (61) 3315-7142 \/ 7112 \/ 7247<\/p>\n<p><strong>Unidade do SEST SENAT de Salvador: <\/strong>(71) 3205-5900<\/p>\n","protected":false},"excerpt":{"rendered":"<p>Projeto do SEST SENAT em parceria com o Minist\u00e9rio dos Transportes, Portos e Avia\u00e7\u00e3o Civil acontece nesta semana Trabalhadores portu\u00e1rios e caminhoneiros que atuam nas \u00e1reas pr\u00f3ximas ao Porto de Salvador t\u00eam a oportunidade de cuidar da sa\u00fade gratuitamente nesta semana. O projeto Sa\u00fade nos Portos, organizado pelo SEST SENAT em parceria com o Minist\u00e9rio [&hellip;]<\/p>\n","protected":false},"author":2,"featured_media":0,"comment_status":"open","ping_status":"open","sticky":false,"template":"","format":"standard","meta":{"_links_to":"","_links_to_target":""},"categories":[24],"tags":[],"_links":{"self":[{"href":"https:\/\/www.r2cpress.com.br\/v1\/wp-json\/wp\/v2\/posts\/104403"}],"collection":[{"href":"https:\/\/www.r2cpress.com.br\/v1\/wp-json\/wp\/v2\/posts"}],"about":[{"href":"https:\/\/www.r2cpress.com.br\/v1\/wp-json\/wp\/v2\/types\/post"}],"author":[{"embeddable":true,"href":"https:\/\/www.r2cpress.com.br\/v1\/wp-json\/wp\/v2\/users\/2"}],"replies":[{"embeddable":true,"href":"https:\/\/www.r2cpress.com.br\/v1\/wp-json\/wp\/v2\/comments?post=104403"}],"version-history":[{"count":2,"href":"https:\/\/www.r2cpress.com.br\/v1\/wp-json\/wp\/v2\/posts\/104403\/revisions"}],"predecessor-version":[{"id":104405,"href":"https:\/\/www.r2cpress.com.br\/v1\/wp-json\/wp\/v2\/posts\/104403\/revisions\/104405"}],"wp:attachment":[{"href":"https:\/\/www.r2cpress.com.br\/v1\/wp-json\/wp\/v2\/media?parent=104403"}],"wp:term":[{"taxonomy":"category","embeddable":true,"href":"https:\/\/www.r2cpress.com.br\/v1\/wp-json\/wp\/v2\/categories?post=104403"},{"taxonomy":"post_tag","embeddable":true,"href":"https:\/\/www.r2cpress.com.br\/v1\/wp-json\/wp\/v2\/tags?post=104403"}],"curies":[{"name":"wp","href":"https:\/\/api.w.org\/{rel}","templated":true}]}}