{"id":104429,"date":"2016-11-09T18:40:23","date_gmt":"2016-11-09T21:40:23","guid":{"rendered":"http:\/\/www.r2cpress.com.br\/v1\/?p=104429"},"modified":"2016-11-09T18:40:23","modified_gmt":"2016-11-09T21:40:23","slug":"conselho-estadual-lgbt-divulga-resultado-preliminar-das-inscricoes-para-eleicao-2016","status":"publish","type":"post","link":"https:\/\/www.r2cpress.com.br\/v1\/2016\/11\/09\/conselho-estadual-lgbt-divulga-resultado-preliminar-das-inscricoes-para-eleicao-2016\/","title":{"rendered":"Conselho Estadual LGBT divulga resultado preliminar das inscri\u00e7\u00f5es para elei\u00e7\u00e3o 2016"},"content":{"rendered":"<p id=\"gmail-story_title\"><a href=\"http:\/\/www.r2cpress.com.br\/v1\/wp-content\/uploads\/2016\/11\/BannerEleicoesCELGBT.jpg\"><img loading=\"lazy\" class=\"alignleft  wp-image-104431\" src=\"http:\/\/www.r2cpress.com.br\/v1\/wp-content\/uploads\/2016\/11\/BannerEleicoesCELGBT.jpg\" alt=\"bannereleicoescelgbt\" width=\"293\" height=\"293\" srcset=\"https:\/\/www.r2cpress.com.br\/v1\/wp-content\/uploads\/2016\/11\/BannerEleicoesCELGBT.jpg 310w, https:\/\/www.r2cpress.com.br\/v1\/wp-content\/uploads\/2016\/11\/BannerEleicoesCELGBT-150x150.jpg 150w, https:\/\/www.r2cpress.com.br\/v1\/wp-content\/uploads\/2016\/11\/BannerEleicoesCELGBT-300x300.jpg 300w\" sizes=\"(max-width: 293px) 100vw, 293px\" \/><\/a>O Conselho Estadual LGBT (CELGBT), entidade ligada \u00e0 Secretaria de Justi\u00e7a, Direitos Humanos e Desenvolvimento Social (SJDHDS), divulgou hoje (09\/11), no Di\u00e1rio Oficial do Estado, o resultado preliminar das representa\u00e7\u00f5es da sociedade civil inscritas e selecionadas para concorrer \u00e0 elei\u00e7\u00e3o 2016. O resultado parcial, bem como a Resolu\u00e7\u00e3o n\u00ba 02, referente a remanejamento de vagas, est\u00e3o dispon\u00edveis no site da SJDHDS. Foram 68 inscri\u00e7\u00f5es registradas, sendo 56 de organiza\u00e7\u00f5es, nove de f\u00f3runs e redes e tr\u00eas de n\u00facleos de pesquisa.<\/p>\n<div id=\"gmail-story_text\">\n<div><\/div>\n<div>O Coordenador de Pol\u00edticas LGBT da SJDHDS, Vin\u00edcius Alves, divulgou nota comentando o resultado parcial da habilita\u00e7\u00e3o das entidades da sociedade civil concorrentes \u00e0 nova gest\u00e3o do Conselho Estadual LGBT. Segundo ele, os n\u00fameros revelam a amplia\u00e7\u00e3o, em todos os segmentos, do n\u00famero de inscri\u00e7\u00f5es, chegando quase ao triplo de organiza\u00e7\u00f5es mobilizadas em compara\u00e7\u00e3o ao \u00faltimo processo.<\/div>\n<div><\/div>\n<div>Confira as informa\u00e7\u00f5es na p\u00e1gina das\u00a0<a href=\"http:\/\/www.justicasocial.ba.gov.br\/modules\/conteudo\/conteudo.php?conteudo=138\" target=\"_blank\" rel=\"noreferrer\">Elei\u00e7\u00f5es 2016 do CELGBT<\/a>.<\/div>\n<\/div>\n","protected":false},"excerpt":{"rendered":"<p>O Conselho Estadual LGBT (CELGBT), entidade ligada \u00e0 Secretaria de Justi\u00e7a, Direitos Humanos e Desenvolvimento Social (SJDHDS), divulgou hoje (09\/11), no Di\u00e1rio Oficial do Estado, o resultado preliminar das representa\u00e7\u00f5es da sociedade civil inscritas e selecionadas para concorrer \u00e0 elei\u00e7\u00e3o 2016. O resultado parcial, bem como a Resolu\u00e7\u00e3o n\u00ba 02, referente a remanejamento de vagas, [&hellip;]<\/p>\n","protected":false},"author":2,"featured_media":0,"comment_status":"open","ping_status":"open","sticky":false,"template":"","format":"standard","meta":{"_links_to":"","_links_to_target":""},"categories":[28],"tags":[],"_links":{"self":[{"href":"https:\/\/www.r2cpress.com.br\/v1\/wp-json\/wp\/v2\/posts\/104429"}],"collection":[{"href":"https:\/\/www.r2cpress.com.br\/v1\/wp-json\/wp\/v2\/posts"}],"about":[{"href":"https:\/\/www.r2cpress.com.br\/v1\/wp-json\/wp\/v2\/types\/post"}],"author":[{"embeddable":true,"href":"https:\/\/www.r2cpress.com.br\/v1\/wp-json\/wp\/v2\/users\/2"}],"replies":[{"embeddable":true,"href":"https:\/\/www.r2cpress.com.br\/v1\/wp-json\/wp\/v2\/comments?post=104429"}],"version-history":[{"count":2,"href":"https:\/\/www.r2cpress.com.br\/v1\/wp-json\/wp\/v2\/posts\/104429\/revisions"}],"predecessor-version":[{"id":104432,"href":"https:\/\/www.r2cpress.com.br\/v1\/wp-json\/wp\/v2\/posts\/104429\/revisions\/104432"}],"wp:attachment":[{"href":"https:\/\/www.r2cpress.com.br\/v1\/wp-json\/wp\/v2\/media?parent=104429"}],"wp:term":[{"taxonomy":"category","embeddable":true,"href":"https:\/\/www.r2cpress.com.br\/v1\/wp-json\/wp\/v2\/categories?post=104429"},{"taxonomy":"post_tag","embeddable":true,"href":"https:\/\/www.r2cpress.com.br\/v1\/wp-json\/wp\/v2\/tags?post=104429"}],"curies":[{"name":"wp","href":"https:\/\/api.w.org\/{rel}","templated":true}]}}