{"id":104445,"date":"2016-11-10T11:04:10","date_gmt":"2016-11-10T14:04:10","guid":{"rendered":"http:\/\/www.r2cpress.com.br\/v1\/?p=104445"},"modified":"2016-11-10T11:04:10","modified_gmt":"2016-11-10T14:04:10","slug":"ilheus-tera-semana-da-consciencia-negra","status":"publish","type":"post","link":"https:\/\/www.r2cpress.com.br\/v1\/2016\/11\/10\/ilheus-tera-semana-da-consciencia-negra\/","title":{"rendered":"Ilh\u00e9us Ter\u00e1 Semana da Consci\u00eancia Negra"},"content":{"rendered":"<p><em>\u201cResgatar a nossa mem\u00f3ria significa resgatar n\u00f3s mesmo da armadilha do esquecimento, significa estarmos reafirmando a nossa presen\u00e7a ativa na hist\u00f3ria do povo Negro\u201d.<\/em><\/p>\n<div id=\"attachment_104446\" style=\"width: 320px\" class=\"wp-caption alignleft\"><a href=\"http:\/\/www.r2cpress.com.br\/v1\/wp-content\/uploads\/2016\/11\/Novembro-Negro.jpg\"><img aria-describedby=\"caption-attachment-104446\" loading=\"lazy\" class=\"size-full wp-image-104446\" src=\"http:\/\/www.r2cpress.com.br\/v1\/wp-content\/uploads\/2016\/11\/Novembro-Negro.jpg\" alt=\"Novembro Negro\" width=\"310\" height=\"207\" srcset=\"https:\/\/www.r2cpress.com.br\/v1\/wp-content\/uploads\/2016\/11\/Novembro-Negro.jpg 310w, https:\/\/www.r2cpress.com.br\/v1\/wp-content\/uploads\/2016\/11\/Novembro-Negro-300x200.jpg 300w\" sizes=\"(max-width: 310px) 100vw, 310px\" \/><\/a><p id=\"caption-attachment-104446\" class=\"wp-caption-text\">Novembro Negro<\/p><\/div>\n<h2 style=\"text-align: center;\"><span style=\"color: #000000;\"><strong>Convite<\/strong><\/span><\/h2>\n<p><strong><em>O Conselho Municipal de Cultura, representado pela C\u00e2mara de Cultura Popular em Parceria com a Pastoral do Negro e a C\u00e1ritas Diocesana de Ilh\u00e9us promove a semana da Consci\u00eancia Negra que ser\u00e1 realizado no per\u00edodo de 16 a 20 de Novembro de 2016.<\/em><\/strong><\/p>\n<p><strong>Programa\u00e7\u00e3o.<\/strong><\/p>\n<p><strong>Dia 16,<\/strong>\u00a04\u00aa feira: \u00a0Filme Quilombo. Pra\u00e7a da Igreja (Hernani S\u00e1) as 19:00h l<\/p>\n<p><strong>Dia 17,<\/strong>\u00a05\u00aa feira: Projeto dedo de Prosa. Tema: O Negro na ordem Jur\u00eddica Brasileira. Breve an\u00e1lise hist\u00f3rica, sociol\u00f3gica e jur\u00eddica sobre o preconceito racial contra pessoas negras. Teremos a contribui\u00e7\u00e3o da Dr\u00aa em Sociologia Fl\u00e1via Alesandra e Dr Guilharde Junior ambos da UESC.<\/p>\n<p><strong>Local:\u00a0<\/strong>Sal\u00e3o da Par\u00f3quia S\u00e3o Francisco de Assis ao Lado do Super. Mercado Meira do Nelson Costa as 19:00hs.<\/p>\n<p><strong>Dia 18,\u00a0<\/strong>6\u00aa feira: Sarau Negro. M\u00fasica, Poesia, Dan\u00e7a Teatro e gastronomia.<\/p>\n<p><strong>Local:\u00a0<\/strong>Audit\u00f3rio do CAIC\u00a0 Darci Ribeiro.\u00a0 Hor\u00e1rio 19:00hs<\/p>\n<p><strong>S\u00e1bado:<\/strong>\u00a0Missa Afro Presidida por Dom Mauro Montagnoli, Bispo Diocesano em Comemora\u00e7\u00e3o e Mem\u00f3ria ao Dia da Consci\u00eancia Negra. As 19:00s\u00a0<strong>Local:<\/strong>\u00a0Igreja do Divino Espirito Santo<\/p>\n<p><strong>Domingo:\u00a0<\/strong>11:00hs Festa da Consci\u00eancia Negra, Samba de Roda, Festival de Capoeira, Maculel\u00ea, gastronomia e outros. <strong>Contamos\u00a0 com a presen\u00e7a de todos.<\/strong><\/p>\n<p><strong><em>Comiss\u00e3o Organizadora<\/em><\/strong><\/p>\n","protected":false},"excerpt":{"rendered":"<p>\u201cResgatar a nossa mem\u00f3ria significa resgatar n\u00f3s mesmo da armadilha do esquecimento, significa estarmos reafirmando a nossa presen\u00e7a ativa na hist\u00f3ria do povo Negro\u201d. Convite O Conselho Municipal de Cultura, representado pela C\u00e2mara de Cultura Popular em Parceria com a Pastoral do Negro e a C\u00e1ritas Diocesana de Ilh\u00e9us promove a semana da Consci\u00eancia Negra [&hellip;]<\/p>\n","protected":false},"author":2,"featured_media":0,"comment_status":"open","ping_status":"open","sticky":false,"template":"","format":"standard","meta":{"_links_to":"","_links_to_target":""},"categories":[14],"tags":[],"_links":{"self":[{"href":"https:\/\/www.r2cpress.com.br\/v1\/wp-json\/wp\/v2\/posts\/104445"}],"collection":[{"href":"https:\/\/www.r2cpress.com.br\/v1\/wp-json\/wp\/v2\/posts"}],"about":[{"href":"https:\/\/www.r2cpress.com.br\/v1\/wp-json\/wp\/v2\/types\/post"}],"author":[{"embeddable":true,"href":"https:\/\/www.r2cpress.com.br\/v1\/wp-json\/wp\/v2\/users\/2"}],"replies":[{"embeddable":true,"href":"https:\/\/www.r2cpress.com.br\/v1\/wp-json\/wp\/v2\/comments?post=104445"}],"version-history":[{"count":1,"href":"https:\/\/www.r2cpress.com.br\/v1\/wp-json\/wp\/v2\/posts\/104445\/revisions"}],"predecessor-version":[{"id":104447,"href":"https:\/\/www.r2cpress.com.br\/v1\/wp-json\/wp\/v2\/posts\/104445\/revisions\/104447"}],"wp:attachment":[{"href":"https:\/\/www.r2cpress.com.br\/v1\/wp-json\/wp\/v2\/media?parent=104445"}],"wp:term":[{"taxonomy":"category","embeddable":true,"href":"https:\/\/www.r2cpress.com.br\/v1\/wp-json\/wp\/v2\/categories?post=104445"},{"taxonomy":"post_tag","embeddable":true,"href":"https:\/\/www.r2cpress.com.br\/v1\/wp-json\/wp\/v2\/tags?post=104445"}],"curies":[{"name":"wp","href":"https:\/\/api.w.org\/{rel}","templated":true}]}}