{"id":104457,"date":"2016-11-10T15:30:26","date_gmt":"2016-11-10T18:30:26","guid":{"rendered":"http:\/\/www.r2cpress.com.br\/v1\/?p=104457"},"modified":"2016-11-10T15:30:26","modified_gmt":"2016-11-10T18:30:26","slug":"luiz-castro-em-decolores-260","status":"publish","type":"post","link":"https:\/\/www.r2cpress.com.br\/v1\/2016\/11\/10\/luiz-castro-em-decolores-260\/","title":{"rendered":"Luiz Castro em: DECOLORES"},"content":{"rendered":"<h2 style=\"text-align: center;\"><span style=\"color: #000000;\"><strong>RIMUNDO \u201cL\u00c1 VAI BALA\u201d <\/strong><\/span><\/h2>\n<p style=\"text-align: left;\"><img loading=\"lazy\" class=\"alignleft\" src=\"http:\/\/www.r2cpress.com.br\/v1\/wp-content\/uploads\/luiz-castro_novo-emaIL.jpg\" alt=\"\" width=\"300\" height=\"118\" \/>\u00a0Tomei como surpresa o falecimento do saudoso amigo Raimundo Oliveira, mais conhecido por \u201cL\u00e1 Vai Bala\u201d, cujo apelido nasceu na zona do meretr\u00edcio no Bairro da Barra, quando l\u00e1 pras tantas houve uma confus\u00e3o de um fregu\u00eas com uma das \u201cmeninas\u201d e um determinado policial que estava presente n\u00e3o se conteve com a cena tirou sua arma e gritou \u201cl\u00e1 vai bala\u201d e de repente os fregueses desapareceram do local inclusive o saudoso Raimundo ou Raimundinho para os \u00edntimos.<\/p>\n<p>A Galera de Zequito esta de luto,\u00a0 pois ultimamente a mar\u00e9 est\u00e1 braba, v\u00e1rios amigos tem partido sem combinar. Por certo ele foi bem recebido pelos saudosos freq\u00fcentadores do Bar de Zequito e fizeram aquela algazarra a come\u00e7ar por Lourencinho e o pr\u00f3prio Zequito.<\/p>\n<p>Raimundo nasceu em Uru\u00e7uca que na \u00e9poca era distrito de Ilh\u00e9us, sua fam\u00edlia \u201cOliveira\u201d \u00e9 muito conhecida na cidade a come\u00e7ar por Albenzio e Armando Oliveira.<\/p>\n<p>Ele foi o cliente mais antigo do Bar de Zequito que antes era conhecido por Kit Bicha. Era bastante reservado, pouca conversa quando n\u00e3o estava bebendo e, no entanto quando se entusiasmava era um verdadeiro tagarela, falava de Deus e o mundo.<\/p>\n<p>Era profundo conhecedor da historia do com\u00e9rcio de Ilh\u00e9us, onde desde menino trabalhou primeiro no Bar Bahia dos Espanh\u00f3is, tempos depois foi trabalhar em Lopes Sobral e\u00a0 posteriormente trabalhou com seu primo carnal Dalmiro Silva, onde veio se aposentar.<\/p>\n<p>Mundinho era bastante solit\u00e1rio, morava sozinho na vila do Edif\u00edcio Jasmineiro, n\u00e3o gostava de zoada, ligava a Tv baixinho para n\u00e3o incomodar os vizinhos.<\/p>\n<p>Soube que o encontraram morto j\u00e1 em estado de decomposi\u00e7\u00e3o, apesar dos vizinhos j\u00e1 tinham notado sua aus\u00eancia devida sua assiduidade nos hor\u00e1rios de entrada e sa\u00edda da sua \u201cPar\u00f3quia\u201d.<\/p>\n<p>Fica aqui registrado a lembran\u00e7as de um grande amigo que deixou saudades pela sua personalidade e por certo nos lembraremos dele quando ouvirmos aquela musica de autoria de S\u00e9rgio Bittencourt \u201cNaquela mesa esta faltando ele e a saudade dele est\u00e1 doendo em n\u00f3s&#8230;.\u201d<\/p>\n<p>Aquele abra\u00e7o L\u00e1 Vai Bala\u201d<\/p>\n<p>Colabora\u00e7\u00e3o de Luiz Castro<\/p>\n<p>Amigo h\u00e1 50 anos<\/p>\n","protected":false},"excerpt":{"rendered":"<p>RIMUNDO \u201cL\u00c1 VAI BALA\u201d \u00a0Tomei como surpresa o falecimento do saudoso amigo Raimundo Oliveira, mais conhecido por \u201cL\u00e1 Vai Bala\u201d, cujo apelido nasceu na zona do meretr\u00edcio no Bairro da Barra, quando l\u00e1 pras tantas houve uma confus\u00e3o de um fregu\u00eas com uma das \u201cmeninas\u201d e um determinado policial que estava presente n\u00e3o se conteve [&hellip;]<\/p>\n","protected":false},"author":2,"featured_media":0,"comment_status":"open","ping_status":"open","sticky":false,"template":"","format":"standard","meta":{"_links_to":"","_links_to_target":""},"categories":[10],"tags":[],"_links":{"self":[{"href":"https:\/\/www.r2cpress.com.br\/v1\/wp-json\/wp\/v2\/posts\/104457"}],"collection":[{"href":"https:\/\/www.r2cpress.com.br\/v1\/wp-json\/wp\/v2\/posts"}],"about":[{"href":"https:\/\/www.r2cpress.com.br\/v1\/wp-json\/wp\/v2\/types\/post"}],"author":[{"embeddable":true,"href":"https:\/\/www.r2cpress.com.br\/v1\/wp-json\/wp\/v2\/users\/2"}],"replies":[{"embeddable":true,"href":"https:\/\/www.r2cpress.com.br\/v1\/wp-json\/wp\/v2\/comments?post=104457"}],"version-history":[{"count":2,"href":"https:\/\/www.r2cpress.com.br\/v1\/wp-json\/wp\/v2\/posts\/104457\/revisions"}],"predecessor-version":[{"id":104459,"href":"https:\/\/www.r2cpress.com.br\/v1\/wp-json\/wp\/v2\/posts\/104457\/revisions\/104459"}],"wp:attachment":[{"href":"https:\/\/www.r2cpress.com.br\/v1\/wp-json\/wp\/v2\/media?parent=104457"}],"wp:term":[{"taxonomy":"category","embeddable":true,"href":"https:\/\/www.r2cpress.com.br\/v1\/wp-json\/wp\/v2\/categories?post=104457"},{"taxonomy":"post_tag","embeddable":true,"href":"https:\/\/www.r2cpress.com.br\/v1\/wp-json\/wp\/v2\/tags?post=104457"}],"curies":[{"name":"wp","href":"https:\/\/api.w.org\/{rel}","templated":true}]}}