{"id":104538,"date":"2016-11-13T16:18:54","date_gmt":"2016-11-13T19:18:54","guid":{"rendered":"http:\/\/www.r2cpress.com.br\/v1\/?p=104538"},"modified":"2016-11-13T16:18:54","modified_gmt":"2016-11-13T19:18:54","slug":"hans-schaeppi-em-h-o-t-e-l-a-r-i-a-e-t-u-r-i-s-m-o-80","status":"publish","type":"post","link":"https:\/\/www.r2cpress.com.br\/v1\/2016\/11\/13\/hans-schaeppi-em-h-o-t-e-l-a-r-i-a-e-t-u-r-i-s-m-o-80\/","title":{"rendered":"Hans  Schaeppi em: H O T E L A R I A\u00a0 E\u00a0 T U R I S M O"},"content":{"rendered":"<p><em><strong>por Hans\u00a0 Schaeppi<\/strong><\/em><\/p>\n<p style=\"text-align: center;\">\n<div style=\"width: 249px\" class=\"wp-caption alignleft\"><img loading=\"lazy\" class=\"\" src=\"http:\/\/www.r2cpress.com.br\/v1\/wp-content\/uploads\/Hans-Schaeppi_.jpg\" alt=\"\" width=\"239\" height=\"318\" \/><p class=\"wp-caption-text\">Hans Schaeppi<\/p><\/div>\n<p style=\"text-align: center;\"><strong>PORTO ENJEITADO<\/strong><\/p>\n<p>\u00a0\u00a0\u00a0\u00a0 O Porto de Ilh\u00e9us continua sendo o filho enjeitado da CODEBA \u2013Cia. Docas do Estado da Bahia. Enquanto trata com carinho seu filhos queridos, os portos de Salvador e Aratu, abandona o de Ilh\u00e9us sem lhe conceder melhorias. No cronograma de 2010 a 2014, toda a programa\u00e7\u00e3o e mais algumas benesses foram para Aratu e Salvador, onde seus portos aumentaram seus calados para 12 e 15 metros ( investindo mais de R$ 90 milh\u00f5es) ; ampliaram o terminal de<em> containers<\/em> investindo mais de R$ 175 milh\u00f5es; e outros tantos no Terminal de Passageiros. Para Ilh\u00e9us n\u00e3o veio quase nada, O calado, prometido no Cronograma para ser ampliado para 12 metros, ganhou apenas 10 metros emergenciais.. Em promessa feita h\u00e1 mais de 20 anos, o site da Codeba dizia: \u201c &#8230; a curto prazo, o Porto de Ilh\u00e9us ter\u00e1 um calado de 12 metros, amplia\u00e7\u00e3o\u00a0 da retro\u00e1rea com mais 100 mil metros quadrados e mais 80 metros no prolongamento do cais\u201d.<\/p>\n<p>Faz-se necess\u00e1rio que os deputados que receberam votos na regi\u00e3o, prefeito, entidades representativas da cidade, e o povo em geral, atuem no sentido de que o Porto de Ilh\u00e9us receba da CODEBA as melhorias\u00a0 que merece.<\/p>\n<p style=\"text-align: center;\"><strong>A DEMOLI\u00c7\u00c3O DAS CABANAS<\/strong><\/p>\n<p style=\"text-align: justify;\">\u00a0\u00a0 O \u00fanico segmento tur\u00edstico permanente no calend\u00e1rio de Ilh\u00e9us, o Turismo de Sol e Praia, est\u00e1 amea\u00e7ado com essa decis\u00e3o do SPU (Secretaria do Patrim\u00f4nio da Uni\u00e3o) em mandar demolir, no prazo de 30 dias, as cabanas das praias do Sul. A Secretaria Municipal do Meio Ambiente e Urbanismo tenta dialogar com o SPU desde o in\u00edcio do ano quanto ao cadastramento das cabanas visando sua readequa\u00e7\u00e3o no contexto do Projeto Orla. Sabe-se que a Uni\u00e3o exige a n\u00e3o constru\u00e7\u00e3o de casas e cabanas a menos de 33 metros da preamar, mas ser\u00e1 necess\u00e1rio determinar onde passa essa linha, para determinar a irregularidade e o recuo necess\u00e1rio das cabanas. Os membros do Projeto Orla, que tinham uma reuni\u00e3o marcada para o \u00faltimo dia 10, no Centro Administrativo Municipal, resolveram adiar a reuni\u00e3o aguardando maiores esclarecimentos do problema.<\/p>\n<p style=\"text-align: center;\"><strong>TORNEIO DE PESCA DA GABRIELA<\/strong><\/p>\n<p>\u00a0\u00a0\u00a0\u00a0\u00a0 Terminou neste domingo, 13, \u00a0na Praia do Acu\u00edpe, o Torneio\u00a0 de Pesca da Gabriela, considerado o maior evento de Pesca Amadora do estado da Bahia. No s\u00e1bado, a prova come\u00e7ou \u00e0s 13 horas, indo at\u00e9 \u00e0s 17 horas e no domingo come\u00e7ou \u00e0s 7 , terminando \u00e0s 11 horas. O Torneio foi aberto a todos os pescadores esportivos, filiados a clubes, ou n\u00e3o. A dupla classificada em 1\u00ba lugar levou um pr\u00eamio no valor de R$ 5.000,00, ao segundo lugar coube um pr\u00eamio de R$ 2 mil e ao 3\u00ba, de R$ 1.500,00.<\/p>\n<p style=\"text-align: center;\"><strong>JORNADA DE CARDIOLOGIA<\/strong><\/p>\n<p>\u00a0\u00a0\u00a0 Ainda neste m\u00eas de novembro, dias 23 e 26, Ilh\u00e9us sediar\u00e1 a XIV Jornada de Cardiologia do Sul da Bahia. O evento, dedicado aos profissionais da \u00e1rea de sa\u00fade e acad\u00eamicos, acontecer\u00e1 na Faculdade de Ilh\u00e9us, tendo como objetivo um debate cient\u00edfico sobre as principais novidades em diagn\u00f3sticos e condutas terap\u00eauticas no \u00e2mbito da cardiologia. Entre os temas a serem debatidos est\u00e1 a Insufici\u00eancia Card\u00edaca, Ressuscita\u00e7\u00e3o, Infarto, Fibrila\u00e7\u00e3o e outros. O evento receber\u00e1 cardiologistas de v\u00e1rias partes do pa\u00eds, do estado e da regi\u00e3o.<\/p>\n<p style=\"text-align: center;\"><strong>B I T S\u00a0 &#8211;\u00a0 T U R<\/strong><\/p>\n<p>No \u00faltimo \u00a0dia 9 de novembro, foi o Dia do Hoteleiro *** Se foi comemorado, n\u00e3o sei&#8230;*** No pr\u00f3ximo dia 23 de novembro ser\u00e3o entregues os trof\u00e9us \u201c\u00c1guia Americana de Qualidade\u201d, para o qual o Chocolate Caseiro Ilh\u00e9us foi indicado *** Ser\u00e1 em S\u00e3o Paulo, no Espa\u00e7o de Eventos Clube HOMS, na Avenida Paulista *** A mudan\u00e7a de local de realiza\u00e7\u00e3o do Festival de Ver\u00e3o de Salvador para a Arena Fonte Nova, dever\u00e1 bater um recorde de p\u00fablico *** Vai acontecer nos dias 10 e 11 de dezembro *** O feriado do dia 15 de novembro caindo na ter\u00e7a-feira, pode se tornar um feriad\u00e3o, que j\u00e1 come\u00e7ou<\/p>\n","protected":false},"excerpt":{"rendered":"<p>por Hans\u00a0 Schaeppi PORTO ENJEITADO \u00a0\u00a0\u00a0\u00a0 O Porto de Ilh\u00e9us continua sendo o filho enjeitado da CODEBA \u2013Cia. Docas do Estado da Bahia. Enquanto trata com carinho seu filhos queridos, os portos de Salvador e Aratu, abandona o de Ilh\u00e9us sem lhe conceder melhorias. No cronograma de 2010 a 2014, toda a programa\u00e7\u00e3o e mais [&hellip;]<\/p>\n","protected":false},"author":2,"featured_media":0,"comment_status":"open","ping_status":"open","sticky":false,"template":"","format":"standard","meta":{"_links_to":"","_links_to_target":""},"categories":[10,27],"tags":[],"_links":{"self":[{"href":"https:\/\/www.r2cpress.com.br\/v1\/wp-json\/wp\/v2\/posts\/104538"}],"collection":[{"href":"https:\/\/www.r2cpress.com.br\/v1\/wp-json\/wp\/v2\/posts"}],"about":[{"href":"https:\/\/www.r2cpress.com.br\/v1\/wp-json\/wp\/v2\/types\/post"}],"author":[{"embeddable":true,"href":"https:\/\/www.r2cpress.com.br\/v1\/wp-json\/wp\/v2\/users\/2"}],"replies":[{"embeddable":true,"href":"https:\/\/www.r2cpress.com.br\/v1\/wp-json\/wp\/v2\/comments?post=104538"}],"version-history":[{"count":1,"href":"https:\/\/www.r2cpress.com.br\/v1\/wp-json\/wp\/v2\/posts\/104538\/revisions"}],"predecessor-version":[{"id":104539,"href":"https:\/\/www.r2cpress.com.br\/v1\/wp-json\/wp\/v2\/posts\/104538\/revisions\/104539"}],"wp:attachment":[{"href":"https:\/\/www.r2cpress.com.br\/v1\/wp-json\/wp\/v2\/media?parent=104538"}],"wp:term":[{"taxonomy":"category","embeddable":true,"href":"https:\/\/www.r2cpress.com.br\/v1\/wp-json\/wp\/v2\/categories?post=104538"},{"taxonomy":"post_tag","embeddable":true,"href":"https:\/\/www.r2cpress.com.br\/v1\/wp-json\/wp\/v2\/tags?post=104538"}],"curies":[{"name":"wp","href":"https:\/\/api.w.org\/{rel}","templated":true}]}}