{"id":104658,"date":"2016-11-17T19:40:10","date_gmt":"2016-11-17T22:40:10","guid":{"rendered":"http:\/\/www.r2cpress.com.br\/v1\/?p=104658"},"modified":"2016-11-17T19:40:46","modified_gmt":"2016-11-17T22:40:46","slug":"cfa-realiza-a-iv-semana-do-pensamento","status":"publish","type":"post","link":"https:\/\/www.r2cpress.com.br\/v1\/2016\/11\/17\/cfa-realiza-a-iv-semana-do-pensamento\/","title":{"rendered":"CFA realiza a IV Semana do Pensamento"},"content":{"rendered":"<p><strong>Programa gratuito inclui a segunda edi\u00e7\u00e3o do Conex\u00e3o Cultural CFA. Debates, palestras e workshops acontecem de 22 a 24\/11<\/strong><\/p>\n<p><img loading=\"lazy\" class=\"aligncenter\" src=\"https:\/\/docs.google.com\/uc?export=download&amp;id=0B_wWMFTAScPsN050dF94bjRRQms&amp;revid=0B_wWMFTAScPsQTlrU3RINU0vRHVEUlR3Q2ZqS0ZQU0w3dnR3PQ\" alt=\"\" width=\"599\" height=\"88\" \/><\/p>\n<p>Workshops, debates, palestras, pocket shows de alunos e educadores e participa\u00e7\u00f5es de convidados fazem parte da\u00a0<em>IV Semana do Pensamento\u00a0CFA<\/em>, que acontecer\u00e1 entre 22 e 24 de novembro (ter\u00e7a a quinta-feira), no Centro de Forma\u00e7\u00e3o em Artes (CFA) da Funda\u00e7\u00e3o Cultural\u00a0do\u00a0Estado da Bahia (Funceb), entidade vinculada \u00e0 Secretaria de Cultura do Estado da Bahia (SecultBA). Todas as atividades ser\u00e3o gratuitas. O evento finaliza, anualmente, as a\u00e7\u00f5es de forma\u00e7\u00e3o no CFA.<\/p>\n<p>Na abertura da programa\u00e7\u00e3o, no dia 22, acontece a segunda edi\u00e7\u00e3o do Conex\u00e3o Cultural CFA. O projeto Conex\u00e3o Cultural CFA tem, desta vez, o tema\u00a0<em>Novos modelos de neg\u00f3cios &#8211; A\u00e7\u00f5es solid\u00e1rias nas Artes<\/em>,<em>\u00a0<\/em>que ser\u00e1 abordado por convidados experientes no assunto como\u00a0micro-empreendedores, coletivos de artes e de arte-educa\u00e7\u00e3o da cidade de Salvador.<\/p>\n<p>O intuito\u00a0da Semana do Pensamento CFA \u00e9 apresentar possibilidades de amplia\u00e7\u00e3o\u00a0do\u00a0campo de estudos na m\u00fasica aos alunos e interessados, com est\u00edmulo \u00e0 reflex\u00e3o e desenvolvimento cr\u00edtico a partir de diversas abordagens: hist\u00f3ricas, culturais, sociais, est\u00e9ticas, etc. Al\u00e9m disso, pretende-se realizar atividades que v\u00e3o al\u00e9m da t\u00e9cnica musical, porque \u00e9 importante que o artista esteja ciente\u00a0do\u00a0mercado em que est\u00e1 inserido, quais seus direitos e responsabilidades.<\/p>\n<p><strong>\u00a0<\/strong><strong>Semana do Pensamento CFA &#8211; 4\u00aa Edi\u00e7\u00e3o<\/strong><\/p>\n<p><!--more--><\/p>\n<p><strong>DIA 22\/11<\/strong><\/p>\n<p><strong>Conex\u00e3o Cultural CFA<\/strong><\/p>\n<p><strong>\u00a0<\/strong><\/p>\n<p><strong><em>Cases de <\/em><\/strong><strong><em>A\u00e7\u00f5es solid\u00e1rias nas Artes<\/em><\/strong><\/p>\n<p>Media\u00e7\u00e3o: Alessandra Pamponet, coordenadora de M\u00fasica da Funda\u00e7\u00e3o Cultural do Estado da Bahia.<\/p>\n<p>9h &#8211; Bruna Teixeira, diretora da Maria Escombona Cultura e Desenvolvimento (Microemprendimento Criativo)<\/p>\n<p>9h30 &#8211; Daniela Amoroso, diretora do Casar\u00e3o Barabad\u00e1 (Santo Antonio)<\/p>\n<p>10h &#8211; Orlando Pinho, membro do DOMINICAOS<\/p>\n<p>10h30 &#8211; Meirejane Lima, Liu Barbosa e Douglas Rodrigues<strong>, <\/strong>membros do projeto #Dan\u00e7a em Movimento<\/p>\n<p>De 11h \u00e0s 12h30 &#8211; Conversa com o p\u00fablico<\/p>\n<p><strong>\u00a0<\/strong><\/p>\n<p><strong><em>Novos modelos de neg\u00f3cios &#8211; A\u00e7\u00f5es solid\u00e1rias nas Artes<\/em><\/strong><\/p>\n<p>Media\u00e7\u00e3o: Karla Uckonn,<strong> c<\/strong>oordenadora Geral do Centro P\u00fablico de Economia Solid\u00e1ria da Barra (CESOL).<\/p>\n<p>14h, Fernanda F\u00e9lix, membro da Tropos &#8211; Ambiente Colaborativo (Tropos Coworking&amp; Escrit\u00f3rio Virtual \/ Anexo Tropos Caf\u00e9 &amp; Cultura)<\/p>\n<p>14:30 &#8211; Thiago Carvalho -T\u00e9cnico em Gest\u00e3o Cultural, no Centro P\u00fablico de Economia Solid\u00e1ria<\/p>\n<p>15h &#8211; N\u00edvea Garcia -Financiamento Coletivo (Crowdfunding) &#8211; Consultora Kickante<\/p>\n<p>Das 15h30 \u00e0s 16:30<strong> &#8211; <\/strong>Conversa com o p\u00fablico.<\/p>\n<p><strong>\u00a0<\/strong><\/p>\n<p><strong>DIA 23\/11<\/strong><\/p>\n<p><strong><em>\u00a0<\/em><\/strong><\/p>\n<p>10h &#8211; <strong><em>Se a can\u00e7\u00e3o mudasse tudo<\/em><\/strong><\/p>\n<p>Com Manuela Rodrigues<\/p>\n<p>14h30 &#8211; <strong><em>UPB \u2013 Princ\u00edpios; processo e pr\u00e1tica<\/em><\/strong><\/p>\n<p>Com Letieres Leite, professores e alunos do CFA<\/p>\n<p>&nbsp;<\/p>\n<p><strong>DIA 24\/11<\/strong><\/p>\n<p>&nbsp;<\/p>\n<p>9h &#8211;<strong><em>A cartilha do samba chula<\/em><\/strong><\/p>\n<p>Com KatharinaDoring<\/p>\n<p>14h30 &#8211; <strong><em>Saberes pedag\u00f3gicos e saber sens\u00edvel na forma\u00e7\u00e3o de educadores musicais<\/em><\/strong><em><br \/>\n<\/em>Com Cristina D&#8217;\u00c1vila<\/p>\n<p><strong>Servi\u00e7o:<\/strong><br \/>\nIV Semana do Pensamento<br \/>\n<strong>Quando<\/strong>: de 22 a 24<br \/>\n<strong>Onde<\/strong>: CFA (Rua do Bispo, 29, Pelourinho)<br \/>\n<strong>Ingresso<\/strong>: Gratuito<\/p>\n","protected":false},"excerpt":{"rendered":"<p>Programa gratuito inclui a segunda edi\u00e7\u00e3o do Conex\u00e3o Cultural CFA. Debates, palestras e workshops acontecem de 22 a 24\/11 Workshops, debates, palestras, pocket shows de alunos e educadores e participa\u00e7\u00f5es de convidados fazem parte da\u00a0IV Semana do Pensamento\u00a0CFA, que acontecer\u00e1 entre 22 e 24 de novembro (ter\u00e7a a quinta-feira), no Centro de Forma\u00e7\u00e3o em Artes [&hellip;]<\/p>\n","protected":false},"author":2,"featured_media":0,"comment_status":"open","ping_status":"open","sticky":false,"template":"","format":"standard","meta":{"_links_to":"","_links_to_target":""},"categories":[5,29],"tags":[],"_links":{"self":[{"href":"https:\/\/www.r2cpress.com.br\/v1\/wp-json\/wp\/v2\/posts\/104658"}],"collection":[{"href":"https:\/\/www.r2cpress.com.br\/v1\/wp-json\/wp\/v2\/posts"}],"about":[{"href":"https:\/\/www.r2cpress.com.br\/v1\/wp-json\/wp\/v2\/types\/post"}],"author":[{"embeddable":true,"href":"https:\/\/www.r2cpress.com.br\/v1\/wp-json\/wp\/v2\/users\/2"}],"replies":[{"embeddable":true,"href":"https:\/\/www.r2cpress.com.br\/v1\/wp-json\/wp\/v2\/comments?post=104658"}],"version-history":[{"count":2,"href":"https:\/\/www.r2cpress.com.br\/v1\/wp-json\/wp\/v2\/posts\/104658\/revisions"}],"predecessor-version":[{"id":104660,"href":"https:\/\/www.r2cpress.com.br\/v1\/wp-json\/wp\/v2\/posts\/104658\/revisions\/104660"}],"wp:attachment":[{"href":"https:\/\/www.r2cpress.com.br\/v1\/wp-json\/wp\/v2\/media?parent=104658"}],"wp:term":[{"taxonomy":"category","embeddable":true,"href":"https:\/\/www.r2cpress.com.br\/v1\/wp-json\/wp\/v2\/categories?post=104658"},{"taxonomy":"post_tag","embeddable":true,"href":"https:\/\/www.r2cpress.com.br\/v1\/wp-json\/wp\/v2\/tags?post=104658"}],"curies":[{"name":"wp","href":"https:\/\/api.w.org\/{rel}","templated":true}]}}