{"id":104702,"date":"2016-11-18T21:30:26","date_gmt":"2016-11-19T00:30:26","guid":{"rendered":"http:\/\/www.r2cpress.com.br\/v1\/?p=104702"},"modified":"2016-11-18T21:30:26","modified_gmt":"2016-11-19T00:30:26","slug":"camara-aprova-politica-de-valorizacao-do-cacau-brasileiro","status":"publish","type":"post","link":"https:\/\/www.r2cpress.com.br\/v1\/2016\/11\/18\/camara-aprova-politica-de-valorizacao-do-cacau-brasileiro\/","title":{"rendered":"C\u00e2mara aprova pol\u00edtica de valoriza\u00e7\u00e3o do cacau brasileiro"},"content":{"rendered":"<div id=\"tituloNoticia\">\n<p>A Comiss\u00e3o de Constitui\u00e7\u00e3o e Justi\u00e7a e de Cidadania (CCJ) da C\u00e2mara dos Deputados aprovou, em <span class=\"termoGlossario\">car\u00e1ter conclusivo<\/span>, a cria\u00e7\u00e3o da Pol\u00edtica Nacional de Incentivo \u00e0 Produ\u00e7\u00e3o de Cacau de Qualidade, prevista no Projeto de Lei <a href=\"http:\/\/www2.camara.leg.br\/camaranoticias\/noticias\/ECONOMIA\/499485-PROJETO-CRIA-POLITICA-DE-INCENTIVO-A-PRODUCAO-DE-CACAU-DE-QUALIDADE-SUPERIOR-NO-BRASIL.html\" target=\"_blank\">2677\/15<\/a>, do deputado Evair Vieira de Melo (PV-ES).<\/p>\n<\/div>\n<div id=\"conteudoNoticia\">\n<p>A proposta define diretrizes e instrumentos para aumentar o padr\u00e3o de qualidade do cacau nacional com est\u00edmulos \u00e0 produ\u00e7\u00e3o, \u00e0 industrializa\u00e7\u00e3o e \u00e0 comercializa\u00e7\u00e3o do produto em categoria superior. O texto, entre outras medidas, determina a abertura de linhas de cr\u00e9dito, investimentos em pesquisas e parcerias entre o poder p\u00fablico e o setor privado.<\/p>\n<p>Relator na CCJ, o deputado F\u00e9lix Mendon\u00e7a J\u00fanior (PDT-BA) considerou que o texto atende aos requisitos de constitucionalidade, da juridicidade e da t\u00e9cnica legislativa.<\/p>\n<p><strong>Tramita\u00e7\u00e3o<\/strong><br \/>\nO projeto seguir\u00e1 agora para an\u00e1lise do Senado, a menos que haja recurso para que examinado antes pelo Plen\u00e1rio da C\u00e2mara.<\/p>\n<\/div>\n<div class=\"divBlocoContinuacao\">\n<div id=\"proposicao\">\n<h4>\u00cdNTEGRA DA PROPOSTA:<\/h4>\n<ul>\n<li><a href=\"http:\/\/www.camara.gov.br\/internet\/sileg\/Prop_Detalhe.asp?id=1672107\">PL-2677\/2015<\/a><\/li>\n<\/ul>\n<\/div>\n<div id=\"creditosMateria\">Reportagem \u2013 Emanuelle Brasil<br \/>\nEdi\u00e7\u00e3o \u2013 Marcelo Oliveira<\/p>\n<div>\nA reprodu\u00e7\u00e3o das not\u00edcias \u00e9 autorizada desde que contenha a assinatura &#8216;<a title=\"Ag\u00eancia C\u00e2mara de Not\u00edticas\" href=\"http:\/\/www2.camara.leg.br\/camaranoticias\">Ag\u00eancia C\u00e2mara Not\u00edcias<\/a>&#8216;<\/p>\n<\/div>\n<\/div>\n<\/div>\n<div class=\"clear\"><\/div>\n<p>&nbsp;<\/p>\n","protected":false},"excerpt":{"rendered":"<p>A Comiss\u00e3o de Constitui\u00e7\u00e3o e Justi\u00e7a e de Cidadania (CCJ) da C\u00e2mara dos Deputados aprovou, em car\u00e1ter conclusivo, a cria\u00e7\u00e3o da Pol\u00edtica Nacional de Incentivo \u00e0 Produ\u00e7\u00e3o de Cacau de Qualidade, prevista no Projeto de Lei 2677\/15, do deputado Evair Vieira de Melo (PV-ES). A proposta define diretrizes e instrumentos para aumentar o padr\u00e3o de [&hellip;]<\/p>\n","protected":false},"author":2,"featured_media":0,"comment_status":"open","ping_status":"open","sticky":false,"template":"","format":"standard","meta":{"_links_to":"","_links_to_target":""},"categories":[3,18],"tags":[],"_links":{"self":[{"href":"https:\/\/www.r2cpress.com.br\/v1\/wp-json\/wp\/v2\/posts\/104702"}],"collection":[{"href":"https:\/\/www.r2cpress.com.br\/v1\/wp-json\/wp\/v2\/posts"}],"about":[{"href":"https:\/\/www.r2cpress.com.br\/v1\/wp-json\/wp\/v2\/types\/post"}],"author":[{"embeddable":true,"href":"https:\/\/www.r2cpress.com.br\/v1\/wp-json\/wp\/v2\/users\/2"}],"replies":[{"embeddable":true,"href":"https:\/\/www.r2cpress.com.br\/v1\/wp-json\/wp\/v2\/comments?post=104702"}],"version-history":[{"count":1,"href":"https:\/\/www.r2cpress.com.br\/v1\/wp-json\/wp\/v2\/posts\/104702\/revisions"}],"predecessor-version":[{"id":104703,"href":"https:\/\/www.r2cpress.com.br\/v1\/wp-json\/wp\/v2\/posts\/104702\/revisions\/104703"}],"wp:attachment":[{"href":"https:\/\/www.r2cpress.com.br\/v1\/wp-json\/wp\/v2\/media?parent=104702"}],"wp:term":[{"taxonomy":"category","embeddable":true,"href":"https:\/\/www.r2cpress.com.br\/v1\/wp-json\/wp\/v2\/categories?post=104702"},{"taxonomy":"post_tag","embeddable":true,"href":"https:\/\/www.r2cpress.com.br\/v1\/wp-json\/wp\/v2\/tags?post=104702"}],"curies":[{"name":"wp","href":"https:\/\/api.w.org\/{rel}","templated":true}]}}