{"id":104748,"date":"2016-11-21T18:21:32","date_gmt":"2016-11-21T21:21:32","guid":{"rendered":"http:\/\/www.r2cpress.com.br\/v1\/?p=104748"},"modified":"2016-11-21T18:21:32","modified_gmt":"2016-11-21T21:21:32","slug":"algumas-do-dia-5","status":"publish","type":"post","link":"https:\/\/www.r2cpress.com.br\/v1\/2016\/11\/21\/algumas-do-dia-5\/","title":{"rendered":"Algumas do dia"},"content":{"rendered":"<h2 align=\"center\"><span style=\"color: #000000;\">Temer defende reformas para Brasil voltar a crescer<\/span><\/h2>\n<p>Durante a primeira reuni\u00e3o do Conselho de Desenvolvimento Econ\u00f4mico e Social (CDES), o Conselh\u00e3o, o presidente da Rep\u00fablica, Michel Temer, defendeu as reformas fiscais e da previd\u00eancia. Temer explicou que essas medidas s\u00e3o importantes para o Pa\u00eds superar a recess\u00e3o, crescer e voltar a gerar empregos. &#8220;Se n\u00f3s prosseguirmos no ritmo (de gastos) que v\u00ednhamos, em 2024 ter\u00edamos que fechar as portas do Brasil para balan\u00e7o&#8221;, afirmou o presidente. Segundo ele, a d\u00edvida bruta ultrapassaria ou empataria com o PIB. &#8220;N\u00e3o ter\u00edamos mais como gastar um centavo sequer&#8221;, observou. Ele ainda ponderou que a previd\u00eancia tamb\u00e9m faz parte desse cen\u00e1rio e que a reforma que ser\u00e1 proposta pelo governo respeitar\u00e1 o direito adquirido e se pautar\u00e1 pelo princ\u00edpio da equidade. &#8220;N\u00f3s vamos tratar de obedecer o direito adquirido e vamos tratar todos com igualdade. Esta \u00e9 uma determina\u00e7\u00e3o da Constitui\u00e7\u00e3o&#8221;, frisou.<\/p>\n<p align=\"right\"><b><a href=\"http:\/\/www2.planalto.gov.br\/acompanhe-planalto\/noticias\/2016\/11\/temer-defende-reformas-para-brasil-voltar-a-crescer\" target=\"_blank\" rel=\"noreferrer\">LEIA MAIS<\/a><\/b><b><\/b><\/p>\n<h2 align=\"center\"><span style=\"color: #000000;\"><b>Membros do Conselh\u00e3o demonstram apoio \u00e0s medidas do governo<\/b><\/span><\/h2>\n<p>Al\u00e9m de incentivar as pautas sociais, os membros do Conselho de Desenvolvimento Econ\u00f4mico e Social tamb\u00e9m demonstraram disposi\u00e7\u00e3o para apoiar as pautas fiscais e econ\u00f4micas do governo. Durante a apresenta\u00e7\u00e3o feita na manh\u00e3 desta segunda-feira (21), a import\u00e2ncia de iniciativas como a PEC do teto dos gastos p\u00fablicos, as reformas previdenci\u00e1ria e trabalhista foram ressaltadas pelos integrantes. O presidente do Banco Ita\u00fa, Roberto Setubal, destacou que o governo do presidente Michel Temer apresentou um programa cr\u00edvel e realista para recuperar o Pa\u00eds. Ele ressaltou, no entanto, a necessidade de se realizarem as reformas para fortalecer o cen\u00e1rio econ\u00f4mico. Outra preocupa\u00e7\u00e3o dos membros do Conselh\u00e3o \u00e9 a desburocratiza\u00e7\u00e3o e a simplifica\u00e7\u00e3o do regime tribut\u00e1rio para destravar investimentos. O assunto foi levantado pelo presidente da Arko Advice, Murillo de Arag\u00e3o, e pela presidente do Magazine Luiza, Luiza Helena Trajano.<\/p>\n<p align=\"right\"><b><a href=\"http:\/\/www2.planalto.gov.br\/acompanhe-planalto\/noticias\/2016\/11\/membros-do-conselhao-demonstram-apoio-as-medidas-do-governo\" target=\"_blank\" rel=\"noreferrer\">LEIA MAIS<\/a><\/b><b><\/b><\/p>\n<h2 align=\"center\"><span style=\"color: #000000;\">Abono salarial ano-base 2015 come\u00e7a a ser pago nesta segunda (21)<\/span><\/h2>\n<p>A partir desta segunda-feira (21), o Minist\u00e9rio do Trabalho libera o pagamento do Abono Salarial do PIS\/ Pasep ano-base 2015 para os trabalhadores nascidos no m\u00eas de novembro. Tamb\u00e9m a partir desta data, o benef\u00edcio estar\u00e1 dispon\u00edvel para os servidores p\u00fablicos com final da inscri\u00e7\u00e3o 4. O recurso fica dispon\u00edvel para saque at\u00e9 30 de junho de 2017. Entretanto, os benefici\u00e1rios devem seguir o calend\u00e1rio de saques programado para o PIS\/Pasep para evitar tumultos nas ag\u00eancias banc\u00e1rias. Tem direito ao abono ano-base 2015 quem trabalhou com carteira assinada por pelo menos um m\u00eas no ano passado e teve remunera\u00e7\u00e3o m\u00e9dia de at\u00e9 dois sal\u00e1rios-m\u00ednimos. Al\u00e9m disso, o trabalhador deve estar inscrito no PIS\/Pasep h\u00e1 pelo menos cinco anos e o empregador precisa ter informado seus dados corretamente na Rela\u00e7\u00e3o Anual de Informa\u00e7\u00e3o Social (Rais).<\/p>\n<p align=\"right\"><b><a href=\"http:\/\/www.brasil.gov.br\/economia-e-emprego\/2016\/11\/abono-salarial-ano-base-2015-comeca-a-ser-pago-nesta-segunda-21\" target=\"_blank\" rel=\"noreferrer\">LEIA MAIS<\/a><\/b><b><\/b><\/p>\n<h2 align=\"center\"><span style=\"color: #000000;\"><b>\u00a0Banco Central: proje\u00e7\u00e3o de infla\u00e7\u00e3o cai para 6,8% em 2016<\/b><\/span><\/h2>\n<p>A estimativa de infla\u00e7\u00e3o, medida pelo \u00cdndice Nacional de Pre\u00e7os ao Consumidor Amplo (IPCA), caiu de 6,84% para 6,80%, de acordo com a pesquisa Focus, divulgada \u00e0s segundas-feiras pelo BC. \u00c9 a segunda vez seguida que as institui\u00e7\u00f5es financeiras consultadas pelo Banco Central reduziram a proje\u00e7\u00e3o inflacion\u00e1ria. Para 2017, a estimativa foi mantida em 4,93%. As proje\u00e7\u00f5es ultrapassam o centro da meta, que \u00e9 4,5%. O teto da meta \u00e9 6,5% este ano e 6% em 2017. A proje\u00e7\u00e3o de institui\u00e7\u00f5es financeiras para a queda da economia (Produto Interno Bruto \u2013 PIB), este ano, foi ajustada de 3,37% para 3,40%. Para 2017, a expectativa de crescimento foi alterada de 1,13% para 1%. A expectativa para a taxa b\u00e1sica de juros, a Selic, permanece em 13,75%, ao final deste ano, e em 10,75% ao ano, no fim de 2017.<\/p>\n<p align=\"right\"><b><a href=\"http:\/\/www.brasil.gov.br\/economia-e-emprego\/2016\/11\/banco-central-projecao-de-inflacao-cai-para-6-8-em-2016\" target=\"_blank\" rel=\"noreferrer\">LEIA MAIS<\/a><\/b><b><\/b><\/p>\n<p>&nbsp;<\/p>\n","protected":false},"excerpt":{"rendered":"<p>Temer defende reformas para Brasil voltar a crescer Durante a primeira reuni\u00e3o do Conselho de Desenvolvimento Econ\u00f4mico e Social (CDES), o Conselh\u00e3o, o presidente da Rep\u00fablica, Michel Temer, defendeu as reformas fiscais e da previd\u00eancia. Temer explicou que essas medidas s\u00e3o importantes para o Pa\u00eds superar a recess\u00e3o, crescer e voltar a gerar empregos. &#8220;Se [&hellip;]<\/p>\n","protected":false},"author":2,"featured_media":0,"comment_status":"open","ping_status":"open","sticky":false,"template":"","format":"standard","meta":{"_links_to":"","_links_to_target":""},"categories":[13,18],"tags":[],"_links":{"self":[{"href":"https:\/\/www.r2cpress.com.br\/v1\/wp-json\/wp\/v2\/posts\/104748"}],"collection":[{"href":"https:\/\/www.r2cpress.com.br\/v1\/wp-json\/wp\/v2\/posts"}],"about":[{"href":"https:\/\/www.r2cpress.com.br\/v1\/wp-json\/wp\/v2\/types\/post"}],"author":[{"embeddable":true,"href":"https:\/\/www.r2cpress.com.br\/v1\/wp-json\/wp\/v2\/users\/2"}],"replies":[{"embeddable":true,"href":"https:\/\/www.r2cpress.com.br\/v1\/wp-json\/wp\/v2\/comments?post=104748"}],"version-history":[{"count":1,"href":"https:\/\/www.r2cpress.com.br\/v1\/wp-json\/wp\/v2\/posts\/104748\/revisions"}],"predecessor-version":[{"id":104749,"href":"https:\/\/www.r2cpress.com.br\/v1\/wp-json\/wp\/v2\/posts\/104748\/revisions\/104749"}],"wp:attachment":[{"href":"https:\/\/www.r2cpress.com.br\/v1\/wp-json\/wp\/v2\/media?parent=104748"}],"wp:term":[{"taxonomy":"category","embeddable":true,"href":"https:\/\/www.r2cpress.com.br\/v1\/wp-json\/wp\/v2\/categories?post=104748"},{"taxonomy":"post_tag","embeddable":true,"href":"https:\/\/www.r2cpress.com.br\/v1\/wp-json\/wp\/v2\/tags?post=104748"}],"curies":[{"name":"wp","href":"https:\/\/api.w.org\/{rel}","templated":true}]}}