{"id":10475,"date":"2011-03-13T22:32:50","date_gmt":"2011-03-14T01:32:50","guid":{"rendered":"http:\/\/www.r2cpress.com.br\/v1\/?p=10475"},"modified":"2011-03-13T22:32:50","modified_gmt":"2011-03-14T01:32:50","slug":"opiniao-economica-nao-e-o-dinheiro-estupido","status":"publish","type":"post","link":"https:\/\/www.r2cpress.com.br\/v1\/2011\/03\/13\/opiniao-economica-nao-e-o-dinheiro-estupido\/","title":{"rendered":"Opini\u00e3o Econ\u00f4mica &#8211; N\u00e3o \u00e9 o dinheiro, est\u00fapido"},"content":{"rendered":"<p>Olha Brimo.<br \/>\nQue primoroso editorial do Nizan Guanaes.<br \/>\nParece que foi escrito pra nossos pol\u00edticos citadinos de Ilh\u00e9us e os seus servi\u00e7ais em todos os escal\u00f5es.<br \/>\nMehmed<br \/>\n&#8212;<\/p>\n<p><div id=\"attachment_10476\" style=\"width: 246px\" class=\"wp-caption alignleft\"><a href=\"http:\/\/www.r2cpress.com.br\/v1\/wp-content\/uploads\/Nizan-Guanaes.jpg\"><img aria-describedby=\"caption-attachment-10476\" loading=\"lazy\" src=\"http:\/\/www.r2cpress.com.br\/v1\/wp-content\/uploads\/Nizan-Guanaes-236x300.jpg\" alt=\"\" title=\"Nizan Guanaes\" width=\"236\" height=\"300\" class=\"size-medium wp-image-10476\" srcset=\"https:\/\/www.r2cpress.com.br\/v1\/wp-content\/uploads\/Nizan-Guanaes-236x300.jpg 236w, https:\/\/www.r2cpress.com.br\/v1\/wp-content\/uploads\/Nizan-Guanaes.jpg 295w\" sizes=\"(max-width: 236px) 100vw, 236px\" \/><\/a><p id=\"caption-attachment-10476\" class=\"wp-caption-text\">Nizan Guanaes<\/p><\/div>Sou, com frequ\u00eancia, chamado a fazer palestras para turmas de formandos. Orgulha-me poder orientar jovens em seus primeiros passos profissionais. H\u00e1 uma palestra que alguns podem conhecer j\u00e1 pela web, mas queria compartilhar seus fundamentos com os leitores da coluna.<\/p>\n<p>Sempre digo que a atitude quente \u00e9 muito mais importante do que o conhecimento frio. Acumular conhecimento \u00e9 nobre e necess\u00e1rio, mas sem atitude, sem personalidade, voc\u00ea, no fundo, n\u00e3o ser\u00e1 muito diferente daquele personagem de Charles Chaplin apertando parafusos numa planta industrial do s\u00e9culo passado.<\/p>\n<p>\u00c9 preciso, antes de tudo, se envolver com o trabalho, amar o seu of\u00edcio com todo o cora\u00e7\u00e3o. N\u00e3o paute sua vida nem sua carreira pelo dinheiro. Seja fascinado pelo realizar, que o dinheiro vir\u00e1 como consequ\u00eancia.<br \/>\nQuem pensa s\u00f3 em dinheiro n\u00e3o consegue sequer ser um grande bandido ou um grande canalha. Napole\u00e3o n\u00e3o conquistou a Europa por dinheiro. Michelangelo n\u00e3o passou 16 anos pintando a Capela Sistina por dinheiro.<\/p>\n<p>E, geralmente, os que s\u00f3 pensam nele n\u00e3o o ganham. Porque s\u00e3o incapazes de sonhar. Tudo o que fica pronto na vida foi antes constru\u00eddo na alma.<\/p>\n<p><!--more--><\/p>\n<p>A prop\u00f3sito, lembro-me de um di\u00e1logo extraordin\u00e1rio entre uma freira americana cuidando de leprosos no Pac\u00edfico e um milion\u00e1rio texano. O milion\u00e1rio, vendo-a tratar dos leprosos, diz: &#8220;Freira, eu n\u00e3o faria isso por dinheiro nenhum no mundo&#8221;. E ela responde: \u2018Eu tamb\u00e9m n\u00e3o, meu filho&#8217;.<\/p>\n<p>N\u00e3o estou fazendo com isso nenhuma apologia \u00e0 pobreza, muito pelo contr\u00e1rio. Digo apenas que pensar e realizar t\u00eam trazido mais fortuna do que pensar em fortuna.<\/p>\n<p>Meu segundo conselho: pense no seu pa\u00eds. Porque, principalmente hoje, pensar em todos \u00e9 a melhor maneira de pensar em si. Era muito dif\u00edcil viver numa na\u00e7\u00e3o onde a maioria morria de fome e a minoria morria de medo. Hoje o pa\u00eds oferece oportunidades a todos.<\/p>\n<p>A estabilidade econ\u00f4mica e a democracia mostraram o \u00f3bvio: que ricos e pobres v\u00e3o enriquecer juntos no Brasil. A inclus\u00e3o \u00e9 nosso \u00fanico caminho.<\/p>\n<p>Meu terceiro conselho vem diretamente da B\u00edblia: Seja quente ou seja frio, n\u00e3o seja morno que eu vomito. \u00c9 exatamente isso que est\u00e1 escrito na carta de Laodiceia. \u00c9 prefer\u00edvel o erro \u00e0 omiss\u00e3o; o fracasso ao t\u00e9dio; o esc\u00e2ndalo ao vazio. Porque j\u00e1 li livros e vi filmes sobre a tristeza, a trag\u00e9dia, o fracasso. Mas ningu\u00e9m narra o \u00f3cio, a acomoda\u00e7\u00e3o, o n\u00e3o fazer, o remanso (ou narra e fica muito chato!).<\/p>\n<p>Colabore com seu bi\u00f3grafo: fa\u00e7a, erre, tente, falhe, lute. Mas, por favor, n\u00e3o jogue fora, se acomodando, a extraordin\u00e1ria oportunidade de ter vivido. Tenho consci\u00eancia de que cada homem foi feito para fazer hist\u00f3ria. Que todo homem \u00e9 um milagre e traz em si uma evolu\u00e7\u00e3o. Que \u00e9 mais do que sexo ou dinheiro.<\/p>\n<p>Voc\u00ea foi criado para construir pir\u00e2mides e versos, descobrir continentes e mundos, caminhando sempre com um saco de interroga\u00e7\u00f5es numa m\u00e3o e uma caixa de possibilidades na outra.<\/p>\n<p>N\u00e3o d\u00ea f\u00e9rias para os seus p\u00e9s. N\u00e3o se sente e passe a ser analista da vida alheia, espectador do mundo, comentarista do cotidiano, dessas pessoas que vivem a dizer: \u2018Eu n\u00e3o disse? Eu sabia!&#8217;.<\/p>\n<p>Toda fam\u00edlia tem um tio batalhador e bem de vida que, durante o almo\u00e7o de domingo, tem de aguentar aquele outro tio muito inteligente e fracassado contar tudo o que faria, apenas se fizesse alguma coisa.<\/p>\n<p>Chega dos poetas n\u00e3o publicados, de empres\u00e1rios de mesa de bar, de pessoas que fazem coisas fant\u00e1sticas toda sexta \u00e0 noite, todo s\u00e1bado e todo domingo, mas que na segunda-feira n\u00e3o sabem concretizar o que falam. Porque n\u00e3o sabem ansiar, n\u00e3o sabem perder a pose, n\u00e3o sabem recome\u00e7ar. Porque n\u00e3o sabem trabalhar.<\/p>\n<p>S\u00f3 o trabalho lhe leva a conhecer pessoas e mundos que os acomodados n\u00e3o conhecer\u00e3o. E isso se chama \u2018sucesso&#8217;. Seja sempre voc\u00ea mesmo, mas n\u00e3o seja sempre o mesmo.<\/p>\n<p>T\u00e3o importante quanto inventar-se \u00e9 reinventar-se. Eu era gordo, fiquei magro. Era criativo, virei empreendedor. Era baiano, virei tamb\u00e9m carioca, paulista, nova-iorquino, global. Mas o mundo s\u00f3 vai querer ouvir voc\u00ea se voc\u00ea falar alguma coisa para ele.<\/p>\n<p>O que voc\u00ea tem a dizer para o mundo?<\/p>\n<p>&#8212;<br \/>\nNizan Guanaes<br \/>\nPublicit\u00e1rio e presidente do Grupo ABC<\/p>\n","protected":false},"excerpt":{"rendered":"<p>Olha Brimo. Que primoroso editorial do Nizan Guanaes. Parece que foi escrito pra nossos pol\u00edticos citadinos de Ilh\u00e9us e os seus servi\u00e7ais em todos os escal\u00f5es. Mehmed &#8212; Sou, com frequ\u00eancia, chamado a fazer palestras para turmas de formandos. Orgulha-me poder orientar jovens em seus primeiros passos profissionais. H\u00e1 uma palestra que alguns podem conhecer [&hellip;]<\/p>\n","protected":false},"author":2,"featured_media":0,"comment_status":"open","ping_status":"open","sticky":false,"template":"","format":"standard","meta":{"_links_to":"","_links_to_target":""},"categories":[12],"tags":[],"_links":{"self":[{"href":"https:\/\/www.r2cpress.com.br\/v1\/wp-json\/wp\/v2\/posts\/10475"}],"collection":[{"href":"https:\/\/www.r2cpress.com.br\/v1\/wp-json\/wp\/v2\/posts"}],"about":[{"href":"https:\/\/www.r2cpress.com.br\/v1\/wp-json\/wp\/v2\/types\/post"}],"author":[{"embeddable":true,"href":"https:\/\/www.r2cpress.com.br\/v1\/wp-json\/wp\/v2\/users\/2"}],"replies":[{"embeddable":true,"href":"https:\/\/www.r2cpress.com.br\/v1\/wp-json\/wp\/v2\/comments?post=10475"}],"version-history":[{"count":3,"href":"https:\/\/www.r2cpress.com.br\/v1\/wp-json\/wp\/v2\/posts\/10475\/revisions"}],"predecessor-version":[{"id":10479,"href":"https:\/\/www.r2cpress.com.br\/v1\/wp-json\/wp\/v2\/posts\/10475\/revisions\/10479"}],"wp:attachment":[{"href":"https:\/\/www.r2cpress.com.br\/v1\/wp-json\/wp\/v2\/media?parent=10475"}],"wp:term":[{"taxonomy":"category","embeddable":true,"href":"https:\/\/www.r2cpress.com.br\/v1\/wp-json\/wp\/v2\/categories?post=10475"},{"taxonomy":"post_tag","embeddable":true,"href":"https:\/\/www.r2cpress.com.br\/v1\/wp-json\/wp\/v2\/tags?post=10475"}],"curies":[{"name":"wp","href":"https:\/\/api.w.org\/{rel}","templated":true}]}}