{"id":104754,"date":"2016-11-21T19:10:59","date_gmt":"2016-11-21T22:10:59","guid":{"rendered":"http:\/\/www.r2cpress.com.br\/v1\/?p=104754"},"modified":"2016-11-21T19:10:59","modified_gmt":"2016-11-21T22:10:59","slug":"6o-desafio-dos-calangos-vitoria-da-conquista","status":"publish","type":"post","link":"https:\/\/www.r2cpress.com.br\/v1\/2016\/11\/21\/6o-desafio-dos-calangos-vitoria-da-conquista\/","title":{"rendered":"6\u00ba DESAFIO DOS CALANGOS &#8211; VIT\u00d3RIA DA CONQUISTA"},"content":{"rendered":"<div>Neste \u00faltimo domingo (20\/11) aconteceu o 6\u00ba Desafio dos Calangos em Vit\u00f3ria da Conquista e a equipe de mountain bike MT Brutos representou os atletas de Ilh\u00e9us com 11 competidores em diversas categorias (dupla sport, turismo B, turismo C e nelore).<\/div>\n<div><\/div>\n<div>Um \u00f3timo desafio para testar os limites de supera\u00e7\u00e3o, que come\u00e7ou no dia anterior com a palestra do &#8220;atleta da brutalidade&#8221; Brou Bruto Drews. Sem fingimento, a prova aconteceu debaixo de chuva e muito frio, no percurso de 50 km de trilhas onde os atletas enfrentaram muita lama, passaram por dentro de c\u00f3rregos, por cima de pedras e subidas de tirar o f\u00f4lego. Os atletas de Ilh\u00e9us enfrentaram o desafio e todos completaram a prova, sem p\u00f3dio infelizmente, mas com o esp\u00edrito de supera\u00e7\u00e3o l\u00e1 no alto.<\/div>\n<div><\/div>\n<div>O grupo MT Brutos formado por cerca de 60 atletas amadores de Ilh\u00e9us, dos quais 11 foram para o Desafio dos Calangos, \u00e9 um grupo diverso que levou para a prova desde o estudante Jo\u00e3o Gabriel de 16 anos ao advogado J\u00falio Gomes de 51 anos, que testaram na competi\u00e7\u00e3o o limite pessoal de cada um. Esse \u00e9 uma dos objetivos do grupo, que come\u00e7ou a 2 anos atr\u00e1s, e a cada dia mais vem crescendo e representando a cidade de Ilh\u00e9us nas competi\u00e7\u00f5es de mountain bike da regi\u00e3o. O grupo conta com o patroc\u00ednio de empresas da cidade como a Pr\u00f3-Bike, Mundo Duas Rodas, Chocolates Amado Cacau, Tapiocaria Mary &amp; Guigui, Fabr\u00edcio Comunica\u00e7\u00e3o Visual e o apoio dos grupos Galera do Pedal, Pedal Bom (Itabuna), Associa\u00e7\u00e3o Ilheense de Ciclismo &#8211; AIC e amigos.<\/div>\n<div>\n<div style=\"width: 610px\" class=\"wp-caption aligncenter\"><img loading=\"lazy\" class=\"\" src=\"https:\/\/lh3.googleusercontent.com\/RTXPUXnlPp9zgDHUoDmduRHfmZEP-fOXaX7SijEJ1mHM6zu4jRNvGc-cE7Jme6ytWSxmKPEVbugYp3wXNgfVEN4Eoiiy4yDt4_AF76zfuQautTpUAYNoHJuHkJxpzzz8zfMB9TBPkIZSz-yTJ8I5Hgope4Fy8Vd1zHkW_9gOemlnWNgTJ9SlLhAT7uvAPVsQBwoAvpws4DAIYZ_0tKC1W7CoWOAm_auSzbsZWWBqixY9JYvBR3R0PbQp8jaAfUZPB8XxGqhP-kkHvXB7QUuYhPtk4pn9-VFbohOp6jh_FoH1Gt82BXTKA20GnCOyx61VsBPqaTPYI7QK4Z4i9JK8A_scHdiSlLuU-gSzor6hzky8dgDBgSpjWTGH_cG1Llo0_HvSa8BreX-UdTKufhY-jtm_68Ems5pzQeIYxzyP30C1WBtDRGI_axErbiegekOcCj2tShlQJAa7nZMNmnnmEGabhfpf4CuVh6zoP2JBUuma1Zotoa59SLR4OZEhnhRSjC9UHRHbuaoCTfhX1bDQcBQDHzJeRP-PcpgUqCJW3SRzGh82IQ176sPVmYcq6tGUozqlMcyW6JvSTi8alHpYuKC-bYjCyu07YBwADIiolWJgV-m4sw=w513-h342-no\" alt=\"\" width=\"600\" height=\"400\" \/><p class=\"wp-caption-text\">01<\/p><\/div>\n<div style=\"width: 610px\" class=\"wp-caption aligncenter\"><img loading=\"lazy\" class=\"\" src=\"https:\/\/lh3.googleusercontent.com\/X3vWGbPtWYDXsOW_O1kXwmM6sTCRorMN3XiCWGAFwMTkj_4rfp3ti2ZIretTsh5IrZjkrqRjN8kW4jyfun-UFmSEj6pT6zeUHBctIlG5O_MiH629ikXkf40wLDvDgRj9doVCUnI1eTPvHMX9P_JYg3I0L5Ul8zECPI7Bl6jaKbdF0WUton6zHW8xKTlxBk8ouhQSwoAHLZ4iNpPFV3yWGJYW19ra23awu8rdDvVgR_Z6WcEVDIG1sGVTfvfhdS5VS6Y0wcs8jYHLobz-tjW5ZBDZBo2TxKett4p5cR6Htk4CbgaKIr2QI70k6569skzNXQKMBkTCGfJ6kWzxhxXJDXJz0lGkd5sDmX6y7-EkUEvgoDtqsQZZudINxglbYhbir3v3zYgp9BAQ6yaGRigUo8-XeWj2XhuCQ9uvOsToPGN7un23GBfmNFWzi3609q_6tpsHPKFudF1c8YIRJHjTgNlb5X5pt9l5-GEdjr_jaILEQkxm_KTTL7vNZu095wpXLRMvSZ_efF7RP8pIPj0tLyfblWlaQ2aPHJgus-gOxjMeFlwTbDzQJGAgzCkYFK6sMn9NvyI3ZxrduEGMfhddDjWinFp-KEZL-84BzsatJ4EJHcqvwg=w600-h450-no\" alt=\"\" width=\"600\" height=\"450\" \/><p class=\"wp-caption-text\">02<\/p><\/div>\n<div style=\"width: 610px\" class=\"wp-caption aligncenter\"><img loading=\"lazy\" class=\"\" src=\"https:\/\/lh3.googleusercontent.com\/u0P9Xn16S_sg-3jEPDutNPjIZ2RFP29DV6oQQgDJiEu1YYoDX98JjbBnQD5a_5yeAnErIPNqEZkWI9F1fqFt624iKH6Pl0VgqMVsJeqxpvni9Ltty4xUlCNcWjBkSKxHKbIStKD96AEDYh4mL0F9Wi0ULRc1wo4A5G8kGWilMvRCj54ShgrSF55V12uwZzQGko_-gjaBTxWKUdCw8mtC5nv8F2VwCWslIfH12goRRoZHKb5tncPXtUGOwt2kLju5ZBCgq_a4eTYvoJHVAgI5dS2llTAk3_AYmVgzrU1Aadwfa10V5t5XhiQ77ZbBGBD3FoyYiYwmsDsJ7n4RSO4n9Noylh9BaEKzXqfLOxnJ0hDWY6ME-SwylKngbBoF9b4ud7A4qd6pgmCgh5dhgq_zarmQ11ekkmUrJjllLtHSEfKRHXG3aqNRF5HBIl_jCpwjFyZZgs3uwasq5IegjdrOCveSGTlo1KRh-z8X4Q0sFO4JTYOrOfM-4U6cPSeM6z8ve1yF2ufEMOLuWdxIwmFx7pkx0HDk6HaFad5dYTdH68qxzfffybq4HER1GLOASaflqnRVsMZ876P3k4G9faYnzGEQoTRNePDVzaMYwVmojJ3XDQZebQ=w600-h400-no\" alt=\"\" width=\"600\" height=\"400\" \/><p class=\"wp-caption-text\">03<\/p><\/div>\n<div style=\"width: 610px\" class=\"wp-caption aligncenter\"><img loading=\"lazy\" class=\"\" src=\"https:\/\/lh3.googleusercontent.com\/8GNmzuG937UAWA0UJHdfxvwiEd5ijdpqKyMyHmxztBWG25XkYhcieYLxqIjMc0vFIXMw8G-RKz7CFIDbyMnWSJ68L2OojF2NffYg4wlU50Gp5SFNenbvSrg7JQecJyvZq4Zp6s6iH1wxGemlxfPhy-TzP1OXI_MO6Y4FhAIlv9jGxNHMwS03MGHtLIAHx-RHPa76ahVmMR_xB9JuMBqEHGavQMMMpkKovVqDn1DsS2coKPE15IsA82TzPdj-9BX8uJuMAcbN2u1c4_UX6g-FWtO8NR4_QNvcde21BsMhA59U-15xD3HOtpQCR1plQ3dTZO2hyDYEwMODUzFxv46VMjbGf06UkSMKHQtqvETDayqQShnTGWC8axoZLVmpZw5QUOouSD6v8nTLDf7_B82RvMh2QTB-WWHcI493xoPhI2B3yztOLsBDZ9LlAtNm1_qk6PzhXnCjy0RHf_rOCui1SeJ4KGYQLTYH88_Q7IZuuh4eSh8rouyy15nqHTldaL4RUc7HxfPSpJ8UxKe5WXTyy9Q5cC6wMgM9kmvwGDb4Gg4hwigvcpStc-UUQLD_a4WyRx7pwusnyXvPvgORjSqSWo5VdT7AhuOkljT8FcbKbE7sb40j8Q=w600-h400-no\" alt=\"\" width=\"600\" height=\"400\" \/><p class=\"wp-caption-text\">04<\/p><\/div>\n<div style=\"width: 610px\" class=\"wp-caption aligncenter\"><img loading=\"lazy\" class=\"\" src=\"https:\/\/lh3.googleusercontent.com\/2M1AIL1I6FlFdl1NVptILF8TLJgvqtcCnJRPkWfEvMnxRJANgcBfaXRoDXTQJNvYn1wRpMLP0iiAH1QxoZ0eKf1lc9eZzve_T48QccCpOBoIp80VwJQ_bDLRcmdnrT3Y2_mK8uKeC7f7-b9js09DPyoA12pgbxfuiDnSKiady4xfswTrm9kZZHDjm3oOQsnUKE79818aWg8m-1k9ZIpe3QbJYMB7ToeB07HP13kw4_hr6UtSkhwmB8496adV4gWu6dUCykRvMZY16eHH8BXfstmAdUKu9xvJ-9J2-Sa7VXS-20vHCOoFuo5JT-hFGDRc_wL7_wJSuA37yVszQKkcVfLMfM3MYcZ8uXMWgptgq37DxagFzvvS5VdAYeHIcqYi_TKdvLJ6t_Zo_GklANkWGrYY4WqCMA9kKcr-rvlzlwtyeWf7Qh1Jq6h1I0lni7hfL0K9kaUzOzeDhH-XoqtmroCtcupWgsjAp9EowkX3PPiPdWBFdW_5LwioQltLwGju2zkSzlyP0AOdWj4UTS5BzgRkHy7FR1xUof8KlaFBAwEd7_I8PmVDPNhhJ5vX7TbIr_rBQzzyS78Tu2E4hcNltgxjsj-e3RqTOAxqE-iSJwClxGH6ww=w600-h400-no\" alt=\"\" width=\"600\" height=\"400\" \/><p class=\"wp-caption-text\">05<\/p><\/div>\n<\/div>\n<div>Com esta prova o grupo encerra o ano de competi\u00e7\u00f5es e ir\u00e1 se organizar para o calend\u00e1rio de 2017 do mountain bike.<\/div>\n<div>Parab\u00e9ns MT Brutos!!<\/div>\n<div>&#8212;<\/div>\n<div>\n<p><em>Maelson Souza<\/em><\/p>\n<\/div>\n<p>&nbsp;<\/p>\n","protected":false},"excerpt":{"rendered":"<p>Neste \u00faltimo domingo (20\/11) aconteceu o 6\u00ba Desafio dos Calangos em Vit\u00f3ria da Conquista e a equipe de mountain bike MT Brutos representou os atletas de Ilh\u00e9us com 11 competidores em diversas categorias (dupla sport, turismo B, turismo C e nelore). Um \u00f3timo desafio para testar os limites de supera\u00e7\u00e3o, que come\u00e7ou no dia anterior [&hellip;]<\/p>\n","protected":false},"author":2,"featured_media":0,"comment_status":"open","ping_status":"open","sticky":false,"template":"","format":"standard","meta":{"_links_to":"","_links_to_target":""},"categories":[10,11],"tags":[],"_links":{"self":[{"href":"https:\/\/www.r2cpress.com.br\/v1\/wp-json\/wp\/v2\/posts\/104754"}],"collection":[{"href":"https:\/\/www.r2cpress.com.br\/v1\/wp-json\/wp\/v2\/posts"}],"about":[{"href":"https:\/\/www.r2cpress.com.br\/v1\/wp-json\/wp\/v2\/types\/post"}],"author":[{"embeddable":true,"href":"https:\/\/www.r2cpress.com.br\/v1\/wp-json\/wp\/v2\/users\/2"}],"replies":[{"embeddable":true,"href":"https:\/\/www.r2cpress.com.br\/v1\/wp-json\/wp\/v2\/comments?post=104754"}],"version-history":[{"count":1,"href":"https:\/\/www.r2cpress.com.br\/v1\/wp-json\/wp\/v2\/posts\/104754\/revisions"}],"predecessor-version":[{"id":104755,"href":"https:\/\/www.r2cpress.com.br\/v1\/wp-json\/wp\/v2\/posts\/104754\/revisions\/104755"}],"wp:attachment":[{"href":"https:\/\/www.r2cpress.com.br\/v1\/wp-json\/wp\/v2\/media?parent=104754"}],"wp:term":[{"taxonomy":"category","embeddable":true,"href":"https:\/\/www.r2cpress.com.br\/v1\/wp-json\/wp\/v2\/categories?post=104754"},{"taxonomy":"post_tag","embeddable":true,"href":"https:\/\/www.r2cpress.com.br\/v1\/wp-json\/wp\/v2\/tags?post=104754"}],"curies":[{"name":"wp","href":"https:\/\/api.w.org\/{rel}","templated":true}]}}