{"id":104759,"date":"2016-11-22T13:12:33","date_gmt":"2016-11-22T16:12:33","guid":{"rendered":"http:\/\/www.r2cpress.com.br\/v1\/?p=104759"},"modified":"2016-11-22T13:12:34","modified_gmt":"2016-11-22T16:12:34","slug":"opus-dei-104","status":"publish","type":"post","link":"https:\/\/www.r2cpress.com.br\/v1\/2016\/11\/22\/opus-dei-104\/","title":{"rendered":"OPUS DEI"},"content":{"rendered":"<table border=\"0\" width=\"100%\" cellspacing=\"0\" cellpadding=\"0\" align=\"center\" bgcolor=\"#ffffff\">\n<tbody>\n<tr>\n<td valign=\"top\" width=\"100%\">\n<table border=\"0\" width=\"92%\" cellspacing=\"0\" cellpadding=\"0\" align=\"center\">\n<tbody>\n<tr>\n<td valign=\"middle\" bgcolor=\"#efede7\" width=\"100%\" height=\"70\">\n<table border=\"0\" width=\"92%\" cellspacing=\"0\" cellpadding=\"0\" align=\"center\" bgcolor=\"#efede7\">\n<tbody>\n<tr>\n<td align=\"left\" valign=\"middle\" bgcolor=\"#efede7\" width=\"60%\"><a href=\"http:\/\/opusdei.us7.list-manage.com\/track\/click?u=1af5d7b530cb590152589eba5&amp;id=bc7611adf9&amp;e=f88f8593e5\" target=\"_blank\" rel=\"noreferrer\"><img src=\"http:\/\/odnmedia.s3.amazonaws.com\/static\/images\/newsletter\/logo.gif\" alt=\"Opus Dei\" border=\"0\" \/><\/a><\/td>\n<td bgcolor=\"#efede7\" width=\"4%\"><\/td>\n<td align=\"right\" valign=\"middle\" bgcolor=\"#efede7\" width=\"36%\"><a href=\"http:\/\/opusdei.us7.list-manage.com\/track\/click?u=1af5d7b530cb590152589eba5&amp;id=1ad151196c&amp;e=f88f8593e5\" target=\"_blank\" rel=\"noreferrer\"><img src=\"http:\/\/odnmedia.s3.amazonaws.com\/static\/images\/newsletter\/facebook.gif\" alt=\"facebook\" border=\"0\" \/><\/a> <a href=\"http:\/\/opusdei.us7.list-manage.com\/track\/click?u=1af5d7b530cb590152589eba5&amp;id=0c5d79fa46&amp;e=f88f8593e5\" target=\"_blank\" rel=\"noreferrer\"><img src=\"http:\/\/odnmedia.s3.amazonaws.com\/static\/images\/newsletter\/twitter.gif\" alt=\"twitter\" border=\"0\" \/><\/a> <a href=\"http:\/\/opusdei.us7.list-manage1.com\/track\/click?u=1af5d7b530cb590152589eba5&amp;id=13c961fe64&amp;e=f88f8593e5\" target=\"_blank\" rel=\"noreferrer\"><img src=\"http:\/\/odnmedia.s3.amazonaws.com\/static\/images\/newsletter\/youtube.gif\" alt=\"youtube\" border=\"0\" \/><\/a> <a href=\"http:\/\/opusdei.us7.list-manage.com\/track\/click?u=1af5d7b530cb590152589eba5&amp;id=f0da7ef8b9&amp;e=f88f8593e5\" target=\"_blank\" rel=\"noreferrer\"><img src=\"http:\/\/odnmedia.s3.amazonaws.com\/static\/images\/newsletter\/flickr.gif\" alt=\"flickr\" border=\"0\" \/><\/a><\/td>\n<\/tr>\n<\/tbody>\n<\/table>\n<\/td>\n<\/tr>\n<tr>\n<td valign=\"top\" width=\"100%\">\n<table border=\"0\" width=\"92%\" cellspacing=\"0\" cellpadding=\"0\" align=\"center\">\n<tbody>\n<tr>\n<td valign=\"top\" width=\"100%\"><i>22 de Novembro de 2016<\/i><\/td>\n<\/tr>\n<tr>\n<td height=\"29\"><\/td>\n<\/tr>\n<tr>\n<td valign=\"top\" width=\"100%\">\n<table border=\"0\" width=\"100%\" cellspacing=\"0\" cellpadding=\"0\">\n<tbody>\n<tr>\n<td align=\"right\" valign=\"top\" width=\"30%\"><a href=\"http:\/\/opusdei.us7.list-manage.com\/track\/click?u=1af5d7b530cb590152589eba5&amp;id=52891f59f6&amp;e=f88f8593e5\" target=\"_blank\" rel=\"noreferrer\"><img loading=\"lazy\" class=\"aligncenter\" src=\"http:\/\/odnmedia.s3.amazonaws.com\/image\/modelo-600x370-(46)_20161121133405889283.png\" alt=\"\" width=\"200\" height=\"123\" border=\"0\" \/><\/a><\/td>\n<td width=\"4%\"><\/td>\n<td valign=\"top\" width=\"66%\">\n<table border=\"0\" width=\"100%\" cellspacing=\"0\" cellpadding=\"0\">\n<tbody>\n<tr>\n<td valign=\"top\"><a href=\"http:\/\/opusdei.us7.list-manage.com\/track\/click?u=1af5d7b530cb590152589eba5&amp;id=15be9c28bf&amp;e=f88f8593e5\" target=\"_blank\" rel=\"noreferrer\"><b>FAVORES<\/b><\/a><\/td>\n<\/tr>\n<tr>\n<td valign=\"top\"><a href=\"http:\/\/opusdei.us7.list-manage.com\/track\/click?u=1af5d7b530cb590152589eba5&amp;id=917eb05491&amp;e=f88f8593e5\" target=\"_blank\" rel=\"noreferrer\"><b>Paquita: um nome espanhol numa fam\u00edlia francesa<\/b><\/a><\/td>\n<\/tr>\n<tr>\n<td valign=\"top\">Estou casada h\u00e1 nove anos. Temos tr\u00eas filhas cheias de sa\u00fade, algo nada excepcional para um casal da nossa idade. Por\u00e9m, no come\u00e7o do nosso casamento, passei por v\u00e1rios abortos espont\u00e2neos, todos nos primeiros meses de gesta\u00e7\u00e3o.<\/td>\n<\/tr>\n<\/tbody>\n<\/table>\n<\/td>\n<\/tr>\n<\/tbody>\n<\/table>\n<\/td>\n<\/tr>\n<tr>\n<td height=\"18\"><\/td>\n<\/tr>\n<tr>\n<td valign=\"top\" width=\"100%\">\n<table border=\"0\" width=\"100%\" cellspacing=\"0\" cellpadding=\"0\">\n<tbody>\n<tr>\n<td align=\"right\" valign=\"top\" width=\"30%\"><a href=\"http:\/\/opusdei.us7.list-manage.com\/track\/click?u=1af5d7b530cb590152589eba5&amp;id=e772a94645&amp;e=f88f8593e5\" target=\"_blank\" rel=\"noreferrer\"><img loading=\"lazy\" class=\"\" src=\"http:\/\/odnmedia.s3.amazonaws.com\/image\/modelo-600x370-(47)_20161121181006319582.png\" alt=\"\" width=\"169\" height=\"104\" border=\"0\" \/><\/a><\/td>\n<td width=\"4%\"><\/td>\n<td valign=\"top\" width=\"66%\">\n<table border=\"0\" width=\"100%\" cellspacing=\"0\" cellpadding=\"0\">\n<tbody>\n<tr>\n<td valign=\"top\"><a href=\"http:\/\/opusdei.us7.list-manage1.com\/track\/click?u=1af5d7b530cb590152589eba5&amp;id=3ac6ccf00a&amp;e=f88f8593e5\" target=\"_blank\" rel=\"noreferrer\"><b>PAPA<\/b><\/a><\/td>\n<\/tr>\n<tr>\n<td valign=\"top\"><a href=\"http:\/\/opusdei.us7.list-manage1.com\/track\/click?u=1af5d7b530cb590152589eba5&amp;id=d8735c3d52&amp;e=f88f8593e5\" target=\"_blank\" rel=\"noreferrer\"><b>Carta Apost\u00f3lica &#8220;Misericordia et misera&#8221;<\/b><\/a><\/td>\n<\/tr>\n<tr>\n<td valign=\"top\">Publicamos o livro eletr\u00f4nico da Carta Apost\u00f3lica do Papa Francisco, que foi escrito no final do Jubileu Extraordin\u00e1rio da Miseric\u00f3rdia. Dispon\u00edvel nos formatos PDF, Mobi e ePub.<\/td>\n<\/tr>\n<\/tbody>\n<\/table>\n<\/td>\n<\/tr>\n<\/tbody>\n<\/table>\n<\/td>\n<\/tr>\n<tr>\n<td height=\"18\"><\/td>\n<\/tr>\n<tr>\n<td valign=\"top\" width=\"100%\">\n<table border=\"0\" width=\"100%\" cellspacing=\"0\" cellpadding=\"0\">\n<tbody>\n<tr>\n<td align=\"right\" valign=\"top\" width=\"30%\"><a href=\"http:\/\/opusdei.us7.list-manage.com\/track\/click?u=1af5d7b530cb590152589eba5&amp;id=42eb9fb6d1&amp;e=f88f8593e5\" target=\"_blank\" rel=\"noreferrer\"><img loading=\"lazy\" class=\"\" src=\"http:\/\/odnmedia.s3.amazonaws.com\/image\/modelo-600x370-(45)_20161118181132694983.png\" alt=\"\" width=\"194\" height=\"119\" border=\"0\" \/><\/a><\/td>\n<td width=\"4%\"><\/td>\n<td valign=\"top\" width=\"66%\">\n<table border=\"0\" width=\"100%\" cellspacing=\"0\" cellpadding=\"0\">\n<tbody>\n<tr>\n<td valign=\"top\"><a href=\"http:\/\/opusdei.us7.list-manage1.com\/track\/click?u=1af5d7b530cb590152589eba5&amp;id=499d460ff9&amp;e=f88f8593e5\" target=\"_blank\" rel=\"noreferrer\"><b>ORA\u00c7\u00d5ES E DEVO\u00c7\u00d5ES<\/b><\/a><\/td>\n<\/tr>\n<tr>\n<td valign=\"top\"><a href=\"http:\/\/opusdei.us7.list-manage.com\/track\/click?u=1af5d7b530cb590152589eba5&amp;id=53d0b15995&amp;e=f88f8593e5\" target=\"_blank\" rel=\"noreferrer\"><b>Novena a S\u00e3o Josemaria para aprender a perdoar<\/b><\/a><\/td>\n<\/tr>\n<tr>\n<td valign=\"top\">Esta novena a S\u00e3o Josemaria, que nos leva a meditar em textos escritos pelo fundador do Opus Dei, \u00e9 para pedir a Deus que nos permita alcan\u00e7ar a gra\u00e7a de saber perdoar.<\/td>\n<\/tr>\n<\/tbody>\n<\/table>\n<\/td>\n<\/tr>\n<\/tbody>\n<\/table>\n<\/td>\n<\/tr>\n<tr>\n<td height=\"18\"><\/td>\n<\/tr>\n<tr>\n<td valign=\"top\" width=\"100%\">\n<table border=\"0\" width=\"100%\" cellspacing=\"0\" cellpadding=\"0\">\n<tbody>\n<tr>\n<td align=\"right\" valign=\"top\" width=\"30%\"><a href=\"http:\/\/opusdei.us7.list-manage1.com\/track\/click?u=1af5d7b530cb590152589eba5&amp;id=763045e2eb&amp;e=f88f8593e5\" target=\"_blank\" rel=\"noreferrer\"><img loading=\"lazy\" class=\"aligncenter\" src=\"http:\/\/odnmedia.s3.amazonaws.com\/image\/modelo-600x370-(43)_20161117190601844492.png\" alt=\"\" width=\"169\" height=\"104\" border=\"0\" \/><\/a><\/td>\n<td width=\"4%\"><\/td>\n<td valign=\"top\" width=\"66%\">\n<table border=\"0\" width=\"100%\" cellspacing=\"0\" cellpadding=\"0\">\n<tbody>\n<tr>\n<td valign=\"top\"><a href=\"http:\/\/opusdei.us7.list-manage1.com\/track\/click?u=1af5d7b530cb590152589eba5&amp;id=b883e61f57&amp;e=f88f8593e5\" target=\"_blank\" rel=\"noreferrer\"><b>ANO LIT\u00daRGICO<\/b><\/a><\/td>\n<\/tr>\n<tr>\n<td valign=\"top\"><a href=\"http:\/\/opusdei.us7.list-manage.com\/track\/click?u=1af5d7b530cb590152589eba5&amp;id=3d94bc6c36&amp;e=f88f8593e5\" target=\"_blank\" rel=\"noreferrer\"><b>As Festas do Senhor durante o Tempo Comum (II)<\/b><\/a><\/td>\n<\/tr>\n<tr>\n<td valign=\"top\">Neste editorial sobre as festas do tempo Comum s\u00e3o comentadas as solenidades do Sagrado Cora\u00e7\u00e3o de Jesus, a Transfigura\u00e7\u00e3o do Senhor, a Exalta\u00e7\u00e3o da Santa Cruz e Cristo Rei.<\/td>\n<\/tr>\n<\/tbody>\n<\/table>\n<\/td>\n<\/tr>\n<\/tbody>\n<\/table>\n<\/td>\n<\/tr>\n<tr>\n<td height=\"18\"><\/td>\n<\/tr>\n<tr>\n<td valign=\"top\" width=\"100%\">\n<table border=\"0\" width=\"100%\" cellspacing=\"0\" cellpadding=\"0\">\n<tbody>\n<tr>\n<td align=\"right\" valign=\"top\" width=\"30%\"><a href=\"http:\/\/opusdei.us7.list-manage1.com\/track\/click?u=1af5d7b530cb590152589eba5&amp;id=3614be63a9&amp;e=f88f8593e5\" target=\"_blank\" rel=\"noreferrer\"><img loading=\"lazy\" class=\"aligncenter\" src=\"http:\/\/odnmedia.s3.amazonaws.com\/image\/puertasantaa_20161115085854542847.jpg\" alt=\"\" width=\"172\" height=\"106\" border=\"0\" \/><\/a><\/td>\n<td width=\"4%\"><\/td>\n<td valign=\"top\" width=\"66%\">\n<table border=\"0\" width=\"100%\" cellspacing=\"0\" cellpadding=\"0\">\n<tbody>\n<tr>\n<td valign=\"top\"><a href=\"http:\/\/opusdei.us7.list-manage.com\/track\/click?u=1af5d7b530cb590152589eba5&amp;id=95c479c83e&amp;e=f88f8593e5\" target=\"_blank\" rel=\"noreferrer\"><b>PRELADO<\/b><\/a><\/td>\n<\/tr>\n<tr>\n<td valign=\"top\"><a href=\"http:\/\/opusdei.us7.list-manage.com\/track\/click?u=1af5d7b530cb590152589eba5&amp;id=e0d535b715&amp;e=f88f8593e5\" target=\"_blank\" rel=\"noreferrer\"><b>Encerramento do ano jubilar da miseric\u00f3rdia em Santa Maria da Paz<\/b><\/a><\/td>\n<\/tr>\n<tr>\n<td valign=\"top\">Desde o 13 de dezembro do ano passado, durante este ano jubilar da miseric\u00f3rdia, houve uma porta santa na igreja prelat\u00edcia de santa Maria da Paz, similar \u00e0s que foram abertas em outras catedrais e santu\u00e1rios.<\/td>\n<\/tr>\n<\/tbody>\n<\/table>\n<\/td>\n<\/tr>\n<\/tbody>\n<\/table>\n<\/td>\n<\/tr>\n<tr>\n<td height=\"18\"><\/td>\n<\/tr>\n<tr>\n<td valign=\"top\" width=\"100%\">\n<table border=\"0\" width=\"100%\" cellspacing=\"0\" cellpadding=\"0\">\n<tbody>\n<tr>\n<td align=\"right\" valign=\"top\" width=\"30%\"><a href=\"http:\/\/opusdei.us7.list-manage.com\/track\/click?u=1af5d7b530cb590152589eba5&amp;id=3379b7d24d&amp;e=f88f8593e5\" target=\"_blank\" rel=\"noreferrer\"><img class=\"aligncenter\" src=\"http:\/\/odnmedia.s3.amazonaws.com\/image\/matrimonio_ortiz-de-landazuri_opusdei_20160127111003860536.jpg\" alt=\"\" width=\"96\" border=\"0\" \/><\/a><\/td>\n<td width=\"4%\"><\/td>\n<td valign=\"top\" width=\"66%\">\n<table border=\"0\" width=\"100%\" cellspacing=\"0\" cellpadding=\"0\">\n<tbody>\n<tr>\n<td valign=\"top\"><a href=\"http:\/\/opusdei.us7.list-manage.com\/track\/click?u=1af5d7b530cb590152589eba5&amp;id=35f24943c8&amp;e=f88f8593e5\" target=\"_blank\" rel=\"noreferrer\"><b>ORA\u00c7\u00c3O<\/b><\/a><\/td>\n<\/tr>\n<tr>\n<td valign=\"top\"><a href=\"http:\/\/opusdei.us7.list-manage.com\/track\/click?u=1af5d7b530cb590152589eba5&amp;id=d83b852755&amp;e=f88f8593e5\" target=\"_blank\" rel=\"noreferrer\"><b>Rezar pedindo a intercess\u00e3o do casal Ortiz de Land\u00e1zuri<\/b><\/a><\/td>\n<\/tr>\n<tr>\n<td valign=\"top\">Ora\u00e7\u00e3o para a devo\u00e7\u00e3o privada.<\/td>\n<\/tr>\n<\/tbody>\n<\/table>\n<\/td>\n<\/tr>\n<\/tbody>\n<\/table>\n<\/td>\n<\/tr>\n<tr>\n<td height=\"18\"><\/td>\n<\/tr>\n<tr>\n<td valign=\"top\" width=\"100%\">\n<table border=\"0\" width=\"100%\" cellspacing=\"0\" cellpadding=\"0\">\n<tbody>\n<tr>\n<td align=\"right\" valign=\"top\" width=\"30%\"><a href=\"http:\/\/opusdei.us7.list-manage.com\/track\/click?u=1af5d7b530cb590152589eba5&amp;id=694781d4d4&amp;e=f88f8593e5\" target=\"_blank\" rel=\"noreferrer\"><img loading=\"lazy\" class=\"aligncenter\" src=\"https:\/\/img.youtube.com\/vi\/LNvA8j2xY1U\/mqdefault.jpg\" alt=\"\" width=\"185\" height=\"104\" border=\"0\" \/><\/a><\/td>\n<td width=\"4%\"><\/td>\n<td valign=\"top\" width=\"66%\">\n<table border=\"0\" width=\"100%\" cellspacing=\"0\" cellpadding=\"0\">\n<tbody>\n<tr>\n<td valign=\"top\"><a href=\"http:\/\/opusdei.us7.list-manage.com\/track\/click?u=1af5d7b530cb590152589eba5&amp;id=20c38e1fd2&amp;e=f88f8593e5\" target=\"_blank\" rel=\"noreferrer\"><b>AUDI\u00caNCIAS<\/b><\/a><\/td>\n<\/tr>\n<tr>\n<td valign=\"top\"><a href=\"http:\/\/opusdei.us7.list-manage.com\/track\/click?u=1af5d7b530cb590152589eba5&amp;id=c9d39a1a7c&amp;e=f88f8593e5\" target=\"_blank\" rel=\"noreferrer\"><b>Papa Francisco explica como ter paci\u00eancia com os defeitos do pr\u00f3ximo<\/b><\/a><\/td>\n<\/tr>\n<tr>\n<td valign=\"top\">O Papa Francisco na Audi\u00eancia Geral desta quarta-feira falou de uma obra de miseric\u00f3rdia que todos conhecem, mas que dificilmente se coloca em pr\u00e1tica: sofrer com paci\u00eancia as fraquezas do pr\u00f3ximo.<\/td>\n<\/tr>\n<\/tbody>\n<\/table>\n<\/td>\n<\/tr>\n<\/tbody>\n<\/table>\n<\/td>\n<\/tr>\n<tr>\n<td height=\"18\"><\/td>\n<\/tr>\n<tr>\n<td valign=\"top\" width=\"100%\">\n<table border=\"0\" width=\"100%\" cellspacing=\"0\" cellpadding=\"0\">\n<tbody>\n<tr>\n<td align=\"right\" valign=\"top\" width=\"30%\"><a href=\"http:\/\/opusdei.us7.list-manage.com\/track\/click?u=1af5d7b530cb590152589eba5&amp;id=8e870528f2&amp;e=f88f8593e5\" target=\"_blank\" rel=\"noreferrer\"><img loading=\"lazy\" class=\"aligncenter\" src=\"http:\/\/odnmedia.s3.amazonaws.com\/image\/6880106746_89043d5258_o_20161101191342145594.jpg\" alt=\"\" width=\"199\" height=\"122\" border=\"0\" \/><\/a><\/td>\n<td width=\"4%\"><\/td>\n<td valign=\"top\" width=\"66%\">\n<table border=\"0\" width=\"100%\" cellspacing=\"0\" cellpadding=\"0\">\n<tbody>\n<tr>\n<td valign=\"top\"><a href=\"http:\/\/opusdei.us7.list-manage1.com\/track\/click?u=1af5d7b530cb590152589eba5&amp;id=3cc44eb0c7&amp;e=f88f8593e5\" target=\"_blank\" rel=\"noreferrer\"><b>FAVORES RECEBIDOS<\/b><\/a><\/td>\n<\/tr>\n<tr>\n<td valign=\"top\"><a href=\"http:\/\/opusdei.us7.list-manage1.com\/track\/click?u=1af5d7b530cb590152589eba5&amp;id=774b58159d&amp;e=f88f8593e5\" target=\"_blank\" rel=\"noreferrer\"><b>Um grande favor de Dora<\/b><\/a><\/td>\n<\/tr>\n<tr>\n<td valign=\"top\">Quem tem pais idosos ou doentes na fam\u00edlia, j\u00e1 viveu a experi\u00eancia de ter profissionais cuidadores que, com o trabalho que prestam, tornam poss\u00edvel que os familiares possam ocupar-se de outras tarefas, o que se agradece deveras.<\/td>\n<\/tr>\n<\/tbody>\n<\/table>\n<\/td>\n<\/tr>\n<\/tbody>\n<\/table>\n<\/td>\n<\/tr>\n<\/tbody>\n<\/table>\n<\/td>\n<\/tr>\n<\/tbody>\n<\/table>\n<\/td>\n<\/tr>\n<\/tbody>\n<\/table>\n","protected":false},"excerpt":{"rendered":"<p>22 de Novembro de 2016 FAVORES Paquita: um nome espanhol numa fam\u00edlia francesa Estou casada h\u00e1 nove anos. Temos tr\u00eas filhas cheias de sa\u00fade, algo nada excepcional para um casal da nossa idade. Por\u00e9m, no come\u00e7o do nosso casamento, passei por v\u00e1rios abortos espont\u00e2neos, todos nos primeiros meses de gesta\u00e7\u00e3o. PAPA Carta Apost\u00f3lica &#8220;Misericordia et [&hellip;]<\/p>\n","protected":false},"author":2,"featured_media":0,"comment_status":"open","ping_status":"open","sticky":false,"template":"","format":"standard","meta":{"_links_to":"","_links_to_target":""},"categories":[28],"tags":[],"_links":{"self":[{"href":"https:\/\/www.r2cpress.com.br\/v1\/wp-json\/wp\/v2\/posts\/104759"}],"collection":[{"href":"https:\/\/www.r2cpress.com.br\/v1\/wp-json\/wp\/v2\/posts"}],"about":[{"href":"https:\/\/www.r2cpress.com.br\/v1\/wp-json\/wp\/v2\/types\/post"}],"author":[{"embeddable":true,"href":"https:\/\/www.r2cpress.com.br\/v1\/wp-json\/wp\/v2\/users\/2"}],"replies":[{"embeddable":true,"href":"https:\/\/www.r2cpress.com.br\/v1\/wp-json\/wp\/v2\/comments?post=104759"}],"version-history":[{"count":1,"href":"https:\/\/www.r2cpress.com.br\/v1\/wp-json\/wp\/v2\/posts\/104759\/revisions"}],"predecessor-version":[{"id":104760,"href":"https:\/\/www.r2cpress.com.br\/v1\/wp-json\/wp\/v2\/posts\/104759\/revisions\/104760"}],"wp:attachment":[{"href":"https:\/\/www.r2cpress.com.br\/v1\/wp-json\/wp\/v2\/media?parent=104759"}],"wp:term":[{"taxonomy":"category","embeddable":true,"href":"https:\/\/www.r2cpress.com.br\/v1\/wp-json\/wp\/v2\/categories?post=104759"},{"taxonomy":"post_tag","embeddable":true,"href":"https:\/\/www.r2cpress.com.br\/v1\/wp-json\/wp\/v2\/tags?post=104759"}],"curies":[{"name":"wp","href":"https:\/\/api.w.org\/{rel}","templated":true}]}}