{"id":104761,"date":"2016-11-22T13:20:44","date_gmt":"2016-11-22T16:20:44","guid":{"rendered":"http:\/\/www.r2cpress.com.br\/v1\/?p=104761"},"modified":"2016-11-22T13:20:44","modified_gmt":"2016-11-22T16:20:44","slug":"bahia-territorio-esportivo-expandira-clima-olimpico-para-cinco-cidades","status":"publish","type":"post","link":"https:\/\/www.r2cpress.com.br\/v1\/2016\/11\/22\/bahia-territorio-esportivo-expandira-clima-olimpico-para-cinco-cidades\/","title":{"rendered":"Bahia Territ\u00f3rio Esportivo expandir\u00e1 clima ol\u00edmpico para cinco cidades"},"content":{"rendered":"<p>O clima ol\u00edmpico vivenciado no Brasil at\u00e9 setembro deste ano, quando se encerraram os Jogos Ol\u00edmpicos e Paral\u00edmpicos Rio 2016, chegar\u00e1 a cinco munic\u00edpios baianos atrav\u00e9s de atividades te\u00f3ricas e pr\u00e1ticas de experimenta\u00e7\u00e3o de oito modalidades esportivas. Isso ser\u00e1 poss\u00edvel gra\u00e7as ao Projeto Bahia Territ\u00f3rio Esportivo, lan\u00e7ado nesta ter\u00e7a-feira (22), na Tribuna de Honra do Est\u00e1dio de Pitua\u00e7u, em Salvador, que prev\u00ea a inclus\u00e3o social atrav\u00e9s do esporte. Al\u00e9m da capital baiana, os munic\u00edpios de Vit\u00f3ria da Conquista, Itabuna, Cama\u00e7ari e Juazeiro ser\u00e3o contemplados.<\/p>\n<div>\n<div id=\"divtagdefaultwrapper\" dir=\"ltr\">\n<div>&#8220;\u00c9 muito importante aproximar as pessoas do esporte. Vamos poder incluir pessoas que assistiram da TV e n\u00e3o tiveram a oportunidade de participar de nenhum evento das Olimp\u00edadas. O esporte educa e proporciona inclus\u00e3o social&#8221;, afirmou o diretor geral da Superintend\u00eancia dos Desportos do Estado (Sudesb), Elias Dourado.<\/div>\n<div><\/div>\n<div>As atividades pr\u00e1ticas de jud\u00f4, luta ol\u00edmpica, atletismo, t\u00eanis de mesa, basquete, handebol, boxe e badminton ser\u00e3o realizadas em vinte escolas de cada munic\u00edpio escolhido e em Arenas Multiesportivas, constru\u00eddas em espa\u00e7os p\u00fablicos nas cidades. A expectativa \u00e9 que o projeto atenda 22 mil pessoas at\u00e9 o dia 23 de dezembro. De acordo com a vice-diretora da Escola Municipal Anfr\u00edsica Santigo, no bairro do Cabula, Roseli Maria da Silva, a aproxima\u00e7\u00e3o de estudantes com esporte \u00e9 uma oportunidade de melhorar a capacidade de aprendizagem em ambiente escolar.<\/div>\n<div><\/div>\n<div>&#8220;O esporte potencializa a capacidade cognitiva, portanto, as atividades esportivas acrescentam bastante para o estudante. Eles ficam mais concentrados e disciplinados e isso \u00e9 fundamental para aprender mais&#8221;, explicou a educadora.<\/div>\n<div><\/div>\n<div>O Projeto Bahia Territ\u00f3rio Esportivo \u00e9 promovido pela Secretaria do Trabalho, Emprego, Renda e Esporte (Setre), por meio da Superintend\u00eancia dos Desportos da Bahia (Sudesb). As atividades nas escolas de Salvador foram iniciadas na \u00faltima segunda-feira (21). J\u00e1 na Arena Multiesportiva, que ficar\u00e1 localizada na pra\u00e7a do Parque Costa Azul, a a\u00e7\u00e3o come\u00e7am na quinta-feira (24).<\/div>\n<div><\/div>\n<div><b>\u00a0<\/b><\/div>\n<div><b>Programa\u00e7\u00e3o:<\/b><\/div>\n<div><\/div>\n<div><b>Salvador:<\/b> de 21\/11 a 26\/11, das 9h \u00e0s 17h.<\/div>\n<div><b>Vit\u00f3ria da Conquista:<\/b> de 27\/11 a 03\/12, das 9h \u00e0s 17h.<\/div>\n<div><b>Itabuna:<\/b> de 04\/12 a 09\/12, das 9h \u00e0s 17h.<\/div>\n<div><b>Cama\u00e7ari:<\/b> de 10\/12 a 16\/12, das 9h \u00e0s 17h.<\/div>\n<div><b>Juazeiro:<\/b> de 17\/12 a 23\/12, das 9h \u00e0s 17h.<\/div>\n<\/div>\n<\/div>\n","protected":false},"excerpt":{"rendered":"<p>O clima ol\u00edmpico vivenciado no Brasil at\u00e9 setembro deste ano, quando se encerraram os Jogos Ol\u00edmpicos e Paral\u00edmpicos Rio 2016, chegar\u00e1 a cinco munic\u00edpios baianos atrav\u00e9s de atividades te\u00f3ricas e pr\u00e1ticas de experimenta\u00e7\u00e3o de oito modalidades esportivas. Isso ser\u00e1 poss\u00edvel gra\u00e7as ao Projeto Bahia Territ\u00f3rio Esportivo, lan\u00e7ado nesta ter\u00e7a-feira (22), na Tribuna de Honra do [&hellip;]<\/p>\n","protected":false},"author":2,"featured_media":0,"comment_status":"open","ping_status":"open","sticky":false,"template":"","format":"standard","meta":{"_links_to":"","_links_to_target":""},"categories":[11,29],"tags":[],"_links":{"self":[{"href":"https:\/\/www.r2cpress.com.br\/v1\/wp-json\/wp\/v2\/posts\/104761"}],"collection":[{"href":"https:\/\/www.r2cpress.com.br\/v1\/wp-json\/wp\/v2\/posts"}],"about":[{"href":"https:\/\/www.r2cpress.com.br\/v1\/wp-json\/wp\/v2\/types\/post"}],"author":[{"embeddable":true,"href":"https:\/\/www.r2cpress.com.br\/v1\/wp-json\/wp\/v2\/users\/2"}],"replies":[{"embeddable":true,"href":"https:\/\/www.r2cpress.com.br\/v1\/wp-json\/wp\/v2\/comments?post=104761"}],"version-history":[{"count":1,"href":"https:\/\/www.r2cpress.com.br\/v1\/wp-json\/wp\/v2\/posts\/104761\/revisions"}],"predecessor-version":[{"id":104762,"href":"https:\/\/www.r2cpress.com.br\/v1\/wp-json\/wp\/v2\/posts\/104761\/revisions\/104762"}],"wp:attachment":[{"href":"https:\/\/www.r2cpress.com.br\/v1\/wp-json\/wp\/v2\/media?parent=104761"}],"wp:term":[{"taxonomy":"category","embeddable":true,"href":"https:\/\/www.r2cpress.com.br\/v1\/wp-json\/wp\/v2\/categories?post=104761"},{"taxonomy":"post_tag","embeddable":true,"href":"https:\/\/www.r2cpress.com.br\/v1\/wp-json\/wp\/v2\/tags?post=104761"}],"curies":[{"name":"wp","href":"https:\/\/api.w.org\/{rel}","templated":true}]}}