{"id":104785,"date":"2016-11-24T13:26:52","date_gmt":"2016-11-24T16:26:52","guid":{"rendered":"http:\/\/www.r2cpress.com.br\/v1\/?p=104785"},"modified":"2016-11-24T13:26:52","modified_gmt":"2016-11-24T16:26:52","slug":"teatro-popular-de-ilheus-no-festival-recife-do-teatro-nacional","status":"publish","type":"post","link":"https:\/\/www.r2cpress.com.br\/v1\/2016\/11\/24\/teatro-popular-de-ilheus-no-festival-recife-do-teatro-nacional\/","title":{"rendered":"TEATRO POPULAR DE ILH\u00c9US NO FESTIVAL RECIFE DO TEATRO NACIONAL"},"content":{"rendered":"<p>O grupo Teatro Popular de Ilh\u00e9us viajou na quarta-feira, 23, rumo a Recife, onde participar\u00e1 da 18\u00aa edi\u00e7\u00e3o do Festival Recife do Teatro Nacional, que traz ao p\u00fablico pernambucano dezessete espet\u00e1culos de companhias de seis estados brasileiros. <\/p>\n<p>\u00danico grupo da Bahia a participar do Festival, o Teatro Popular de Ilh\u00e9us apresentar\u00e1 duas pe\u00e7as: &#8220;Medida Por Medida&#8221; (uma com\u00e9dia baseada na obra de William Shakespeare) e o divertido &#8220;Teodorico Majestade \u2013 As \u00daltimas Horas de Um Prefeito&#8221;, que completa nesta semana 10 anos em cartaz e encerra com chave de ouro o Festival.<\/p>\n<p>As apresenta\u00e7\u00f5es do Teatro Popular de Ilh\u00e9us acontecem no s\u00e1bado (26) e domingo (27), sempre \u00e0s 20h30, no Teatro Luiz Mendon\u00e7a.  <\/p>\n<p>O Teatro Popular de Ilh\u00e9us \u00e9 uma das 15 institui\u00e7\u00f5es apoiadas pelo programa A\u00e7\u00f5es Continuadas a Institui\u00e7\u00f5es Culturais, iniciativa da Secretaria de Cultura do Estado da Bahia (SecultBA) atrav\u00e9s do Fundo de Cultura da Bahia (FCBA).<\/p>\n","protected":false},"excerpt":{"rendered":"<p>O grupo Teatro Popular de Ilh\u00e9us viajou na quarta-feira, 23, rumo a Recife, onde participar\u00e1 da 18\u00aa edi\u00e7\u00e3o do Festival Recife do Teatro Nacional, que traz ao p\u00fablico pernambucano dezessete espet\u00e1culos de companhias de seis estados brasileiros. \u00danico grupo da Bahia a participar do Festival, o Teatro Popular de Ilh\u00e9us apresentar\u00e1 duas pe\u00e7as: &#8220;Medida Por [&hellip;]<\/p>\n","protected":false},"author":2,"featured_media":0,"comment_status":"open","ping_status":"open","sticky":false,"template":"","format":"standard","meta":{"_links_to":"","_links_to_target":""},"categories":[5,10],"tags":[],"_links":{"self":[{"href":"https:\/\/www.r2cpress.com.br\/v1\/wp-json\/wp\/v2\/posts\/104785"}],"collection":[{"href":"https:\/\/www.r2cpress.com.br\/v1\/wp-json\/wp\/v2\/posts"}],"about":[{"href":"https:\/\/www.r2cpress.com.br\/v1\/wp-json\/wp\/v2\/types\/post"}],"author":[{"embeddable":true,"href":"https:\/\/www.r2cpress.com.br\/v1\/wp-json\/wp\/v2\/users\/2"}],"replies":[{"embeddable":true,"href":"https:\/\/www.r2cpress.com.br\/v1\/wp-json\/wp\/v2\/comments?post=104785"}],"version-history":[{"count":1,"href":"https:\/\/www.r2cpress.com.br\/v1\/wp-json\/wp\/v2\/posts\/104785\/revisions"}],"predecessor-version":[{"id":104786,"href":"https:\/\/www.r2cpress.com.br\/v1\/wp-json\/wp\/v2\/posts\/104785\/revisions\/104786"}],"wp:attachment":[{"href":"https:\/\/www.r2cpress.com.br\/v1\/wp-json\/wp\/v2\/media?parent=104785"}],"wp:term":[{"taxonomy":"category","embeddable":true,"href":"https:\/\/www.r2cpress.com.br\/v1\/wp-json\/wp\/v2\/categories?post=104785"},{"taxonomy":"post_tag","embeddable":true,"href":"https:\/\/www.r2cpress.com.br\/v1\/wp-json\/wp\/v2\/tags?post=104785"}],"curies":[{"name":"wp","href":"https:\/\/api.w.org\/{rel}","templated":true}]}}