{"id":104789,"date":"2016-11-24T13:45:32","date_gmt":"2016-11-24T16:45:32","guid":{"rendered":"http:\/\/www.r2cpress.com.br\/v1\/?p=104789"},"modified":"2016-11-24T13:45:32","modified_gmt":"2016-11-24T16:45:32","slug":"plano-estadual-de-comunicacao-social-passa-por-consulta-publica","status":"publish","type":"post","link":"https:\/\/www.r2cpress.com.br\/v1\/2016\/11\/24\/plano-estadual-de-comunicacao-social-passa-por-consulta-publica\/","title":{"rendered":"Plano Estadual de Comunica\u00e7\u00e3o Social passa por consulta p\u00fablica"},"content":{"rendered":"<div>Os baianos poder\u00e3o contribuir com a constru\u00e7\u00e3o do Plano Estadual de Comunica\u00e7\u00e3o Social, uma demanda prevista na constitui\u00e7\u00e3o baiana, trabalhada desde 2015. A minuta do documento estar\u00e1 dispon\u00edvel para a popula\u00e7\u00e3o, no site da Secretaria de Comunica\u00e7\u00e3o do Estado (<a href=\"http:\/\/www.secom.ba.gov.br\/\" target=\"_blank\" rel=\"noreferrer\">http:\/\/www.secom.ba.gov.br\/<\/a>), a partir do dia 6 de dezembro, quando come\u00e7a a consulta p\u00fablica, assim como o formul\u00e1rio para a contribui\u00e7\u00e3o, que poder\u00e1 ser preenchido at\u00e9 6 de fevereiro. As datas para a participa\u00e7\u00e3o popular foram definidas nesta ter\u00e7a-feira (22), durante reuni\u00e3o do Conselho Estadual de Comunica\u00e7\u00e3o do Estado.<\/div>\n<div>\n<div id=\"attachment_104790\" style=\"width: 610px\" class=\"wp-caption aligncenter\"><a href=\"http:\/\/www.r2cpress.com.br\/v1\/wp-content\/uploads\/2016\/11\/by-Alberto-Coutinho-GOVBA.jpg\"><img aria-describedby=\"caption-attachment-104790\" loading=\"lazy\" class=\"size-full wp-image-104790\" src=\"http:\/\/www.r2cpress.com.br\/v1\/wp-content\/uploads\/2016\/11\/by-Alberto-Coutinho-GOVBA.jpg\" alt=\"Reuni\u00e3o Estadual do Conselho de Comunica\u00e7\u00e3o.Foto: Alberto Coutinho\/GOVBA\" width=\"600\" height=\"400\" srcset=\"https:\/\/www.r2cpress.com.br\/v1\/wp-content\/uploads\/2016\/11\/by-Alberto-Coutinho-GOVBA.jpg 600w, https:\/\/www.r2cpress.com.br\/v1\/wp-content\/uploads\/2016\/11\/by-Alberto-Coutinho-GOVBA-300x200.jpg 300w\" sizes=\"(max-width: 600px) 100vw, 600px\" \/><\/a><p id=\"caption-attachment-104790\" class=\"wp-caption-text\">Reuni\u00e3o Estadual do Conselho de Comunica\u00e7\u00e3o.Foto: Alberto Coutinho\/GOVBA<\/p><\/div>\n<\/div>\n<div>S\u00e3o esperadas contribui\u00e7\u00f5es de todos os segmentos sociais, que v\u00e3o ajudar a normatizar e orientar todas as a\u00e7\u00f5es nas diversas frentes da comunica\u00e7\u00e3o. A minuta do documento, que vai ser avaliado e adequado a partir das contribui\u00e7\u00f5es, foi desenvolvida com base nas demandas apresentadas durante a Confer\u00eancia Estadual de Comunica\u00e7\u00e3o, realizada em 2008. Delegados, representantes dos 27 territ\u00f3rios de identidade, participaram do encontro, que motivou a cria\u00e7\u00e3o da Secom e do pr\u00f3prio conselho.<\/div>\n<div><\/div>\n<div><b>Conselho<\/b><\/div>\n<div><\/div>\n<div>&#8220;\u00c9 importante parabenizar o trabalho \u00e1rduo de todos os membros do Conselho que lutam por uma comunica\u00e7\u00e3o cada vez mais transparente e democr\u00e1tica&#8221;, comentou o secret\u00e1rio estadual de Comunica\u00e7\u00e3o, Andr\u00e9 Curvello. O Conselho de Comunica\u00e7\u00e3o Social do Estado foi regulamentado em maio de 2011 e teve o regimento interno aprovado em mar\u00e7o de 2012. A Bahia \u00e9 pioneira na cria\u00e7\u00e3o do \u00f3rg\u00e3o, previsto na Constitui\u00e7\u00e3o Federal de 1988 e tamb\u00e9m nas constitui\u00e7\u00f5es estaduais.<\/div>\n<div><\/div>\n<div>De car\u00e1ter consultivo e deliberativo, o conselho \u00e9 integrado por 27 membros, sendo sete do poder p\u00fablico e 20 da sociedade civil. Entre as fun\u00e7\u00f5es do \u00f3rg\u00e3o est\u00e3o a proposi\u00e7\u00e3o de medidas para o aperfei\u00e7oamento da Pol\u00edtica Estadual de Comunica\u00e7\u00e3o Social, a atua\u00e7\u00e3o em defesa dos direitos da sociedade baiana ligados ao segmento e a articula\u00e7\u00e3o de a\u00e7\u00f5es para que a distribui\u00e7\u00e3o das verbas publicit\u00e1rias do Estado seja baseada em crit\u00e9rios t\u00e9cnicos de audi\u00eancia e garanta a diversidade e pluralidade.<\/div>\n<div><\/div>\n<div>Para o bi\u00eanio 2016\/2018, o conselho \u00e9 formado por representantes do Governo do Estado, das universidades Federal da Bahia (Ufba) e do Estado da Bahia (Uneb), de ag\u00eancias de publicidade e ve\u00edculos de comunica\u00e7\u00e3o, de entidades de classe e de movimentos sociais ligados \u00e0 comunica\u00e7\u00e3o comunit\u00e1ria.<\/div>\n<div><\/div>\n<p>&nbsp;<\/p>\n","protected":false},"excerpt":{"rendered":"<p>Os baianos poder\u00e3o contribuir com a constru\u00e7\u00e3o do Plano Estadual de Comunica\u00e7\u00e3o Social, uma demanda prevista na constitui\u00e7\u00e3o baiana, trabalhada desde 2015. A minuta do documento estar\u00e1 dispon\u00edvel para a popula\u00e7\u00e3o, no site da Secretaria de Comunica\u00e7\u00e3o do Estado (http:\/\/www.secom.ba.gov.br\/), a partir do dia 6 de dezembro, quando come\u00e7a a consulta p\u00fablica, assim como o [&hellip;]<\/p>\n","protected":false},"author":2,"featured_media":0,"comment_status":"open","ping_status":"open","sticky":false,"template":"","format":"standard","meta":{"_links_to":"","_links_to_target":""},"categories":[29],"tags":[],"_links":{"self":[{"href":"https:\/\/www.r2cpress.com.br\/v1\/wp-json\/wp\/v2\/posts\/104789"}],"collection":[{"href":"https:\/\/www.r2cpress.com.br\/v1\/wp-json\/wp\/v2\/posts"}],"about":[{"href":"https:\/\/www.r2cpress.com.br\/v1\/wp-json\/wp\/v2\/types\/post"}],"author":[{"embeddable":true,"href":"https:\/\/www.r2cpress.com.br\/v1\/wp-json\/wp\/v2\/users\/2"}],"replies":[{"embeddable":true,"href":"https:\/\/www.r2cpress.com.br\/v1\/wp-json\/wp\/v2\/comments?post=104789"}],"version-history":[{"count":1,"href":"https:\/\/www.r2cpress.com.br\/v1\/wp-json\/wp\/v2\/posts\/104789\/revisions"}],"predecessor-version":[{"id":104791,"href":"https:\/\/www.r2cpress.com.br\/v1\/wp-json\/wp\/v2\/posts\/104789\/revisions\/104791"}],"wp:attachment":[{"href":"https:\/\/www.r2cpress.com.br\/v1\/wp-json\/wp\/v2\/media?parent=104789"}],"wp:term":[{"taxonomy":"category","embeddable":true,"href":"https:\/\/www.r2cpress.com.br\/v1\/wp-json\/wp\/v2\/categories?post=104789"},{"taxonomy":"post_tag","embeddable":true,"href":"https:\/\/www.r2cpress.com.br\/v1\/wp-json\/wp\/v2\/tags?post=104789"}],"curies":[{"name":"wp","href":"https:\/\/api.w.org\/{rel}","templated":true}]}}